{"id":1070,"date":"2014-03-29T02:29:19","date_gmt":"2014-03-29T02:29:19","guid":{"rendered":"http:\/\/www.grupocondor.org\/\/?p=1070"},"modified":"2015-01-17T02:29:33","modified_gmt":"2015-01-17T02:29:33","slug":"condor-participa-en-las-jornadas-vocal-club-de-seguridad-en-montana-organizadas-por-la-fam","status":"publish","type":"post","link":"https:\/\/www.grupocondor.org\/?p=1070","title":{"rendered":"C\u00f3ndor participa en las Jornadas \u201cVocal Club de Seguridad en Monta\u00f1a\u201d organizadas por la FAM"},"content":{"rendered":"<p>El s\u00e1bado, 29 de marzo se ha iniciado en Mollina el \u201cProyecto de Vocales de Club de Seguridad en Monta\u00f1a\u201d, organizado por el Comit\u00e9 de Seguridad de la Federaci\u00f3n Andaluza de Monta\u00f1ismo, coordinado por Pedro Partal e impartido por I\u00f1igo Ayll\u00f3n.<br \/>\nSe ha iniciado un ambicioso proyecto con la nueva figura de esta vocal\u00eda, creando un grupo de trabajo con el que se dise\u00f1ar\u00e1 la gesti\u00f3n del riesgo para todos los clubes que quieran participar, queriendo llegar a todos los federados.<br \/>\nHa contado con una treintena de participantes de toda Andaluc\u00eda, participando de la provincia de Almer\u00eda tres clubes: Club de Monta\u00f1ismo C\u00f3ndor, Club Deportivo Almeripol y Club Monta\u00f1ero Carbonero .<br \/>\nSeguridad en Monta\u00f1a: Aspectos t\u00e9cnicos y legales\u201d pretende dotar a los Vocales de Seguridad en Monta\u00f1a de conocimientos y herramientas para desarrollar programas activos de fomento de la seguridad en sus clubes.<\/p>\n","protected":false},"excerpt":{"rendered":"<p>El s\u00e1bado, 29 de marzo se ha iniciado en Mollina el \u201cProyecto de Vocales de Club de Seguridad en Monta\u00f1a\u201d, organizado por el Comit\u00e9 de Seguridad de la Federaci\u00f3n Andaluza de Monta\u00f1ismo, coordinado por Pedro Partal e impartido por I\u00f1igo Ayll\u00f3n. Se ha iniciado un ambicioso proyecto con la nueva figura de esta vocal\u00eda, creando [&hellip;]<\/p>\n","protected":false},"author":7743,"featured_media":1072,"comment_status":"open","ping_status":"open","sticky":false,"template":"","format":"standard","meta":{"_et_pb_use_builder":"","_et_pb_old_content":"","_et_gb_content_width":"","footnotes":""},"categories":[8,2],"tags":[],"class_list":["post-1070","post","type-post","status-publish","format-standard","has-post-thumbnail","hentry","category-actividades","category-montanismo","et-has-post-format-content","et_post_format-et-post-format-standard"],"_links":{"self":[{"href":"https:\/\/www.grupocondor.org\/index.php?rest_route=\/wp\/v2\/posts\/1070","targetHints":{"allow":["GET"]}}],"collection":[{"href":"https:\/\/www.grupocondor.org\/index.php?rest_route=\/wp\/v2\/posts"}],"about":[{"href":"https:\/\/www.grupocondor.org\/index.php?rest_route=\/wp\/v2\/types\/post"}],"author":[{"embeddable":true,"href":"https:\/\/www.grupocondor.org\/index.php?rest_route=\/wp\/v2\/users\/7743"}],"replies":[{"embeddable":true,"href":"https:\/\/www.grupocondor.org\/index.php?rest_route=%2Fwp%2Fv2%2Fcomments&post=1070"}],"version-history":[{"count":1,"href":"https:\/\/www.grupocondor.org\/index.php?rest_route=\/wp\/v2\/posts\/1070\/revisions"}],"predecessor-version":[{"id":1073,"href":"https:\/\/www.grupocondor.org\/index.php?rest_route=\/wp\/v2\/posts\/1070\/revisions\/1073"}],"wp:featuredmedia":[{"embeddable":true,"href":"https:\/\/www.grupocondor.org\/index.php?rest_route=\/wp\/v2\/media\/1072"}],"wp:attachment":[{"href":"https:\/\/www.grupocondor.org\/index.php?rest_route=%2Fwp%2Fv2%2Fmedia&parent=1070"}],"wp:term":[{"taxonomy":"category","embeddable":true,"href":"https:\/\/www.grupocondor.org\/index.php?rest_route=%2Fwp%2Fv2%2Fcategories&post=1070"},{"taxonomy":"post_tag","embeddable":true,"href":"https:\/\/www.grupocondor.org\/index.php?rest_route=%2Fwp%2Fv2%2Ftags&post=1070"}],"curies":[{"name":"wp","href":"https:\/\/api.w.org\/{rel}","templated":true}]}}