{"id":1175,"date":"2008-01-01T18:18:00","date_gmt":"2008-01-01T18:18:00","guid":{"rendered":"http:\/\/www.grupocondor.org\/\/?p=1175"},"modified":"2015-01-17T18:20:51","modified_gmt":"2015-01-17T18:20:51","slug":"el-grupo-ecologista-condor-hace-un-balance-muy-positivo-del-curso-20072008","status":"publish","type":"post","link":"https:\/\/www.grupocondor.org\/?p=1175","title":{"rendered":"EL GRUPO ECOLOGISTA C\u00d3NDOR HACE UN BALANCE MUY POSITIVO DEL CURSO 2007\/2008"},"content":{"rendered":"<p>La Asociaci\u00f3n Ecologista C\u00f3ndor ha realizado un balance muy positivo una vez finalizado su curso de educaci\u00f3n ambiental que ha venido desarrollando a lo largo de todo el pasado curso 2007\/8.<br \/>\nLas actividades normales que ven\u00eda realizando esta Asociaci\u00f3n en el campo de la Educaci\u00f3n Ambiental han sido multiplicadas gracias a la colaboraci\u00f3n del Servicio Andaluz de Empleo, de la Consejer\u00eda de Empleo, que ha patrocinado a dos t\u00e9cnicas para el desarrollo de esta actividad.<br \/>\nLa Asociaci\u00f3n Ecologista C\u00f3ndor viene efectuando labores en el campo de la Educaci\u00f3n Ambiental desde hace ya m\u00e1s de treinta a\u00f1os, cuando estos temas eran unos desconocidos hasta para los mismos responsables pol\u00edticos. Y ha sido gracias a estas iniciativas las que han desembocado en una mayor concienciaci\u00f3n y respeto hacia nuestro Medio Ambiente. Aunque la necesidad incluso aumenta, pues aunque tambi\u00e9n aumenta la educaci\u00f3n est\u00e1n aumentado los medios materiales con los que los ciudadanos pueden cometer, cada vez m\u00e1s, mayores destrozos con menos esfuerzo, por lo que se requiere redoblar los esfuerzos en abarcar a toda la poblaci\u00f3n en una mayor educaci\u00f3n y sensibilizaci\u00f3n en la protecci\u00f3n de nuestro medio ambiente, tanto natural como urbano: hecho este que muchos ignoran y que es, precisamente, el que primero y m\u00e1s nos afecta, pues cada vez tenemos m\u00e1s ruidos, contaminaci\u00f3n, basuras y molestias en nuestras ciudades, que es nuestro entorno m\u00e1s inmediato y que m\u00e1s nos influye. Y es en este entorno en el que se han centrado las principales campa\u00f1as educativas que ha desarrollado esta Asociaci\u00f3n en este a\u00f1o pasado.<br \/>\nLas campa\u00f1as principales desarrolladas han sido:<br \/>\n1.- EDUCAMB. Desarrollado en colegios e institutos, es un proyecto que plantea una serie de actividades de Educaci\u00f3n Ambiental complementarias a la for-maci\u00f3n escolar del alumno, que contempla formaci\u00f3n ambiental, c\u00edvica y solidaria, tanto con el medio natural como con el medio urbano. Los principales fines que se persiguen son: concienciar y sensibilizar a los j\u00f3venes almerienses de la necesidad de conservar en buen estado el patrimonio cultural, art\u00edstico y natural de Almer\u00eda; concienciar de los problemas ambientales que sufre Almer\u00eda y el Medio Ambiente en general, con objeto de implicarnos en las posibles soluciones; contribuir a la sensibilizaci\u00f3n de la poblaci\u00f3n en general, fundamentalmente ni\u00f1os y j\u00f3venes vinculados a la escuela; promover el desarrollo de actividades interdisciplinarias de car\u00e1cter docente, ex-tradocente, extraescolar, y no formales en general, vinculadas al tema de la Educaci\u00f3n Ambiental y dar a conocer el entorno Natural de Almer\u00eda.<br \/>\n2.- Programa de Biblioteca y fomento de la lectura. Los objetivos perseguidos por este programa, fueron los siguientes: promover entre la poblaci\u00f3n el valor del servicio voluntario; contribuir a la promoci\u00f3n de la cultura entre los usuarios, a trav\u00e9s de actividades y proyectos orientados en favor del fomento a los libros, su lectura y el impacto de estos sobre la comunidad.<br \/>\n3.- Itinerarios por Espacios Naturales de Almer\u00eda. Los objetivos planteados, fundamentalmente, fueron dar a conocer los distintos Espacios Naturales de la Provincia de Almer\u00eda, incidiendo en las peculiaridades diferenciadoras de cada uno de ellos.<\/p>\n","protected":false},"excerpt":{"rendered":"<p>La Asociaci\u00f3n Ecologista C\u00f3ndor ha realizado un balance muy positivo una vez finalizado su curso de educaci\u00f3n ambiental que ha venido desarrollando a lo largo de todo el pasado curso 2007\/8. Las actividades normales que ven\u00eda realizando esta Asociaci\u00f3n en el campo de la Educaci\u00f3n Ambiental han sido multiplicadas gracias a la colaboraci\u00f3n del Servicio [&hellip;]<\/p>\n","protected":false},"author":7743,"featured_media":1176,"comment_status":"open","ping_status":"open","sticky":false,"template":"","format":"standard","meta":{"_et_pb_use_builder":"","_et_pb_old_content":"","_et_gb_content_width":"","footnotes":""},"categories":[5,15],"tags":[],"class_list":["post-1175","post","type-post","status-publish","format-standard","has-post-thumbnail","hentry","category-ecologia","category-noticias-ecologia","et-has-post-format-content","et_post_format-et-post-format-standard"],"_links":{"self":[{"href":"https:\/\/www.grupocondor.org\/index.php?rest_route=\/wp\/v2\/posts\/1175","targetHints":{"allow":["GET"]}}],"collection":[{"href":"https:\/\/www.grupocondor.org\/index.php?rest_route=\/wp\/v2\/posts"}],"about":[{"href":"https:\/\/www.grupocondor.org\/index.php?rest_route=\/wp\/v2\/types\/post"}],"author":[{"embeddable":true,"href":"https:\/\/www.grupocondor.org\/index.php?rest_route=\/wp\/v2\/users\/7743"}],"replies":[{"embeddable":true,"href":"https:\/\/www.grupocondor.org\/index.php?rest_route=%2Fwp%2Fv2%2Fcomments&post=1175"}],"version-history":[{"count":1,"href":"https:\/\/www.grupocondor.org\/index.php?rest_route=\/wp\/v2\/posts\/1175\/revisions"}],"predecessor-version":[{"id":1177,"href":"https:\/\/www.grupocondor.org\/index.php?rest_route=\/wp\/v2\/posts\/1175\/revisions\/1177"}],"wp:featuredmedia":[{"embeddable":true,"href":"https:\/\/www.grupocondor.org\/index.php?rest_route=\/wp\/v2\/media\/1176"}],"wp:attachment":[{"href":"https:\/\/www.grupocondor.org\/index.php?rest_route=%2Fwp%2Fv2%2Fmedia&parent=1175"}],"wp:term":[{"taxonomy":"category","embeddable":true,"href":"https:\/\/www.grupocondor.org\/index.php?rest_route=%2Fwp%2Fv2%2Fcategories&post=1175"},{"taxonomy":"post_tag","embeddable":true,"href":"https:\/\/www.grupocondor.org\/index.php?rest_route=%2Fwp%2Fv2%2Ftags&post=1175"}],"curies":[{"name":"wp","href":"https:\/\/api.w.org\/{rel}","templated":true}]}}