{"id":1181,"date":"2009-02-17T18:24:52","date_gmt":"2009-02-17T18:24:52","guid":{"rendered":"http:\/\/www.grupocondor.org\/\/?p=1181"},"modified":"2015-01-17T18:26:32","modified_gmt":"2015-01-17T18:26:32","slug":"vecinos-de-la-herreria-y-ecologistas-recelan-de-adif-y-del-ministerio-de-fomento","status":"publish","type":"post","link":"https:\/\/www.grupocondor.org\/?p=1181","title":{"rendered":"VECINOS DE LA HERRERIA Y ECOLOGISTAS RECELAN DE ADIF Y DEL MINISTERIO DE FOMENTO"},"content":{"rendered":"<p>El Grupo Ecologista C\u00f3ndor se ha situado junto a los vecinos de La Herrer\u00eda, pedan\u00eda de Sorbas, que no ven claras las actuaciones de los t\u00e9cnicos de Adif y del Ministerio de Fomento sobre el proyecto de ocupaci\u00f3n de su vega para las obras del AVE.<br \/>\nLos vecinos reconocen que tras su postura de fuerza en el acto de expropiaci\u00f3n en el Ayuntamiento de Sorbas el pasado tres de junio, en donde se negaron a firmar la expropiaci\u00f3n, desde Adif se han mostrado abiertos a negociar y buscar alternativas, pero de las visitas realizadas hasta ahora solo se ven conjeturas y los vecinos creen que Adif est\u00e1 mareando la perdiz y haciendo tiempo.<br \/>\nTanto los vecinos, el Grupo Ecologista C\u00f3ndor y el propio Alcalde de Sorbas se\u00f1alan que no hay una oposici\u00f3n al trazado de la v\u00eda f\u00e9rrea sino solo a la ubicaci\u00f3n de la zona de servicios temporales que vendr\u00eda a ocupar toda la vega de La Herrer\u00eda, y que quedar\u00eda destruida irreversiblemente con estas obras. Todos coinciden en que a poca distancia hay otros lugares alternativos en los que el impacto ambiental ser\u00eda m\u00ednimo. Critican, tambi\u00e9n, la nula sensibilidad ambiental del Ministerio de Fomento que sit\u00faan la ubicaci\u00f3n de esta zona precisamente en un oasis en el desierto, evidenciando la forma c\u00f3moda de trabajar desde un despacho en Madrid con un desconocimiento total de la realidad social, f\u00edsica, econ\u00f3mica y medioambiental de la zona de actuaci\u00f3n, ya que por la tipolog\u00eda del destino de estos terrenos no se incluyeron en el proyecto inicial, en el que solo aparece el trazado de la v\u00eda y al que se le han realizado las oportunas alegaciones en su momento.<br \/>\nHay que se\u00f1alar que estas obras carecen de cualquier estudio de impacto ambiental, como marca la Ley, por lo que a ra\u00edz de estas quejas vecinales y ecologistas el Ministerio de Fomento ha decidido sacar a informaci\u00f3n p\u00fablica ahora lo que no hizo antes, o sea que todav\u00eda no se ha estudiado el impacto ambiental y ya quieren ocupar los terrenos y actuar.<br \/>\nYa que el uso que se pretende dar a estos terrenos es temporal, unos cinco a\u00f1os, pero arrasar\u00eda totalmente la rica vega de La Herrer\u00eda, oasis en este desierto, extingui\u00e9ndose a su vez el cultivo tradicional de hortalizas de temporada que se ha venido haciendo en la zona, con el consiguiente perjuicio econ\u00f3mico para los propietarios afectados. Esta forma de explotaci\u00f3n minifundista se viene realizando desde tiempo inmemorables, siendo muchas generaciones que han transmitido de padres a hijos tanto sus conocimientos sobre este cultivo tradicional de regad\u00edo, con sistemas de riego de \u00e9poca \u00e1rabe, as\u00ed como la propiedad de estas peque\u00f1as porciones de tierra, con lo que al desaparecer, desaparece una forma de vida.<br \/>\nAsimismo hay que destacar que toda esta zona de La Herrer\u00eda se halla dentro del LIC (Lugar de Importancia Comunitaria) Sierra Cabrera- B\u00e9dar, zona declarada protegida por la Red Natura 2000, dentro de la categor\u00eda de Zona de Especial Protecci\u00f3n, por lo que consideramos que se han de fomentar medidas para evitar da\u00f1os sobre el terreno. Es importante destacar que en este LIC se hallan especies protegidas tales como la Tortuga Mora (Testudo Graeca), existiendo gran variedad de vegetaci\u00f3n (pinos pi\u00f1oneros, carrascos, lentiscos, almeces, acebuches, tarajes, etc.).<\/p>\n<p>(Para m\u00e1s informaci\u00f3n: Juan Pedro Gonz\u00e1lez 639 789168)<\/p>\n","protected":false},"excerpt":{"rendered":"<p>El Grupo Ecologista C\u00f3ndor se ha situado junto a los vecinos de La Herrer\u00eda, pedan\u00eda de Sorbas, que no ven claras las actuaciones de los t\u00e9cnicos de Adif y del Ministerio de Fomento sobre el proyecto de ocupaci\u00f3n de su vega para las obras del AVE. Los vecinos reconocen que tras su postura de fuerza [&hellip;]<\/p>\n","protected":false},"author":7743,"featured_media":1182,"comment_status":"open","ping_status":"open","sticky":false,"template":"","format":"standard","meta":{"_et_pb_use_builder":"","_et_pb_old_content":"","_et_gb_content_width":"","footnotes":""},"categories":[16,5],"tags":[],"class_list":["post-1181","post","type-post","status-publish","format-standard","has-post-thumbnail","hentry","category-denuncias-ecologia","category-ecologia","et-has-post-format-content","et_post_format-et-post-format-standard"],"_links":{"self":[{"href":"https:\/\/www.grupocondor.org\/index.php?rest_route=\/wp\/v2\/posts\/1181","targetHints":{"allow":["GET"]}}],"collection":[{"href":"https:\/\/www.grupocondor.org\/index.php?rest_route=\/wp\/v2\/posts"}],"about":[{"href":"https:\/\/www.grupocondor.org\/index.php?rest_route=\/wp\/v2\/types\/post"}],"author":[{"embeddable":true,"href":"https:\/\/www.grupocondor.org\/index.php?rest_route=\/wp\/v2\/users\/7743"}],"replies":[{"embeddable":true,"href":"https:\/\/www.grupocondor.org\/index.php?rest_route=%2Fwp%2Fv2%2Fcomments&post=1181"}],"version-history":[{"count":1,"href":"https:\/\/www.grupocondor.org\/index.php?rest_route=\/wp\/v2\/posts\/1181\/revisions"}],"predecessor-version":[{"id":1183,"href":"https:\/\/www.grupocondor.org\/index.php?rest_route=\/wp\/v2\/posts\/1181\/revisions\/1183"}],"wp:featuredmedia":[{"embeddable":true,"href":"https:\/\/www.grupocondor.org\/index.php?rest_route=\/wp\/v2\/media\/1182"}],"wp:attachment":[{"href":"https:\/\/www.grupocondor.org\/index.php?rest_route=%2Fwp%2Fv2%2Fmedia&parent=1181"}],"wp:term":[{"taxonomy":"category","embeddable":true,"href":"https:\/\/www.grupocondor.org\/index.php?rest_route=%2Fwp%2Fv2%2Fcategories&post=1181"},{"taxonomy":"post_tag","embeddable":true,"href":"https:\/\/www.grupocondor.org\/index.php?rest_route=%2Fwp%2Fv2%2Ftags&post=1181"}],"curies":[{"name":"wp","href":"https:\/\/api.w.org\/{rel}","templated":true}]}}