{"id":1218,"date":"2003-11-03T20:46:16","date_gmt":"2003-11-03T20:46:16","guid":{"rendered":"http:\/\/www.grupocondor.org\/\/?p=1218"},"modified":"2015-01-17T20:48:11","modified_gmt":"2015-01-17T20:48:11","slug":"la-urbanizacion-del-litoral-de-vera-va-a-destruir-buena-parte-de-esta-zona-natural","status":"publish","type":"post","link":"https:\/\/www.grupocondor.org\/?p=1218","title":{"rendered":"LA URBANIZACI\u00d3N DEL LITORAL DE VERA VA A DESTRUIR BUENA PARTE DE ESTA ZONA NATURAL"},"content":{"rendered":"<p>El Grupo Ecologista C\u00d3NDOR se ha pronunciado contra el desarrollismo urban\u00edsti-co que vienen realizando algunos ayuntamientos costeros, como el de Vera, que est\u00e1 favo-reciendo una enorme concentraci\u00f3n urban\u00edstica y destruyendo un entorno natural privile-giado. Es inconcebible, se\u00f1alan los ecologistas, que se est\u00e9n llevando a cabo proyectos como el anunciado, en estos d\u00edas, denominado \u201cSistemas Generales de la Costa de Vera\u201d, promovido por el Ayuntamiento de Vera, de m\u00e1s de treinta mil nuevas viviendas, lo que est\u00e1 llegando a colapsar la capacidad natural de toda esta zona, resultando una masificaci\u00f3n tanto urban\u00edstica como humana que destruye su encanto natural.<\/p>\n<p>Este macroproyecto tur\u00edstico va suponer la ocupaci\u00f3n y destrucci\u00f3n de 650 hect\u00e1-reas de costa. Hecho que, adem\u00e1s, contribuir\u00e1 a la creciente demanda de m\u00e1s agua. Con este nuevo atropello a esta zona natural el Ayuntamiento de Vera, con su alcalde F\u00e9lix L\u00f3pez a la cabeza, vuelven a evidenciar su total desprecio a la protecci\u00f3n de la Naturaleza y a favor del urbanismo desmesurado y de la especulaci\u00f3n que solo beneficia a unos pocos. Todo este proceso urban\u00edstico est\u00e1 destruyendo poco a poco todo el litoral y va a desembo-car, en un futuro no muy lejano, a su total destrucci\u00f3n y desaparici\u00f3n.<\/p>\n<p>Un enorme problema que tiene esta zona del levante almeriense es que est\u00e1 en zona inundable, efecto muy dif\u00edcil de solucionar, salvo que se realicen grandes obras de canali-zaci\u00f3n, lo que vendr\u00eda a ser muy costoso para las arcas p\u00fablicas y una soluci\u00f3n nunca suficiente ni segura. Pues el r\u00edo Antas ya se ha desbordado por esta zona varias veces con consecuencias catastr\u00f3ficas, hechos que, parece ser, ya est\u00e1n olvidados por la Corporaci\u00f3n Municipal, y aunque algunas voces se\u00f1alen que la evacuaci\u00f3n de aguas pluviales se va a resolver con estaciones de bombeo, no deja de sonar a chiste, pero de humor negro.<\/p>\n<p>A todo lo se\u00f1alado hay que a\u00f1adir que de desarrollarse este macroproyecto urban\u00eds-tico supondr\u00eda un enorme crecimiento de la poblaci\u00f3n, a lo que la comarca no esta prepara-da, pues se tendr\u00eda que aumentar la dotaci\u00f3n de hospitales, colegios, centros sociales, carreteras, etc. Todo lo que supondr\u00eda un aumento considerable de inversi\u00f3n de dinero p\u00fablico para respaldar a las inversiones privadas.<\/p>\n<p>Ante semejante destrozo, el Grupo Ecologista C\u00d3NDOR quiere mandar un mensaje de concienciaci\u00f3n y consejo a todos los amantes de la naturaleza y organismos decisorios para que huyan de la demagogia que utiliza el Sr. F\u00e9lix L\u00f3pez para fundamentar la destruc-ci\u00f3n de esta unidad natural, bas\u00e1ndose en un desarrollo econ\u00f3mico y social que solo bene-ficia a unos pocos (constructores y pol\u00edticos que lo favorecen). Pretendiendo, asimismo, hacer recapacitar y realizar una llamada a la conciencia ambiental de los pol\u00edticos y orga-nismos competentes para que con una rotunda negativa paralicen la actividad destructiva que se pretende llevar a cabo en este litoral.<\/p>\n","protected":false},"excerpt":{"rendered":"<p>El Grupo Ecologista C\u00d3NDOR se ha pronunciado contra el desarrollismo urban\u00edsti-co que vienen realizando algunos ayuntamientos costeros, como el de Vera, que est\u00e1 favo-reciendo una enorme concentraci\u00f3n urban\u00edstica y destruyendo un entorno natural privile-giado. Es inconcebible, se\u00f1alan los ecologistas, que se est\u00e9n llevando a cabo proyectos como el anunciado, en estos d\u00edas, denominado \u201cSistemas Generales [&hellip;]<\/p>\n","protected":false},"author":7743,"featured_media":1219,"comment_status":"open","ping_status":"open","sticky":false,"template":"","format":"standard","meta":{"_et_pb_use_builder":"","_et_pb_old_content":"","_et_gb_content_width":"","footnotes":""},"categories":[16,5],"tags":[],"class_list":["post-1218","post","type-post","status-publish","format-standard","has-post-thumbnail","hentry","category-denuncias-ecologia","category-ecologia","et-has-post-format-content","et_post_format-et-post-format-standard"],"_links":{"self":[{"href":"https:\/\/www.grupocondor.org\/index.php?rest_route=\/wp\/v2\/posts\/1218","targetHints":{"allow":["GET"]}}],"collection":[{"href":"https:\/\/www.grupocondor.org\/index.php?rest_route=\/wp\/v2\/posts"}],"about":[{"href":"https:\/\/www.grupocondor.org\/index.php?rest_route=\/wp\/v2\/types\/post"}],"author":[{"embeddable":true,"href":"https:\/\/www.grupocondor.org\/index.php?rest_route=\/wp\/v2\/users\/7743"}],"replies":[{"embeddable":true,"href":"https:\/\/www.grupocondor.org\/index.php?rest_route=%2Fwp%2Fv2%2Fcomments&post=1218"}],"version-history":[{"count":1,"href":"https:\/\/www.grupocondor.org\/index.php?rest_route=\/wp\/v2\/posts\/1218\/revisions"}],"predecessor-version":[{"id":1220,"href":"https:\/\/www.grupocondor.org\/index.php?rest_route=\/wp\/v2\/posts\/1218\/revisions\/1220"}],"wp:featuredmedia":[{"embeddable":true,"href":"https:\/\/www.grupocondor.org\/index.php?rest_route=\/wp\/v2\/media\/1219"}],"wp:attachment":[{"href":"https:\/\/www.grupocondor.org\/index.php?rest_route=%2Fwp%2Fv2%2Fmedia&parent=1218"}],"wp:term":[{"taxonomy":"category","embeddable":true,"href":"https:\/\/www.grupocondor.org\/index.php?rest_route=%2Fwp%2Fv2%2Fcategories&post=1218"},{"taxonomy":"post_tag","embeddable":true,"href":"https:\/\/www.grupocondor.org\/index.php?rest_route=%2Fwp%2Fv2%2Ftags&post=1218"}],"curies":[{"name":"wp","href":"https:\/\/api.w.org\/{rel}","templated":true}]}}