{"id":1255,"date":"2004-10-26T22:46:19","date_gmt":"2004-10-26T22:46:19","guid":{"rendered":"http:\/\/www.grupocondor.org\/\/?p=1255"},"modified":"2015-01-17T22:48:23","modified_gmt":"2015-01-17T22:48:23","slug":"condor-denuncia-destrozos-del-patrimonio-historico-en-bedar","status":"publish","type":"post","link":"https:\/\/www.grupocondor.org\/?p=1255","title":{"rendered":"C\u00d3NDOR DENUNCIA DESTROZOS DEL PATRIMONIO HIST\u00d3RICO EN B\u00c9DAR"},"content":{"rendered":"<p>El Grupo Ecologista C\u00d3NDOR ha denunciado al Ayuntamiento de B\u00e9dar ante la Consejer\u00eda de Cultura por permitir y favorecer la destrucci\u00f3n de bienes culturales en su Municipio a manos de constructores desaprensivos.<br \/>\nEn concreto la denuncia se refiere a la destrucci\u00f3n y al deterioro de parte im-portante de los restos pertenecientes al patrimonio hist\u00f3rico relacionado con la miner\u00eda en los siglos XIX y XX ubicados en el lugar de El Pinar de B\u00e9dar, localidad de B\u00e9dar (Alme-r\u00eda). Dicho lugar aparece inscrito como Bien Catalogado, con fecha de disposici\u00f3n del 7 de Enero de 2.004, en el Cat\u00e1logo General del Patrimonio Hist\u00f3rico Andaluz, de la Consejer\u00eda de Cultura. Esta destrucci\u00f3n viene del desarrollo, en esta zona, de una urbanizaci\u00f3n que adem\u00e1s rompe totalmente con la tipolog\u00eda constructiva de la \u00e9poca minera.<br \/>\nLos restos de las instalaciones mineras existentes en el Pinar de B\u00e9dar (B\u00e9dar, Alme-r\u00eda) datan de finales del siglo XIX y est\u00e1n relacionadas con el importante episodio de la miner\u00eda del plomo en Almer\u00eda, en los que destacan los restos de dos fundiciones de plomo y de unos lavaderos mec\u00e1nicos que pertenecen al antiguo complejo minero ubicado en dicho lugar. Hay que se\u00f1alar que el coto minero de la sierra de B\u00e9dar logr\u00f3 convertirse en uno de los principales de su clase. Dicha instalaci\u00f3n se basaba en una explotaci\u00f3n a cielo abierto, compuesta del lavadero mec\u00e1nico junto con seis m\u00e1quinas de vapor utilizadas para la extracci\u00f3n y el desag\u00fce. Hacia el 1.900, con el inicio de la explotaci\u00f3n de los minerales de hierro se construy\u00f3 el poblado minero. El traslado del mineral se realizaba a trav\u00e9s de una l\u00ednea f\u00e9rrea hasta Garrucha.<br \/>\nDurante la Semana Santa (abril) del presente a\u00f1o 2.004 han sido totalmente derriba-dos los restos de una de estas fundiciones, concretamente de la situada a la entrada del Pinar de B\u00e9dar por la carretera procedente de Los Gallardos y que en su lugar se estaban iniciando los trabajos de cimentaci\u00f3n para construir viviendas sobre los pocos restos que han quedado de esta antigua fundici\u00f3n de plomo. El derribo de estos restos es claramente posterior a la disposici\u00f3n de los mismos como Bien Catalogado por lo que dichas obras son ilegales.<br \/>\nEl Grupo Ecologista C\u00d3NDOR se\u00f1ala, asimismo, el lamentable estado de abandono, con la chimenea a punto de caer, de la fundici\u00f3n de plomo que todav\u00eda resta en dicho lugar, as\u00ed como de los restos de los lavaderos mec\u00e1nicos de plomo de la Compa\u00f1\u00eda de \u00c1guilas que se encuentran justo al lado de las obras sobre lo que antes eran las ruinas de la otra fundici\u00f3n.<br \/>\nCon esta denuncia el Grupo Ecologista C\u00d3NDOR aprovecha la ocasi\u00f3n para hacer una denuncia m\u00e1s amplia mirando a toda la provincia de Almer\u00eda pues no es el \u00fanico caso de destrucci\u00f3n del patrimonio hist\u00f3rico arrasado por el desarrollismo urban\u00edstico favorecido por las autoridades municipales locales que sucumben f\u00e1cil-mente a las presiones de los grupos econ\u00f3micos.<\/p>\n<p><strong>Documentos Adjuntos:<\/strong><\/p>\n<p><a href=\"http:\/\/www.grupocondor.org\/\/wp-content\/uploads\/2015\/01\/DESTRUCCION-POBLADO-MINERO-BEDAR.-12.08.04..doc\">DESTRUCCION POBLADO MINERO BEDAR. 12.08.04.<\/a><\/p>\n","protected":false},"excerpt":{"rendered":"<p>El Grupo Ecologista C\u00d3NDOR ha denunciado al Ayuntamiento de B\u00e9dar ante la Consejer\u00eda de Cultura por permitir y favorecer la destrucci\u00f3n de bienes culturales en su Municipio a manos de constructores desaprensivos. En concreto la denuncia se refiere a la destrucci\u00f3n y al deterioro de parte im-portante de los restos pertenecientes al patrimonio hist\u00f3rico relacionado [&hellip;]<\/p>\n","protected":false},"author":7743,"featured_media":1257,"comment_status":"open","ping_status":"open","sticky":false,"template":"","format":"standard","meta":{"_et_pb_use_builder":"","_et_pb_old_content":"","_et_gb_content_width":"","footnotes":""},"categories":[16,5],"tags":[],"class_list":["post-1255","post","type-post","status-publish","format-standard","has-post-thumbnail","hentry","category-denuncias-ecologia","category-ecologia","et-has-post-format-content","et_post_format-et-post-format-standard"],"_links":{"self":[{"href":"https:\/\/www.grupocondor.org\/index.php?rest_route=\/wp\/v2\/posts\/1255","targetHints":{"allow":["GET"]}}],"collection":[{"href":"https:\/\/www.grupocondor.org\/index.php?rest_route=\/wp\/v2\/posts"}],"about":[{"href":"https:\/\/www.grupocondor.org\/index.php?rest_route=\/wp\/v2\/types\/post"}],"author":[{"embeddable":true,"href":"https:\/\/www.grupocondor.org\/index.php?rest_route=\/wp\/v2\/users\/7743"}],"replies":[{"embeddable":true,"href":"https:\/\/www.grupocondor.org\/index.php?rest_route=%2Fwp%2Fv2%2Fcomments&post=1255"}],"version-history":[{"count":1,"href":"https:\/\/www.grupocondor.org\/index.php?rest_route=\/wp\/v2\/posts\/1255\/revisions"}],"predecessor-version":[{"id":1258,"href":"https:\/\/www.grupocondor.org\/index.php?rest_route=\/wp\/v2\/posts\/1255\/revisions\/1258"}],"wp:featuredmedia":[{"embeddable":true,"href":"https:\/\/www.grupocondor.org\/index.php?rest_route=\/wp\/v2\/media\/1257"}],"wp:attachment":[{"href":"https:\/\/www.grupocondor.org\/index.php?rest_route=%2Fwp%2Fv2%2Fmedia&parent=1255"}],"wp:term":[{"taxonomy":"category","embeddable":true,"href":"https:\/\/www.grupocondor.org\/index.php?rest_route=%2Fwp%2Fv2%2Fcategories&post=1255"},{"taxonomy":"post_tag","embeddable":true,"href":"https:\/\/www.grupocondor.org\/index.php?rest_route=%2Fwp%2Fv2%2Ftags&post=1255"}],"curies":[{"name":"wp","href":"https:\/\/api.w.org\/{rel}","templated":true}]}}