{"id":1268,"date":"2005-03-17T22:57:20","date_gmt":"2005-03-17T22:57:20","guid":{"rendered":"http:\/\/www.grupocondor.org\/\/?p=1268"},"modified":"2015-01-17T22:58:37","modified_gmt":"2015-01-17T22:58:37","slug":"los-temores-ecologistas-sobre-la-desaladora-de-villaricos-se-estan-cumpliendo","status":"publish","type":"post","link":"https:\/\/www.grupocondor.org\/?p=1268","title":{"rendered":"LOS TEMORES ECOLOGISTAS SOBRE LA DESALADORA DE VILLARICOS SE EST\u00c1N CUMPLIENDO"},"content":{"rendered":"<p>El Grupo Ecologista C\u00d3NDOR vuelve a llamar la atenci\u00f3n sobre los efectos nocivos de las plantas desaladoras-t\u00e9rmicas, a la vista de la contaminaci\u00f3n que est\u00e1 produciendo la de Covisa-Deretil en Villaricos, seg\u00fan la informaci\u00f3n de la propia Administraci\u00f3n.<\/p>\n<p>La planta de cogeneraci\u00f3n de Villaricos es realmente una central t\u00e9rmica que adem\u00e1s de desalar agua produce electricidad, siendo esta actividad realmente la m\u00e1s importante, hablando en t\u00e9rminos econ\u00f3micos, para la Empresa, aunque de cara a la sociedad, que la sufre, se la ha hecho ver como desaladora, aprove-chando la escasez de agua en esta zona.<\/p>\n<p>Las altas concentraciones de di\u00f3xido de azufre que emite esta planta est\u00e1n contaminando toda esta zona almeriense que hasta ahora hab\u00eda tenido los cielos limpios y que puede dar al traste con el futuro prometedor que se le abre a la comarca con la agricultura y el turismo.<\/p>\n<p>Estos niveles de contaminaci\u00f3n, realmente muy altos, llegan a sobrepasar los l\u00edmites establecidos por las directivas europeas, pero resulta que esas directivas no son de aplicaci\u00f3n en nuestro Pa\u00eds, cuya normativa permite valores mucho m\u00e1s altos. Valores que realmente cumple la Empresa, pero que desde el Grupo Ecologista C\u00d3NDOR se consideran no ajustados a la realidad medioambiental, ya que es evidente y constatado su efecto negativo, y no solo sobre el medio f\u00edsico, sino sobre las personas, que es lo m\u00e1s importante.<\/p>\n<p>Aunque a esta Comarca se le van a poner las cosas m\u00e1s negras, todav\u00eda, si se realiza la ampliaci\u00f3n proyectada de la central t\u00e9rmica de Carboneras, que llegar\u00eda a representar unas diez veces a esta de Villaricos. Por lo que estamos hablando de un volumen de contaminaci\u00f3n muy elevado que se repartir\u00eda por toda la Comarca.<\/p>\n<p>Las emisiones de CO2, procedentes de la quema de combustibles f\u00f3siles (el combustible empleado es carb\u00f3n, principalmente, y gas\u00f3leo), son responsables del efecto invernadero que motiva el calentamiento global del planeta. \u00c9ste puede ser el motivo del cambio clim\u00e1tico, sin precedentes, que se viene observando en las \u00faltimas d\u00e9cadas y que apunta hacia per\u00edodos de sequ\u00eda cada vez m\u00e1s prolongados.<\/p>\n<p>Adem\u00e1s de las emisiones de CO2, de estas centrales, no hay que olvidar el resto de gases t\u00f3xicos co-mo \u00f3xidos de nitr\u00f3geno, o el di\u00f3xido de azufre, anteriormente mencionado, que es el responsable de la lluvia \u00e1cida, que provoca la ca\u00edda de las hojas de los \u00e1rboles al depositarse sobre ellos, y no podemos olvidar las afecciones broncopulmonares sobre humanos, que hoy ya no es un riesgo sino una realidad evidente en las localidades pr\u00f3ximas a esta central t\u00e9rmica, que desde que est\u00e1 funcionando ha aumentado alarmantemente su n\u00famero por esta zona.<\/p>\n<p>No hay razones energ\u00e9ticas para realizar dicha ampliaci\u00f3n ya que en Espa\u00f1a existe un exceso de ca-pacidad de generaci\u00f3n de energ\u00eda el\u00e9ctrica. Adem\u00e1s hay un elevado grado de derroche energ\u00e9tico, que podr\u00eda evitarse con actuaciones en el campo de la gesti\u00f3n de la demanda.<\/p>\n<p>Adem\u00e1s, desde el punto de vista social, la creaci\u00f3n de puestos de trabajo prevista con la amplia-ci\u00f3n de la t\u00e9rmica es muy inferior de la que se originar\u00eda si Endesa se propusiese producir esa misma electricidad a partir de la energ\u00eda solar t\u00e9rmica o mediante la energ\u00eda e\u00f3lica.<\/p>\n","protected":false},"excerpt":{"rendered":"<p>El Grupo Ecologista C\u00d3NDOR vuelve a llamar la atenci\u00f3n sobre los efectos nocivos de las plantas desaladoras-t\u00e9rmicas, a la vista de la contaminaci\u00f3n que est\u00e1 produciendo la de Covisa-Deretil en Villaricos, seg\u00fan la informaci\u00f3n de la propia Administraci\u00f3n. La planta de cogeneraci\u00f3n de Villaricos es realmente una central t\u00e9rmica que adem\u00e1s de desalar agua produce [&hellip;]<\/p>\n","protected":false},"author":7743,"featured_media":1269,"comment_status":"open","ping_status":"open","sticky":false,"template":"","format":"standard","meta":{"_et_pb_use_builder":"","_et_pb_old_content":"","_et_gb_content_width":"","footnotes":""},"categories":[16,5],"tags":[],"class_list":["post-1268","post","type-post","status-publish","format-standard","has-post-thumbnail","hentry","category-denuncias-ecologia","category-ecologia","et-has-post-format-content","et_post_format-et-post-format-standard"],"_links":{"self":[{"href":"https:\/\/www.grupocondor.org\/index.php?rest_route=\/wp\/v2\/posts\/1268","targetHints":{"allow":["GET"]}}],"collection":[{"href":"https:\/\/www.grupocondor.org\/index.php?rest_route=\/wp\/v2\/posts"}],"about":[{"href":"https:\/\/www.grupocondor.org\/index.php?rest_route=\/wp\/v2\/types\/post"}],"author":[{"embeddable":true,"href":"https:\/\/www.grupocondor.org\/index.php?rest_route=\/wp\/v2\/users\/7743"}],"replies":[{"embeddable":true,"href":"https:\/\/www.grupocondor.org\/index.php?rest_route=%2Fwp%2Fv2%2Fcomments&post=1268"}],"version-history":[{"count":1,"href":"https:\/\/www.grupocondor.org\/index.php?rest_route=\/wp\/v2\/posts\/1268\/revisions"}],"predecessor-version":[{"id":1270,"href":"https:\/\/www.grupocondor.org\/index.php?rest_route=\/wp\/v2\/posts\/1268\/revisions\/1270"}],"wp:featuredmedia":[{"embeddable":true,"href":"https:\/\/www.grupocondor.org\/index.php?rest_route=\/wp\/v2\/media\/1269"}],"wp:attachment":[{"href":"https:\/\/www.grupocondor.org\/index.php?rest_route=%2Fwp%2Fv2%2Fmedia&parent=1268"}],"wp:term":[{"taxonomy":"category","embeddable":true,"href":"https:\/\/www.grupocondor.org\/index.php?rest_route=%2Fwp%2Fv2%2Fcategories&post=1268"},{"taxonomy":"post_tag","embeddable":true,"href":"https:\/\/www.grupocondor.org\/index.php?rest_route=%2Fwp%2Fv2%2Ftags&post=1268"}],"curies":[{"name":"wp","href":"https:\/\/api.w.org\/{rel}","templated":true}]}}