{"id":1364,"date":"2011-04-01T17:58:53","date_gmt":"2011-04-01T17:58:53","guid":{"rendered":"http:\/\/www.grupocondor.org\/\/?p=1364"},"modified":"2015-01-19T18:00:55","modified_gmt":"2015-01-19T18:00:55","slug":"balance-positivo-curso-academico-pasado-201213","status":"publish","type":"post","link":"https:\/\/www.grupocondor.org\/?p=1364","title":{"rendered":"BALANCE POSITIVO CURSO ACADEMICO PASADO 2012\/13"},"content":{"rendered":"<p>EL GRUPO ECOLOGISTA C\u00d3NDOR HACE UN BALANCE MUY POSITIVO DEL CURSO PASADO<\/p>\n<p>La Asociaci\u00f3n Ecologista C\u00f3ndor ha realizado un balance muy positivo una vez finalizado su curso de educaci\u00f3n ambiental que ha venido desarrollando en esta campa\u00f1a.<br \/>\nLa Asociaci\u00f3n Ecologista C\u00f3ndor viene efectuando labores en el campo de la Educaci\u00f3n Ambiental desde hace ya m\u00e1s de treinta a\u00f1os, cuando estos temas eran unos desconocidos hasta para los mismos responsables pol\u00edticos. Y ha sido gracias a estas iniciativas las que han desembocado en una mayor concienciaci\u00f3n y respeto hacia nuestro Medio Ambiente. Aunque la necesidad incluso aumenta, pues aunque tambi\u00e9n aumenta la educaci\u00f3n est\u00e1n aumentado los medios materiales con los que los ciudadanos pueden cometer, cada vez m\u00e1s, mayores destrozos con menos esfuerzo, por lo que se requiere redoblar los esfuerzos en abarcar a toda la poblaci\u00f3n en una mayor educaci\u00f3n y sensibilizaci\u00f3n en la protecci\u00f3n de nuestro medio ambiente, tanto natural como urbano: hecho este que muchos ignoran y que es, precisamente, el que primero y m\u00e1s nos afecta, pues cada vez tenemos m\u00e1s ruidos, contaminaci\u00f3n, basuras y molestias en nuestras ciudades, que es nuestro entorno m\u00e1s inmediato y que m\u00e1s nos influye. Y es en este entorno en el que se han centrado las principales campa\u00f1as educativas que ha desarrollado esta Asociaci\u00f3n en este curso pasado.<br \/>\nLas campa\u00f1as principales desarrolladas han sido:<br \/>\n1.- EDUCAMB. Desarrollado en colegios e institutos, es un proyecto que plantea una serie de actividades de Educaci\u00f3n Ambiental complementarias a la formaci\u00f3n escolar del alumno, que contempla formaci\u00f3n ambiental, c\u00edvica y solidaria, tanto con el medio natural como con el medio urbano. Los principales fines que se persiguen son: concienciar y sensibilizar a los j\u00f3venes almerienses de la necesidad de conservar en buen estado el patrimonio cultural, art\u00edstico y natural de Almer\u00eda; concienciar de los problemas ambientales que sufre Almer\u00eda y el Medio Ambiente en general, con objeto de implicarnos en las posibles soluciones; contribuir a la sensibilizaci\u00f3n de la poblaci\u00f3n en general, fundamentalmente ni\u00f1os y j\u00f3venes vinculados a la escuela; promover el desarrollo de actividades interdisciplinarias de car\u00e1cter docente, extradocente, extraescolar, y no formales en general, vinculadas al tema de la Educaci\u00f3n Ambiental y dar a conocer el entorno Natural de Almer\u00eda.<br \/>\n2.- Itinerarios por Espacios Naturales de Almer\u00eda. Los objetivos planteados, fundamentalmente, fueron dar a conocer los distintos Espacios Naturales de la Provincia de Almer\u00eda, incidiendo en las peculiaridades diferenciadoras de cada uno de ellos.<br \/>\n3.- Campa\u00f1a VIVE Y DEJA VIVIR\u2026SIN RUIDOS. Campa\u00f1a para la reducci\u00f3n del ruido en la ciudad. Ya que hay que tener en cuenta que el ruido es una de las principales causas de preocupaci\u00f3n entre la poblaci\u00f3n de las ciudades, ya que incide en el nivel de calidad de vida y adem\u00e1s provoca efectos nocivos sobre la salud y el comportamiento de las personas. Hay que tener en cuenta que el incremento de los niveles de ruido ha crecido de forma desproporcionada en las \u00faltimas d\u00e9cadas.<br \/>\nEntre otras cosas, se ha editado el folleto \u201c18 CONSEJOS PARA VIVR SIN RUIDO\u201d que contempla los diferentes ruidos molestos que nos podemos encontrar en la ciudad as\u00ed como consejos para la reducci\u00f3n del ruido en distintos \u00e1mbitos de la vida cotidiana, haciendo especial hincapi\u00e9 en los ruidos de tr\u00e1fico. Se realiz\u00f3 fundamentalmente en institutos y colegios de la capital almeriense. En las charlas se daba cuenta de los perjuicios que causa el exceso prolongado de ruido y como evitar esos perjuicios.<br \/>\n4.- CURSO DE FORMACI\u00d3N DE VOLUNTARIADO AMBIENTAL. Los objetivos que se persiguieron en esta actividad fueron los siguientes: Adquirir y desarrollar el sentido de la responsabilidad con respecto al Medio Ambiente y el desarrollo Sostenible, promoviendo entre la poblaci\u00f3n el valor del servicio voluntario. Fomento del Voluntariado para la defensa y promoci\u00f3n del medio ambiente. Establecer las bases para la concienciaci\u00f3n de la poblaci\u00f3n para el cuidado del medio ambiente. Procurar la mejora de la calidad del medio ambiente, mediante la formaci\u00f3n de voluntarios especialistas que act\u00faen de mediadores en otros grupos. Colaborar en la conservaci\u00f3n del medio natural con el trabajo de personas formadas en este campo. Hacer participar a la comunidad en acciones y proyectos que respondan a las necesidades y problemas de los Espacios Naturales Protegidos de la Regi\u00f3n. Sensibilizar al p\u00fablico respecto a los problemas ambientales y las necesidades de las comunidades, y sobre el papel que la ayuda voluntaria puede jugar en la b\u00fasqueda y aportaci\u00f3n de soluciones.<br \/>\nLas actividades normales que ven\u00eda realizando esta Asociaci\u00f3n en el campo de la Educaci\u00f3n Ambiental han sido multiplicadas gracias a la colaboraci\u00f3n del Servicio Andaluz de Empleo, de la Consejer\u00eda de Empleo, que ha patrocinado a una t\u00e9cnicas para el desarrollo de esta actividad.<\/p>\n","protected":false},"excerpt":{"rendered":"<p>EL GRUPO ECOLOGISTA C\u00d3NDOR HACE UN BALANCE MUY POSITIVO DEL CURSO PASADO La Asociaci\u00f3n Ecologista C\u00f3ndor ha realizado un balance muy positivo una vez finalizado su curso de educaci\u00f3n ambiental que ha venido desarrollando en esta campa\u00f1a. La Asociaci\u00f3n Ecologista C\u00f3ndor viene efectuando labores en el campo de la Educaci\u00f3n Ambiental desde hace ya m\u00e1s [&hellip;]<\/p>\n","protected":false},"author":7743,"featured_media":1365,"comment_status":"open","ping_status":"open","sticky":false,"template":"","format":"standard","meta":{"_et_pb_use_builder":"","_et_pb_old_content":"","_et_gb_content_width":"","footnotes":""},"categories":[14,5,15],"tags":[],"class_list":["post-1364","post","type-post","status-publish","format-standard","has-post-thumbnail","hentry","category-actividades-ecologia","category-ecologia","category-noticias-ecologia","et-has-post-format-content","et_post_format-et-post-format-standard"],"_links":{"self":[{"href":"https:\/\/www.grupocondor.org\/index.php?rest_route=\/wp\/v2\/posts\/1364","targetHints":{"allow":["GET"]}}],"collection":[{"href":"https:\/\/www.grupocondor.org\/index.php?rest_route=\/wp\/v2\/posts"}],"about":[{"href":"https:\/\/www.grupocondor.org\/index.php?rest_route=\/wp\/v2\/types\/post"}],"author":[{"embeddable":true,"href":"https:\/\/www.grupocondor.org\/index.php?rest_route=\/wp\/v2\/users\/7743"}],"replies":[{"embeddable":true,"href":"https:\/\/www.grupocondor.org\/index.php?rest_route=%2Fwp%2Fv2%2Fcomments&post=1364"}],"version-history":[{"count":1,"href":"https:\/\/www.grupocondor.org\/index.php?rest_route=\/wp\/v2\/posts\/1364\/revisions"}],"predecessor-version":[{"id":1366,"href":"https:\/\/www.grupocondor.org\/index.php?rest_route=\/wp\/v2\/posts\/1364\/revisions\/1366"}],"wp:featuredmedia":[{"embeddable":true,"href":"https:\/\/www.grupocondor.org\/index.php?rest_route=\/wp\/v2\/media\/1365"}],"wp:attachment":[{"href":"https:\/\/www.grupocondor.org\/index.php?rest_route=%2Fwp%2Fv2%2Fmedia&parent=1364"}],"wp:term":[{"taxonomy":"category","embeddable":true,"href":"https:\/\/www.grupocondor.org\/index.php?rest_route=%2Fwp%2Fv2%2Fcategories&post=1364"},{"taxonomy":"post_tag","embeddable":true,"href":"https:\/\/www.grupocondor.org\/index.php?rest_route=%2Fwp%2Fv2%2Ftags&post=1364"}],"curies":[{"name":"wp","href":"https:\/\/api.w.org\/{rel}","templated":true}]}}