{"id":1373,"date":"2013-04-07T18:05:03","date_gmt":"2013-04-07T18:05:03","guid":{"rendered":"http:\/\/www.grupocondor.org\/\/?p=1373"},"modified":"2015-01-19T18:06:37","modified_gmt":"2015-01-19T18:06:37","slug":"no-mas-canteras-en-el-karst-en-yesos-de-sorbas","status":"publish","type":"post","link":"https:\/\/www.grupocondor.org\/?p=1373","title":{"rendered":"\u00a1NO MAS CANTERAS EN EL KARST EN YESOS DE SORBAS!"},"content":{"rendered":"<p>Varios grupos ecologistas almerienses alegan contra la pr\u00f3rroga de concesi\u00f3n minera \u201cHornos Ib\u00e9ricos Tres\u201d, en el karst en yesos de Sorbas, presentado por la empresa ALMERIA GYPSUM, filial de la multinacional belga ETEX, ya que denuncian que esta explotaci\u00f3n minera producir\u00eda enormes da\u00f1os a un espacio protegido y de gran valor medioambiental de reconocimiento internacional como es el Karst en Yesos de Sorbas.<br \/>\nLos grupos ecologistas firmantes son la Coordinadora Ecologista Almeriense, el Grupo Ecologista C\u00f3ndor y el Grupo Ecologista Rakis, que han manifestado p\u00fablicamente su desconfianza en el comportamiento de la Delegaci\u00f3n Territorial de Agricultura, Pesca y Medio Ambiente, que desde hace tres a\u00f1os no cuenta con las organizaciones ecologistas y lleva una pol\u00edtica de secretismo, y ausencia en la participaci\u00f3n social, por lo que est\u00e1n alarmados con lo que pueda pasar en el futuro en esa zona, con este proyecto. Por esa raz\u00f3n, se consideran con la obligaci\u00f3n moral de dirigirse tambi\u00e9n a los ciudadanos a trav\u00e9s de los medios de comunicaci\u00f3n.<br \/>\nLa Coordinadora Ecologista Almeriense, el Grupo Ecologista C\u00f3ndor y el Grupo Ecologista Rakis, exponen 7 razones totalmente objetivas para no autorizar esta cantera:<br \/>\n1.- Por encontrarse dentro de un LIC (Lugar de Importancia Comunitaria) protegido por Europa, la Sierra de Cabrera \u2013 B\u00e9dar, formando asimismo parte de la Red Europea Natura 2000, ya que tiene una gran \u201cfragilidad frente a las acciones humanas de la flora y vegetaci\u00f3n instalada sobre yesos y roca volc\u00e1nica\u201d, eso quiere decir que: Medio Ambiente tiene la obligaci\u00f3n de adoptar las oportunas medidas de conservaci\u00f3n para mantener y restaurar a un estado favorable de conservaci\u00f3n los h\u00e1bitats y las especies que hayan motivado la designaci\u00f3n de las zonas protegidas; y que Medio Ambiente tiene la obligaci\u00f3n de evitar actividades perjudiciales que puedan perturbar o deteriorar los tipos de h\u00e1bitat natural o los h\u00e1bitats de las especies protegidas.<br \/>\n2.- Porque la pol\u00edtica ambiental europea no permite hacer destrozos en lugares protegidos, la Red Natura 2000 es el elemento central de la pol\u00edtica de la Uni\u00f3n Europea en materia de naturaleza y biodiversidad y como el objetivo de esta red es la supervivencia a largo plazo de las especies, h\u00e1bitats y ecosistemas m\u00e1s valiosos y amenazados de Europa, es necesario garantizar que las actuaciones que se desarrollan en su interior no causan perjuicio a la integridad de los lugares Natura 2000. Y en este caso, al causar perjuicios esta explotaci\u00f3n de yeso no se puede autorizar su explotaci\u00f3n dentro del LIC.<br \/>\n3.- Por estar situada, esta cantera, en el lugar con m\u00e1s riqueza flor\u00edstica de toda Europa, tras Sierra Nevada. El espacio que pretende destruir la multinacional ETEX est\u00e1 considerado textualmente por las autoridades de Medio Ambiente de la forma siguiente: \u201cDesde el punto de vista flor\u00edstico su importancia radica en ser una de las zonas de mayor diversidad (el cat\u00e1logo flor\u00edstico est\u00e1 por encima de las 1.000 especies) de la Pen\u00ednsula Ib\u00e9rica tras el macizo de Sierra Nevada y, por tanto, de la Europa continental. Esta gran diversidad se debe a que en este lugar afloran materiales geol\u00f3gicos muy diferentes: rocas volc\u00e1nicas, yesos, calizas y esquistos, diversidad geol\u00f3gica que contribuye a que se originen formaciones vegetales de elevado inter\u00e9s por su car\u00e1cter, en muchos casos, end\u00e9mico o de \u00e1rea muy reducido. Dentro de las m\u00e1s de 1.000 especies de flora afectadas se encuentran numerosas especies en peligro de extinci\u00f3n y que est\u00e1n dentro de las listas de protecci\u00f3n. De otra parte hay que se\u00f1alar la fragilidad frente a las acciones humanas de la flora y vegetaci\u00f3n instalada sobre yesos y roca volc\u00e1nica. Desde el punto de vista faun\u00edstico destaca la presencia de tortuga mora (Testudo graeca) con poblaciones originales. A su vez la presencia de aves estep\u00e1ricas le confiere un inter\u00e9s a nivel nacional, dada la escasez de h\u00e1bitats similares en la pen\u00ednsula. Por otro lado, el elevado n\u00famero de acantilados favorece el asentamiento como nidificantes de rapaces como el \u00e1guila real, \u00e1guila perdicera y halc\u00f3n peregrino. Destacar, por \u00faltimo, la presencia de algunos mam\u00edferos terrestres como el erizo moruno y la comadreja, representada por la subespecie end\u00e9mica del sureste ib\u00e9rico (Mustela nivalis ib\u00e9rica)\u201d.<br \/>\n4.- Por ir contra la racionalidad establecida en la apertura de explotaciones de yeso. Durante muchos a\u00f1os las asociaciones ecologistas de Almer\u00eda y la Delegaci\u00f3n de Medio Ambiente han trabajado, conjuntamente, para evitar que las explotaciones mineras se autorizasen dentro de espacios de gran riqueza biol\u00f3gica, cuando existen posibilidades de explotaci\u00f3n en otras zonas de valor ambiental inferior. Contrariamente a esta situaci\u00f3n, ya bastante estabilizada en Almer\u00eda, en la que industria extractiva de yeso y afecciones medioambientales se empiezan a encontrar en equilibrio, el \u00abProyecto de pr\u00f3rroga de la concesi\u00f3n minera \u201cHornos Ib\u00e9ricos Tres\u201d, en el Paraje Los Feos\u00bb, de la multinacional ETEX, supone afectar plenamente al espacio protegido de mayor riqueza flor\u00edstica de Europa, tras Sierra Nevada, rompiendo de esta manera el equilibrio que tanto ha costado alcanzar durante estos a\u00f1os.<br \/>\n5.- Por tratar de explotar un yeso de baja calidad originando un destrozo de alta intensidad, pues el yeso que est\u00e1 previsto explotar es un yeso de baja calidad, con abundantes intercalaciones de materiales arcillosos, con un \u00cdndice medio de Pureza (UNE 102.032) bajo. Este yeso no tiene salida comercial normal, ni para el mercado interior ni para la exportaci\u00f3n, y necesita ser mezclado con otros yesos m\u00e1s ricos para poder obtener un yeso comercializable. Esta es la raz\u00f3n por la que tras treinta a\u00f1os de explotaci\u00f3n, el volumen de yeso extra\u00eddo es m\u00ednimo, como puede verse por el peque\u00f1o hueco de cantera existente en la concesi\u00f3n y en el entorno.<br \/>\n6.- Porque existen suficientes canteras de yeso de alta calidad que no afectan a lugares protegidos y cubren ampliamente la demanda del mercado. Afortunadamente para la econom\u00eda de Almer\u00eda, existen un conjunto de concesiones mineras de yeso vigentes, en explotaci\u00f3n, con sus estudios de impacto ambiental aprobados, con sus planes de restauraci\u00f3n en desarrollo, que extraen yeso de alta calidad, sin afectar significativamente al medio ambiente, ya que se ubican en \u00e1reas de menor valor ambiental, no encontr\u00e1ndose dentro de LIC alguno, ni en ninguno de los espacios catalogados por la Consejer\u00eda de Medio Ambiente. Dadas las caracter\u00edsticas de los yacimientos de yeso de Almer\u00eda, las reservas minerales de las concesiones mineras vigentes, es de m\u00e1s de tres mil millones de toneladas de yeso de alta calidad, lo que supone tener abastecida la demanda del mercado actual entre 800 y 1.000 a\u00f1os, no habiendo problemas para abastecer el mercado nacional y el mundial. Por todo ello, no hace falta autorizar este proyecto que supone un aut\u00e9ntico disparate ambiental, apenas genera empleo y destroza valores emblem\u00e1ticos del medio ambiente de Almer\u00eda, desarr\u00f3llense aquellas explotaciones que no originan afecci\u00f3n ambiental significativa.<br \/>\n7.- Porque el lugar no tiene regulaci\u00f3n por culpa de Medio Ambiente y se debe aplicar la prudencia valorativa a la hora de autorizar la cantera. La Consejer\u00eda de Agricultura, Pesca y Medio Ambiente es la facultada para la elaboraci\u00f3n y aplicaci\u00f3n del correspondiente Plan de Gesti\u00f3n del LIC Sierra de Cabrera \u2013 B\u00e9dar, que regular\u00eda la actividad minera dentro del LIC, ahora bien, considerando que dicho Plan no ha sido elaborado por la Consejer\u00eda, le corresponde por tanto a la Delegaci\u00f3n Territorial aplicar las medidas generales de prudencia en su actuaci\u00f3n, ante un espacio tan sensible ambientalmente, adoptando las oportunas medidas de conservaci\u00f3n para mantener y restaurar a un estado favorable de conservaci\u00f3n los h\u00e1bitats y las especies que hayan motivado la designaci\u00f3n de las zonas (apartado 1 del art\u00edculo 6) y evitar actividades perjudiciales que puedan perturbar o deteriorar los tipos de h\u00e1bitat natural o los h\u00e1bitats de las especies protegidas (apartado 2 del art\u00edculo 6), de acuerdo con la Directiva H\u00e1bitats, por ello, la Delegaci\u00f3n Territorial no debe aprobar la Autorizaci\u00f3n Ambiental Unificada solicitada, procediendo a declarar inviable a los efectos ambientales el proyecto y el estudio de impacto ambiental presentado. De no aplicar esta pol\u00edtica de prudencia valorativa en los expedientes, al margen del destrozo ambiental que se puede originar, los ecologistas recuerdan a la Delegaci\u00f3n Territorial las sentencias del Tribunal Superior de Justicia de Andaluc\u00eda, en relaci\u00f3n con las medidas precautorias a adoptar con los LIC en las que se explicita que estos quedan sujetos a protecci\u00f3n desde el momento que el Estado miembro los incluye en la lista que ha de remitir a la Comisi\u00f3n Europea para su aprobaci\u00f3n, m\u00e1xime quedar\u00e1n sujetos a protecci\u00f3n cuando estos LIC han sido ya aprobados por la Uni\u00f3n Europea.<br \/>\nLa Coordinadora Ecologista Almeriense, el Grupo Ecologista C\u00f3ndor y el Grupo Ecologista Rakis han defendido siempre y de forma razonable los intereses medioambientales colectivos, haciendo posible la compatibilizaci\u00f3n del desarrollo de la econom\u00eda de Almer\u00eda con el Medio Ambiente, como bien saben las autoridades ambientales pero la pol\u00edtica mantenida por la Delegaci\u00f3n de Medio Ambiente en los \u00faltimos tres a\u00f1os, de falta de colaboraci\u00f3n con las asociaciones de defensa del medio ambiente, supone un ocultismo que, en este proyecto espec\u00edfico de la multinacional ETEX tiene su mejor expresi\u00f3n: es sometido a informaci\u00f3n p\u00fablica en pleno mes de agosto, despu\u00e9s de tener durmiendo a dicho proyecto en la Delegaci\u00f3n durante dos a\u00f1os, ocultismo que va contra las directivas europeas relativas a la participaci\u00f3n ciudadana y que no va a ser permitido por estas asociaciones ecologistas. Que enfatizan se\u00f1alando que en el improbable caso de que se autorizara este proyecto proceder\u00edan a actuar legalmente en consecuencia, poniendo el caso ante las autoridades judiciales espa\u00f1olas, solicitando la imputaci\u00f3n de los t\u00e9cnicos firmantes de los estudios soporte de la aprobaci\u00f3n de la Autorizaci\u00f3n Ambiental Unificada, as\u00ed como del firmante responsable pol\u00edtico de la misma. Asimismo, si la Delegaci\u00f3n Territorial despreciase al Medio Ambiente y a las razonadas alegaciones de estas asociaciones y emitiese Autorizaci\u00f3n Ambiental Unificada, consintiendo el aut\u00e9ntico desprop\u00f3sito medio ambiental proyectado proceder\u00e1n a formular denuncia ante el Sr. Secretario General de la Comisi\u00f3n de las Comunidades Europeas en Bruselas, por presunto incumplimiento de la Normativa Ambiental Comunitaria.<br \/>\nFinalmente, se\u00f1alar que estos grupos ecologistas albergan la esperanza de que tanto el Delegado Territorial de Agricultura, Pesca y Medio Ambiente, Jos\u00e9 Manuel Ortiz Bono, como el Consejero, Luis Planas Puchades, evidencien realmente su sensibilidad al medio ambiente y no autoricen esta cantera.<\/p>\n","protected":false},"excerpt":{"rendered":"<p>Varios grupos ecologistas almerienses alegan contra la pr\u00f3rroga de concesi\u00f3n minera \u201cHornos Ib\u00e9ricos Tres\u201d, en el karst en yesos de Sorbas, presentado por la empresa ALMERIA GYPSUM, filial de la multinacional belga ETEX, ya que denuncian que esta explotaci\u00f3n minera producir\u00eda enormes da\u00f1os a un espacio protegido y de gran valor medioambiental de reconocimiento internacional [&hellip;]<\/p>\n","protected":false},"author":7743,"featured_media":1374,"comment_status":"open","ping_status":"open","sticky":false,"template":"","format":"standard","meta":{"_et_pb_use_builder":"","_et_pb_old_content":"","_et_gb_content_width":"","footnotes":""},"categories":[16,5],"tags":[],"class_list":["post-1373","post","type-post","status-publish","format-standard","has-post-thumbnail","hentry","category-denuncias-ecologia","category-ecologia","et-has-post-format-content","et_post_format-et-post-format-standard"],"_links":{"self":[{"href":"https:\/\/www.grupocondor.org\/index.php?rest_route=\/wp\/v2\/posts\/1373","targetHints":{"allow":["GET"]}}],"collection":[{"href":"https:\/\/www.grupocondor.org\/index.php?rest_route=\/wp\/v2\/posts"}],"about":[{"href":"https:\/\/www.grupocondor.org\/index.php?rest_route=\/wp\/v2\/types\/post"}],"author":[{"embeddable":true,"href":"https:\/\/www.grupocondor.org\/index.php?rest_route=\/wp\/v2\/users\/7743"}],"replies":[{"embeddable":true,"href":"https:\/\/www.grupocondor.org\/index.php?rest_route=%2Fwp%2Fv2%2Fcomments&post=1373"}],"version-history":[{"count":1,"href":"https:\/\/www.grupocondor.org\/index.php?rest_route=\/wp\/v2\/posts\/1373\/revisions"}],"predecessor-version":[{"id":1375,"href":"https:\/\/www.grupocondor.org\/index.php?rest_route=\/wp\/v2\/posts\/1373\/revisions\/1375"}],"wp:featuredmedia":[{"embeddable":true,"href":"https:\/\/www.grupocondor.org\/index.php?rest_route=\/wp\/v2\/media\/1374"}],"wp:attachment":[{"href":"https:\/\/www.grupocondor.org\/index.php?rest_route=%2Fwp%2Fv2%2Fmedia&parent=1373"}],"wp:term":[{"taxonomy":"category","embeddable":true,"href":"https:\/\/www.grupocondor.org\/index.php?rest_route=%2Fwp%2Fv2%2Fcategories&post=1373"},{"taxonomy":"post_tag","embeddable":true,"href":"https:\/\/www.grupocondor.org\/index.php?rest_route=%2Fwp%2Fv2%2Ftags&post=1373"}],"curies":[{"name":"wp","href":"https:\/\/api.w.org\/{rel}","templated":true}]}}