{"id":138,"date":"2007-05-05T12:44:26","date_gmt":"2007-05-05T12:44:26","guid":{"rendered":"http:\/\/webs.almeritek.com\/grupocondor.org\/?p=138"},"modified":"2015-01-14T17:51:00","modified_gmt":"2015-01-14T17:51:00","slug":"itinerario-sierra-de-los-filabres","status":"publish","type":"post","link":"https:\/\/www.grupocondor.org\/?p=138","title":{"rendered":"Itinerario Sierra de los Filabres"},"content":{"rendered":"<p>Itinerario Sierra de los Filabres | Grupo C\u00f3ndor<\/p>\n<div id=\"outer-container\">\n<div id=\"page-right\">\n<div id=\"page-left\">\n<div id=\"container\">\n<div id=\"inside-content\">\n<div class=\"clear-block\">\n<div id=\"mainContent\">\n<div id=\"node-19\" class=\"node clear-block\">\n<div class=\"content\">\n<p>Tendr\u00e1 como escenario uno de los parajes m\u00e1s bellos de esta sierra, el r\u00edo Barranc\u00f3n, conoceremos este agreste desfiladero, caminando por un viejo camino arriero que pasa por peque\u00f1os poblados construidos con pizarras, testigos de nuestros antepasados moriscos. Subiremos al pico de Las Hoyas (2.011 metros de altitud), espl\u00e9ndido mirador de la bah\u00eda de Almer\u00eda y del desierto de Tabernas. Finalizar\u00e1 el recorrido en el pueblo de Bacares.<\/p>\n<p><b>Fecha:<\/b><br \/>\nS\u00e1bado, 5 de Mayo de 2007<\/p>\n<p><b>Lugar:<\/b><br \/>\nSierra de los Filares<\/p>\n<p><b>Participantes:<\/b><br \/>\nLa actividad es de promoci\u00f3n infantil-juvenil, pero abierta igualmente a mayores.<\/p>\n<p><b>Precio:<\/b><br \/>\nAsociados: 6 \u20ac<br \/>\nNo asociados: 15 \u20ac<br \/>\nServicios que incluye la cuota: desplazamiento en autocar, monitores especialistas, material cartogr\u00e1fico e informativo.<\/p>\n<p><b>Observaciones:<\/b><br \/>\nFecha l\u00edmite de inscripci\u00f3n: 2 de Mayo de 2007<br \/>\nSe realizar\u00e1 una reuni\u00f3n previa con todos los participantes el mi\u00e9rcoles, 2 de Mayo, a las 20 horas, en los locales del Grupo C\u00f3ndor.<\/p>\n<\/div>\n<\/div>\n<\/div>\n<\/div>\n<\/div>\n<\/div>\n<\/div>\n<\/div>\n<\/div>\n","protected":false},"excerpt":{"rendered":"<p>Itinerario Sierra de los Filabres | Grupo C\u00f3ndor Tendr\u00e1 como escenario uno de los parajes m\u00e1s bellos de esta sierra, el r\u00edo Barranc\u00f3n, conoceremos este agreste desfiladero, caminando por un viejo camino arriero que pasa por peque\u00f1os poblados construidos con pizarras, testigos de nuestros antepasados moriscos. Subiremos al pico de Las Hoyas (2.011 metros de [&hellip;]<\/p>\n","protected":false},"author":7743,"featured_media":140,"comment_status":"open","ping_status":"open","sticky":false,"template":"","format":"standard","meta":{"_et_pb_use_builder":"","_et_pb_old_content":"","_et_gb_content_width":"","footnotes":""},"categories":[8,2],"tags":[],"class_list":["post-138","post","type-post","status-publish","format-standard","has-post-thumbnail","hentry","category-actividades","category-montanismo","et-has-post-format-content","et_post_format-et-post-format-standard"],"_links":{"self":[{"href":"https:\/\/www.grupocondor.org\/index.php?rest_route=\/wp\/v2\/posts\/138","targetHints":{"allow":["GET"]}}],"collection":[{"href":"https:\/\/www.grupocondor.org\/index.php?rest_route=\/wp\/v2\/posts"}],"about":[{"href":"https:\/\/www.grupocondor.org\/index.php?rest_route=\/wp\/v2\/types\/post"}],"author":[{"embeddable":true,"href":"https:\/\/www.grupocondor.org\/index.php?rest_route=\/wp\/v2\/users\/7743"}],"replies":[{"embeddable":true,"href":"https:\/\/www.grupocondor.org\/index.php?rest_route=%2Fwp%2Fv2%2Fcomments&post=138"}],"version-history":[{"count":1,"href":"https:\/\/www.grupocondor.org\/index.php?rest_route=\/wp\/v2\/posts\/138\/revisions"}],"predecessor-version":[{"id":141,"href":"https:\/\/www.grupocondor.org\/index.php?rest_route=\/wp\/v2\/posts\/138\/revisions\/141"}],"wp:featuredmedia":[{"embeddable":true,"href":"https:\/\/www.grupocondor.org\/index.php?rest_route=\/wp\/v2\/media\/140"}],"wp:attachment":[{"href":"https:\/\/www.grupocondor.org\/index.php?rest_route=%2Fwp%2Fv2%2Fmedia&parent=138"}],"wp:term":[{"taxonomy":"category","embeddable":true,"href":"https:\/\/www.grupocondor.org\/index.php?rest_route=%2Fwp%2Fv2%2Fcategories&post=138"},{"taxonomy":"post_tag","embeddable":true,"href":"https:\/\/www.grupocondor.org\/index.php?rest_route=%2Fwp%2Fv2%2Ftags&post=138"}],"curies":[{"name":"wp","href":"https:\/\/api.w.org\/{rel}","templated":true}]}}