{"id":146,"date":"2007-06-06T12:54:57","date_gmt":"2007-06-06T12:54:57","guid":{"rendered":"http:\/\/webs.almeritek.com\/grupocondor.org\/?p=146"},"modified":"2015-01-14T17:49:40","modified_gmt":"2015-01-14T17:49:40","slug":"campana-proteccion-de-la-montana","status":"publish","type":"post","link":"https:\/\/www.grupocondor.org\/?p=146","title":{"rendered":"Campa\u00f1a Protecci\u00f3n de la Monta\u00f1a"},"content":{"rendered":"<p>06Campa\u00f1a Protecci\u00f3n de la Monta\u00f1a | Grupo C\u00f3ndor<\/p>\n<div id=\"outer-container\">\n<div id=\"page-right\">\n<div id=\"page-left\">\n<div id=\"container\">\n<div id=\"inside-content\">\n<div class=\"clear-block\">\n<div id=\"mainContent\">\n<div id=\"node-21\" class=\"node clear-block\">\n<div class=\"content\">\n<p>Adem\u00e1s de desarrollar nuestra actividad por la monta\u00f1a debemos de luchar por protegerla y conservarla. Con esta campa\u00f1a se quiere concienciar sobre el no tirar ning\u00fan tipo de basura, crear un h\u00e1bito sobre la importancia de no ensuciar y hacer que cada uno de los que participemos divulgue esta idea y podamos llegar al m\u00e1ximo de personas posibles.<\/p>\n<p>Habr\u00e1 una fase te\u00f3rica (del 6 al 8 de Junio), en los locales del Grupo C\u00f3ndor, donde se har\u00e1n diversas proyecciones y charlas.<\/p>\n<p>La fase pr\u00e1ctica tendr\u00e1 como escenario un paraje a\u00fan por determinar. Se har\u00e1 una batida por este lugar, recogiendo todo tipo de basura que nos encontremos. Se har\u00e1 un itinerario, limpiando el trayecto y transportando la basura que nos encontremos.<\/p>\n<p><b>Fecha:<\/b><br \/>\nDel 6 al 9 de Junio de 2007<\/p>\n<p><b>Lugar:<\/b><br \/>\nFase te\u00f3rica: Locales del Grupo C\u00f3ndor.<br \/>\nSalida limpieza: Por determinar.<\/p>\n<p><b>Participantes:<\/b><br \/>\nAbuerto a todas las edades.<\/p>\n<p><b>Cuota de inscripci\u00f3n:<\/b><br \/>\nAsociados: Gratuito.<br \/>\nNo asociados: 3 \u20ac<br \/>\nServicios que incluye la cuota: Desplazamiento en autocar, monitores especialistas,material cartogr\u00e1fico e inform\u00e1tivo y comida.<\/p>\n<\/div>\n<\/div>\n<\/div>\n<\/div>\n<\/div>\n<\/div>\n<\/div>\n<\/div>\n<\/div>\n","protected":false},"excerpt":{"rendered":"<p>06Campa\u00f1a Protecci\u00f3n de la Monta\u00f1a | Grupo C\u00f3ndor Adem\u00e1s de desarrollar nuestra actividad por la monta\u00f1a debemos de luchar por protegerla y conservarla. Con esta campa\u00f1a se quiere concienciar sobre el no tirar ning\u00fan tipo de basura, crear un h\u00e1bito sobre la importancia de no ensuciar y hacer que cada uno de los que participemos [&hellip;]<\/p>\n","protected":false},"author":7743,"featured_media":148,"comment_status":"open","ping_status":"open","sticky":false,"template":"","format":"standard","meta":{"_et_pb_use_builder":"","_et_pb_old_content":"","_et_gb_content_width":"","footnotes":""},"categories":[8,2],"tags":[],"class_list":["post-146","post","type-post","status-publish","format-standard","has-post-thumbnail","hentry","category-actividades","category-montanismo","et-has-post-format-content","et_post_format-et-post-format-standard"],"_links":{"self":[{"href":"https:\/\/www.grupocondor.org\/index.php?rest_route=\/wp\/v2\/posts\/146","targetHints":{"allow":["GET"]}}],"collection":[{"href":"https:\/\/www.grupocondor.org\/index.php?rest_route=\/wp\/v2\/posts"}],"about":[{"href":"https:\/\/www.grupocondor.org\/index.php?rest_route=\/wp\/v2\/types\/post"}],"author":[{"embeddable":true,"href":"https:\/\/www.grupocondor.org\/index.php?rest_route=\/wp\/v2\/users\/7743"}],"replies":[{"embeddable":true,"href":"https:\/\/www.grupocondor.org\/index.php?rest_route=%2Fwp%2Fv2%2Fcomments&post=146"}],"version-history":[{"count":2,"href":"https:\/\/www.grupocondor.org\/index.php?rest_route=\/wp\/v2\/posts\/146\/revisions"}],"predecessor-version":[{"id":150,"href":"https:\/\/www.grupocondor.org\/index.php?rest_route=\/wp\/v2\/posts\/146\/revisions\/150"}],"wp:featuredmedia":[{"embeddable":true,"href":"https:\/\/www.grupocondor.org\/index.php?rest_route=\/wp\/v2\/media\/148"}],"wp:attachment":[{"href":"https:\/\/www.grupocondor.org\/index.php?rest_route=%2Fwp%2Fv2%2Fmedia&parent=146"}],"wp:term":[{"taxonomy":"category","embeddable":true,"href":"https:\/\/www.grupocondor.org\/index.php?rest_route=%2Fwp%2Fv2%2Fcategories&post=146"},{"taxonomy":"post_tag","embeddable":true,"href":"https:\/\/www.grupocondor.org\/index.php?rest_route=%2Fwp%2Fv2%2Ftags&post=146"}],"curies":[{"name":"wp","href":"https:\/\/api.w.org\/{rel}","templated":true}]}}