{"id":151,"date":"2007-07-07T12:59:13","date_gmt":"2007-07-07T12:59:13","guid":{"rendered":"http:\/\/webs.almeritek.com\/grupocondor.org\/?p=151"},"modified":"2015-01-14T17:49:21","modified_gmt":"2015-01-14T17:49:21","slug":"marcha-fresca-cherin-rio-adra","status":"publish","type":"post","link":"https:\/\/www.grupocondor.org\/?p=151","title":{"rendered":"Marcha fresca: Cher\u00edn-R\u00edo Adra"},"content":{"rendered":"<p>Marcha fresca: Cher\u00edn-R\u00edo Adra | Grupo C\u00f3ndor<\/p>\n<div id=\"outer-container\">\n<div id=\"page-right\">\n<div id=\"page-left\">\n<div id=\"container\">\n<div id=\"inside-content\">\n<div class=\"clear-block\">\n<div id=\"mainContent\">\n<div id=\"node-23\" class=\"node clear-block\">\n<div class=\"content\">\n<p>La excursi\u00f3n transcurrir\u00e1 casi en su totalidad por el cauce del r\u00edo Adra, que cuenta con agua practicamente en todo su recorrido. Cher\u00edn ser\u00e1 el punto de partida y desde aqu\u00ed, atravesando el cauce por numerosos ca\u00f1aberales, se llegar\u00e1 hasta el pueblo de Darr\u00edcal, donde se pasar\u00e1 la noche. Ald\u00eda siguiene se continuar\u00e1 por el cauce del r\u00edo hasta el pantano de Ben\u00ednar y las Fuentes de Marbella, continuando hasta el pueblo de Adra, final del recorrido.<\/p>\n<p><b>Fecha:<\/b><br \/>\n7 y 8 de Julio de 2007<\/p>\n<p><b>Lugar:<\/b><br \/>\nCauce del r\u00edo Adra.<\/p>\n<p><b>Paricipantes:<\/b><br \/>\n25 personas con edad superior a 15 a\u00f1os.<\/p>\n<p><b>Cuota de inscripci\u00f3n:<\/b><br \/>\nAsociados: 15 \u20ac<br \/>\nNo asociados: 30 \u20ac<br \/>\nEsta cuota incluye transporte y servicio de gu\u00edas.<\/p>\n<p><b>Observaciones:<\/b><br \/>\nSe realizar\u00e1 una reuni\u00f3n previa informativa con todos los participantes el Martes, 3 de Julio a las 20 horas, en los locales del Grupo C\u00f3ndor.<\/p>\n<\/div>\n<\/div>\n<\/div>\n<\/div>\n<\/div>\n<\/div>\n<\/div>\n<\/div>\n<\/div>\n","protected":false},"excerpt":{"rendered":"<p>Marcha fresca: Cher\u00edn-R\u00edo Adra | Grupo C\u00f3ndor La excursi\u00f3n transcurrir\u00e1 casi en su totalidad por el cauce del r\u00edo Adra, que cuenta con agua practicamente en todo su recorrido. Cher\u00edn ser\u00e1 el punto de partida y desde aqu\u00ed, atravesando el cauce por numerosos ca\u00f1aberales, se llegar\u00e1 hasta el pueblo de Darr\u00edcal, donde se pasar\u00e1 la [&hellip;]<\/p>\n","protected":false},"author":7743,"featured_media":152,"comment_status":"open","ping_status":"open","sticky":false,"template":"","format":"standard","meta":{"_et_pb_use_builder":"","_et_pb_old_content":"","_et_gb_content_width":"","footnotes":""},"categories":[8,2],"tags":[],"class_list":["post-151","post","type-post","status-publish","format-standard","has-post-thumbnail","hentry","category-actividades","category-montanismo","et-has-post-format-content","et_post_format-et-post-format-standard"],"_links":{"self":[{"href":"https:\/\/www.grupocondor.org\/index.php?rest_route=\/wp\/v2\/posts\/151","targetHints":{"allow":["GET"]}}],"collection":[{"href":"https:\/\/www.grupocondor.org\/index.php?rest_route=\/wp\/v2\/posts"}],"about":[{"href":"https:\/\/www.grupocondor.org\/index.php?rest_route=\/wp\/v2\/types\/post"}],"author":[{"embeddable":true,"href":"https:\/\/www.grupocondor.org\/index.php?rest_route=\/wp\/v2\/users\/7743"}],"replies":[{"embeddable":true,"href":"https:\/\/www.grupocondor.org\/index.php?rest_route=%2Fwp%2Fv2%2Fcomments&post=151"}],"version-history":[{"count":1,"href":"https:\/\/www.grupocondor.org\/index.php?rest_route=\/wp\/v2\/posts\/151\/revisions"}],"predecessor-version":[{"id":154,"href":"https:\/\/www.grupocondor.org\/index.php?rest_route=\/wp\/v2\/posts\/151\/revisions\/154"}],"wp:featuredmedia":[{"embeddable":true,"href":"https:\/\/www.grupocondor.org\/index.php?rest_route=\/wp\/v2\/media\/152"}],"wp:attachment":[{"href":"https:\/\/www.grupocondor.org\/index.php?rest_route=%2Fwp%2Fv2%2Fmedia&parent=151"}],"wp:term":[{"taxonomy":"category","embeddable":true,"href":"https:\/\/www.grupocondor.org\/index.php?rest_route=%2Fwp%2Fv2%2Fcategories&post=151"},{"taxonomy":"post_tag","embeddable":true,"href":"https:\/\/www.grupocondor.org\/index.php?rest_route=%2Fwp%2Fv2%2Ftags&post=151"}],"curies":[{"name":"wp","href":"https:\/\/api.w.org\/{rel}","templated":true}]}}