{"id":162,"date":"2007-09-30T13:20:18","date_gmt":"2007-09-30T13:20:18","guid":{"rendered":"http:\/\/webs.almeritek.com\/grupocondor.org\/?p=162"},"modified":"2015-01-14T17:48:45","modified_gmt":"2015-01-14T17:48:45","slug":"subida-al-pico-de-el-chullo","status":"publish","type":"post","link":"https:\/\/www.grupocondor.org\/?p=162","title":{"rendered":"Subida al Pico de \u00abEl Chullo\u00bb"},"content":{"rendered":"<p>Subida al Pico de \u00abEl Chullo\u00bb | Grupo C\u00f3ndor<\/p>\n<div id=\"outer-container\">\n<div id=\"page-right\">\n<div id=\"page-left\">\n<div id=\"container\">\n<div id=\"inside-content\">\n<div class=\"clear-block\">\n<div id=\"mainContent\">\n<div id=\"node-28\" class=\"node clear-block\">\n<div class=\"content\">\n<p>Se trata de realizar la ascensi\u00f3n al pico m\u00e1s alto de la provincia, El Chullo con 2.610 metros, por su itinerario m\u00e1s sencillo y m\u00e1s corto, para de esta manera acercar este deporte a todo aquel que est\u00e9 interesado por iniciarse en \u00e9l. El recorrido se iniciar\u00e1 en el Puerto de la Ragua. El tiempo estimado es de unas cuatro horas.<\/p>\n<p><b>Fecha:<\/b><br \/>\nDomingo, 30 de Septiembre de 2007<\/p>\n<p><b>Lugar:<\/b><br \/>\nParque Nacional de Sierra Nevada. Pico El Chullo<\/p>\n<p><b>Participantes:<\/b><br \/>\n25 personas, con edad superior a 13 a\u00f1os.<\/p>\n<p><b>Cuota de inscripci\u00f3n:<\/b><br \/>\nAsociados: 10 \u20ac<br \/>\nNo asociados: 20 \u20ac<br \/>\nServicios que incluye la cuota: Transporte, servicio de gu\u00edas, marerial informativo y cartogr\u00e1fico.<\/p>\n<p><b>Reuni\u00f3n previa:<\/b><br \/>\nFecha l\u00edmite de inscripci\u00f3n: 25 de Septiembre de 2007.<br \/>\nSe realizar\u00e1 una reuni\u00f3n informativa con todos los participantes el Martes, 25 de Septiembre, a las 20 horas, en los locales del Grupo C\u00f3ndor.<\/p>\n<\/div>\n<\/div>\n<\/div>\n<\/div>\n<\/div>\n<\/div>\n<\/div>\n<\/div>\n<\/div>\n","protected":false},"excerpt":{"rendered":"<p>Subida al Pico de \u00abEl Chullo\u00bb | Grupo C\u00f3ndor Se trata de realizar la ascensi\u00f3n al pico m\u00e1s alto de la provincia, El Chullo con 2.610 metros, por su itinerario m\u00e1s sencillo y m\u00e1s corto, para de esta manera acercar este deporte a todo aquel que est\u00e9 interesado por iniciarse en \u00e9l. El recorrido se [&hellip;]<\/p>\n","protected":false},"author":7743,"featured_media":164,"comment_status":"open","ping_status":"open","sticky":false,"template":"","format":"standard","meta":{"_et_pb_use_builder":"","_et_pb_old_content":"","_et_gb_content_width":"","footnotes":""},"categories":[8,2],"tags":[],"class_list":["post-162","post","type-post","status-publish","format-standard","has-post-thumbnail","hentry","category-actividades","category-montanismo","et-has-post-format-content","et_post_format-et-post-format-standard"],"_links":{"self":[{"href":"https:\/\/www.grupocondor.org\/index.php?rest_route=\/wp\/v2\/posts\/162","targetHints":{"allow":["GET"]}}],"collection":[{"href":"https:\/\/www.grupocondor.org\/index.php?rest_route=\/wp\/v2\/posts"}],"about":[{"href":"https:\/\/www.grupocondor.org\/index.php?rest_route=\/wp\/v2\/types\/post"}],"author":[{"embeddable":true,"href":"https:\/\/www.grupocondor.org\/index.php?rest_route=\/wp\/v2\/users\/7743"}],"replies":[{"embeddable":true,"href":"https:\/\/www.grupocondor.org\/index.php?rest_route=%2Fwp%2Fv2%2Fcomments&post=162"}],"version-history":[{"count":1,"href":"https:\/\/www.grupocondor.org\/index.php?rest_route=\/wp\/v2\/posts\/162\/revisions"}],"predecessor-version":[{"id":165,"href":"https:\/\/www.grupocondor.org\/index.php?rest_route=\/wp\/v2\/posts\/162\/revisions\/165"}],"wp:featuredmedia":[{"embeddable":true,"href":"https:\/\/www.grupocondor.org\/index.php?rest_route=\/wp\/v2\/media\/164"}],"wp:attachment":[{"href":"https:\/\/www.grupocondor.org\/index.php?rest_route=%2Fwp%2Fv2%2Fmedia&parent=162"}],"wp:term":[{"taxonomy":"category","embeddable":true,"href":"https:\/\/www.grupocondor.org\/index.php?rest_route=%2Fwp%2Fv2%2Fcategories&post=162"},{"taxonomy":"post_tag","embeddable":true,"href":"https:\/\/www.grupocondor.org\/index.php?rest_route=%2Fwp%2Fv2%2Ftags&post=162"}],"curies":[{"name":"wp","href":"https:\/\/api.w.org\/{rel}","templated":true}]}}