{"id":166,"date":"2007-10-12T13:26:07","date_gmt":"2007-10-12T13:26:07","guid":{"rendered":"http:\/\/webs.almeritek.com\/grupocondor.org\/?p=166"},"modified":"2015-01-14T17:48:32","modified_gmt":"2015-01-14T17:48:32","slug":"itinerarios-de-montanismo-por-sierra-espuna","status":"publish","type":"post","link":"https:\/\/www.grupocondor.org\/?p=166","title":{"rendered":"Itinerarios de monta\u00f1ismo por Sierra Espu\u00f1a"},"content":{"rendered":"<p>Itinerarios de monta\u00f1ismo por Sierra Espu\u00f1a | Grupo C\u00f3ndor<\/p>\n<div id=\"outer-container\">\n<div id=\"page-right\">\n<div id=\"page-left\">\n<div id=\"container\">\n<div id=\"inside-content\">\n<div class=\"clear-block\">\n<div id=\"mainContent\">\n<div id=\"node-29\" class=\"node clear-block\">\n<div class=\"content\">\n<p>En la vecina Murcia, muy cerca de nuestra provincia, el Parque Natural de Sierra Espu\u00f1a es un enclave monta\u00f1oso que se eleva encajonado entre los valles de los r\u00edos Guadalent\u00edn y Pliego. Su relieve es agreste, con abundantes barrancos interiores y elevadas cumbres, siendo el Morr\u00f3n de Sotana con 1.583 metros el punto m\u00e1s elevado.<\/p>\n<p>Haremos diversos recorridos por sus rutas m\u00e1s cl\u00e1sicas, en las que abundan los pinos de tipo carrasco, pinaster y negral.<\/p>\n<p><b>Fecha:<\/b><br \/>\nDel 12 al 14 de Octubre de 2007<\/p>\n<p><b>Lugar:<\/b><br \/>\nParque Natural de Sierra Espu\u00f1a (Murcia).<\/p>\n<p><b>Participantes:<\/b><br \/>\n15 personas, con edad superior a 15 a\u00f1os.<\/p>\n<p><b>Cuota de inscripci\u00f3n:<\/b><br \/>\nA definir en el programa espec\u00edfico de la actividad.<\/p>\n<p><b>Observaciones:<br \/>\n<em>Por motivos del alojamiento es necesario apuntarse a la actividad con un mes de antelaci\u00f3n o antes, organiz\u00e1ndose con los que en ese momento est\u00e9n inscritos.<\/em><\/b><br \/>\nFecha l\u00edmite de inscripci\u00f3n: 11 de Septiembre de 2007.<br \/>\nLa primera reuni\u00f3n informativa con los participantes se realizar\u00e1 el martes, 11 de Septiembre a las 20 horas y la previa a la actividad el martes, 9 de Octubre a las 20 horas.<\/p>\n<\/div>\n<\/div>\n<\/div>\n<\/div>\n<\/div>\n<\/div>\n<\/div>\n<\/div>\n<\/div>\n","protected":false},"excerpt":{"rendered":"<p>Itinerarios de monta\u00f1ismo por Sierra Espu\u00f1a | Grupo C\u00f3ndor En la vecina Murcia, muy cerca de nuestra provincia, el Parque Natural de Sierra Espu\u00f1a es un enclave monta\u00f1oso que se eleva encajonado entre los valles de los r\u00edos Guadalent\u00edn y Pliego. Su relieve es agreste, con abundantes barrancos interiores y elevadas cumbres, siendo el Morr\u00f3n [&hellip;]<\/p>\n","protected":false},"author":7743,"featured_media":168,"comment_status":"open","ping_status":"open","sticky":false,"template":"","format":"standard","meta":{"_et_pb_use_builder":"","_et_pb_old_content":"","_et_gb_content_width":"","footnotes":""},"categories":[8,2],"tags":[],"class_list":["post-166","post","type-post","status-publish","format-standard","has-post-thumbnail","hentry","category-actividades","category-montanismo","et-has-post-format-content","et_post_format-et-post-format-standard"],"_links":{"self":[{"href":"https:\/\/www.grupocondor.org\/index.php?rest_route=\/wp\/v2\/posts\/166","targetHints":{"allow":["GET"]}}],"collection":[{"href":"https:\/\/www.grupocondor.org\/index.php?rest_route=\/wp\/v2\/posts"}],"about":[{"href":"https:\/\/www.grupocondor.org\/index.php?rest_route=\/wp\/v2\/types\/post"}],"author":[{"embeddable":true,"href":"https:\/\/www.grupocondor.org\/index.php?rest_route=\/wp\/v2\/users\/7743"}],"replies":[{"embeddable":true,"href":"https:\/\/www.grupocondor.org\/index.php?rest_route=%2Fwp%2Fv2%2Fcomments&post=166"}],"version-history":[{"count":1,"href":"https:\/\/www.grupocondor.org\/index.php?rest_route=\/wp\/v2\/posts\/166\/revisions"}],"predecessor-version":[{"id":169,"href":"https:\/\/www.grupocondor.org\/index.php?rest_route=\/wp\/v2\/posts\/166\/revisions\/169"}],"wp:featuredmedia":[{"embeddable":true,"href":"https:\/\/www.grupocondor.org\/index.php?rest_route=\/wp\/v2\/media\/168"}],"wp:attachment":[{"href":"https:\/\/www.grupocondor.org\/index.php?rest_route=%2Fwp%2Fv2%2Fmedia&parent=166"}],"wp:term":[{"taxonomy":"category","embeddable":true,"href":"https:\/\/www.grupocondor.org\/index.php?rest_route=%2Fwp%2Fv2%2Fcategories&post=166"},{"taxonomy":"post_tag","embeddable":true,"href":"https:\/\/www.grupocondor.org\/index.php?rest_route=%2Fwp%2Fv2%2Ftags&post=166"}],"curies":[{"name":"wp","href":"https:\/\/api.w.org\/{rel}","templated":true}]}}