{"id":1818,"date":"2015-10-09T10:54:40","date_gmt":"2015-10-09T10:54:40","guid":{"rendered":"http:\/\/www.grupocondor.org\/\/?p=1818"},"modified":"2017-06-27T19:35:29","modified_gmt":"2017-06-27T19:35:29","slug":"el-colegio-europa-y-el-club-condor","status":"publish","type":"post","link":"https:\/\/www.grupocondor.org\/?p=1818","title":{"rendered":"El Colegio Europa y el Club C\u00f3ndor"},"content":{"rendered":"<p><a href=\"http:\/\/www.grupocondor.org\/\/wp-content\/uploads\/2015\/10\/img187.jpg\"><img loading=\"lazy\" decoding=\"async\" class=\" wp-image-1821 aligncenter\" src=\"http:\/\/www.grupocondor.org\/\/wp-content\/uploads\/2015\/10\/img187-297x300.jpg\" alt=\"Logotipo del Colegio Europa\" width=\"201\" height=\"203\" \/><\/a><\/p>\n<p>&nbsp;<\/p>\n<p style=\"text-align: center;\"><strong>I REMEMORANDO COLEGIO PILOTO EUROPA. Promociones desde 1975 a 1995.<\/strong><\/p>\n<p>Desde el Club de Monta\u00f1ismo C\u00f3ndor, queremos reconocer el trabajo realizado por el Colegio Europa, y recordar que form\u00f3 parte de nuestras primeras actividades en la monta\u00f1a con j\u00f3venes. Fue una \u00e9poca en la que aprendimos mucho de sus profesores y los alumnos<\/p>\n<p>Adjuntamos el art\u00edculo del Club de Monta\u00f1ismo C\u00f3ndor, que se ha publicado en la Revista que conmemora este Proyecto.<\/p>\n<p style=\"text-align: center;\"><a href=\"http:\/\/www.grupocondor.org\/\/wp-content\/uploads\/2015\/10\/Art\u00edculo-CM-C\u00f3ndor-COLEGIO-EUROPA.jpg\"><img loading=\"lazy\" decoding=\"async\" class=\"alignnone size-medium wp-image-1820\" src=\"http:\/\/www.grupocondor.org\/\/wp-content\/uploads\/2015\/10\/Art\u00edculo-CM-C\u00f3ndor-COLEGIO-EUROPA-212x300.jpg\" alt=\"Art\u00edculo CM C\u00f3ndor COLEGIO EUROPA\" width=\"212\" height=\"300\" \/><\/a><\/p>\n","protected":false},"excerpt":{"rendered":"<p>&nbsp; I REMEMORANDO COLEGIO PILOTO EUROPA. Promociones desde 1975 a 1995. Desde el Club de Monta\u00f1ismo C\u00f3ndor, queremos reconocer el trabajo realizado por el Colegio Europa, y recordar que form\u00f3 parte de nuestras primeras actividades en la monta\u00f1a con j\u00f3venes. Fue una \u00e9poca en la que aprendimos mucho de sus profesores y los alumnos Adjuntamos [&hellip;]<\/p>\n","protected":false},"author":23,"featured_media":0,"comment_status":"open","ping_status":"open","sticky":false,"template":"","format":"standard","meta":{"_et_pb_use_builder":"","_et_pb_old_content":"","_et_gb_content_width":"","footnotes":""},"categories":[8,24,2],"tags":[],"class_list":["post-1818","post","type-post","status-publish","format-standard","hentry","category-actividades","category-categoriasdestacadas","category-montanismo","et-doesnt-have-format-content","et_post_format-et-post-format-standard"],"_links":{"self":[{"href":"https:\/\/www.grupocondor.org\/index.php?rest_route=\/wp\/v2\/posts\/1818","targetHints":{"allow":["GET"]}}],"collection":[{"href":"https:\/\/www.grupocondor.org\/index.php?rest_route=\/wp\/v2\/posts"}],"about":[{"href":"https:\/\/www.grupocondor.org\/index.php?rest_route=\/wp\/v2\/types\/post"}],"author":[{"embeddable":true,"href":"https:\/\/www.grupocondor.org\/index.php?rest_route=\/wp\/v2\/users\/23"}],"replies":[{"embeddable":true,"href":"https:\/\/www.grupocondor.org\/index.php?rest_route=%2Fwp%2Fv2%2Fcomments&post=1818"}],"version-history":[{"count":1,"href":"https:\/\/www.grupocondor.org\/index.php?rest_route=\/wp\/v2\/posts\/1818\/revisions"}],"predecessor-version":[{"id":2383,"href":"https:\/\/www.grupocondor.org\/index.php?rest_route=\/wp\/v2\/posts\/1818\/revisions\/2383"}],"wp:attachment":[{"href":"https:\/\/www.grupocondor.org\/index.php?rest_route=%2Fwp%2Fv2%2Fmedia&parent=1818"}],"wp:term":[{"taxonomy":"category","embeddable":true,"href":"https:\/\/www.grupocondor.org\/index.php?rest_route=%2Fwp%2Fv2%2Fcategories&post=1818"},{"taxonomy":"post_tag","embeddable":true,"href":"https:\/\/www.grupocondor.org\/index.php?rest_route=%2Fwp%2Fv2%2Ftags&post=1818"}],"curies":[{"name":"wp","href":"https:\/\/api.w.org\/{rel}","templated":true}]}}