{"id":1824,"date":"2015-10-25T15:59:10","date_gmt":"2015-10-25T15:59:10","guid":{"rendered":"http:\/\/www.grupocondor.org\/\/?p=1824"},"modified":"2017-06-27T19:35:29","modified_gmt":"2017-06-27T19:35:29","slug":"condor-realiza-el-sendero-de-las-acequias-de-fondon","status":"publish","type":"post","link":"https:\/\/www.grupocondor.org\/?p=1824","title":{"rendered":"C\u00f3ndor ha realizado el 24 de octubre el Sendero de Las Acequias de Fond\u00f3n"},"content":{"rendered":"<p>El Club de Monta\u00f1ismo C\u00f3ndor ha realizado el s\u00e1bado, 24 de octubre de 2015, el d\u00eda del Club, con la realizaci\u00f3n del Sendero de Las Acequias de Fond\u00f3n.<\/p>\n<p>Se inici\u00f3 en el pueblo de Fond\u00f3n, y discurri\u00f3 integramente por el valle de este bello municipio, pasando por Benecid y Fuente Voctoria. Es un espacio con una enorme riqueza vegetal y belleza natural.<\/p>\n<p>M\u00e1s fotograf\u00edas en:\u00a0www.facebook.com\/grupocondor77<\/p>\n<p>&nbsp;<\/p>\n<div id=\"attachment_1825\" style=\"width: 310px\" class=\"wp-caption aligncenter\"><a href=\"http:\/\/www.grupocondor.org\/\/wp-content\/uploads\/2015\/10\/P1050270.jpg\"><img loading=\"lazy\" decoding=\"async\" aria-describedby=\"caption-attachment-1825\" class=\"size-medium wp-image-1825\" src=\"http:\/\/www.grupocondor.org\/\/wp-content\/uploads\/2015\/10\/P1050270-300x216.jpg\" alt=\"El grupo en la fuente de la Plaza de Fond\u00f3n\" width=\"300\" height=\"216\" \/><\/a><p id=\"caption-attachment-1825\" class=\"wp-caption-text\">El grupo en la fuente de la Plaza de Fond\u00f3n<\/p><\/div>\n<p>&nbsp;<\/p>\n<div id=\"attachment_1826\" style=\"width: 234px\" class=\"wp-caption aligncenter\"><a href=\"http:\/\/www.grupocondor.org\/\/wp-content\/uploads\/2015\/10\/HPIM0017.jpg\"><img loading=\"lazy\" decoding=\"async\" aria-describedby=\"caption-attachment-1826\" class=\"size-medium wp-image-1826\" src=\"http:\/\/www.grupocondor.org\/\/wp-content\/uploads\/2015\/10\/HPIM0017-224x300.jpg\" alt=\"Rambla de J. de Campos\" width=\"224\" height=\"300\" \/><\/a><p id=\"caption-attachment-1826\" class=\"wp-caption-text\">Rambla de J. de Campos<\/p><\/div>\n<p>&nbsp;<\/p>\n<div id=\"attachment_1827\" style=\"width: 310px\" class=\"wp-caption aligncenter\"><a href=\"http:\/\/www.grupocondor.org\/\/wp-content\/uploads\/2015\/10\/HPIM0072.jpg\"><img loading=\"lazy\" decoding=\"async\" aria-describedby=\"caption-attachment-1827\" class=\"size-medium wp-image-1827\" src=\"http:\/\/www.grupocondor.org\/\/wp-content\/uploads\/2015\/10\/HPIM0072-300x225.jpg\" alt=\"Cruzando el r\u00edo Andarax\" width=\"300\" height=\"225\" \/><\/a><p id=\"caption-attachment-1827\" class=\"wp-caption-text\">Cruzando el r\u00edo Andarax<\/p><\/div>\n<p>&nbsp;<\/p>\n<p style=\"text-align: center;\"><a href=\"http:\/\/www.grupocondor.org\/\/wp-content\/uploads\/2015\/10\/HPIM0050.jpg\"><img loading=\"lazy\" decoding=\"async\" class=\"alignnone size-medium wp-image-1828\" src=\"http:\/\/www.grupocondor.org\/\/wp-content\/uploads\/2015\/10\/HPIM0050-225x300.jpg\" alt=\"HPIM0050\" width=\"225\" height=\"300\" \/><\/a><\/p>\n<div id=\"attachment_1829\" style=\"width: 235px\" class=\"wp-caption aligncenter\"><a href=\"http:\/\/www.grupocondor.org\/\/wp-content\/uploads\/2015\/10\/HPIM0058.jpg\"><img loading=\"lazy\" decoding=\"async\" aria-describedby=\"caption-attachment-1829\" class=\"size-medium wp-image-1829\" src=\"http:\/\/www.grupocondor.org\/\/wp-content\/uploads\/2015\/10\/HPIM0058-225x300.jpg\" alt=\"El oto\u00f1o\" width=\"225\" height=\"300\" \/><\/a><p id=\"caption-attachment-1829\" class=\"wp-caption-text\">El oto\u00f1o<\/p><\/div>\n<p>&nbsp;<\/p>\n<p style=\"text-align: center;\"><a href=\"http:\/\/www.grupocondor.org\/\/wp-content\/uploads\/2015\/10\/HPIM0075.jpg\"><img loading=\"lazy\" decoding=\"async\" class=\"alignnone size-medium wp-image-1830\" src=\"http:\/\/www.grupocondor.org\/\/wp-content\/uploads\/2015\/10\/HPIM0075-300x225.jpg\" alt=\"HPIM0075\" width=\"300\" height=\"225\" \/><\/a><\/p>\n","protected":false},"excerpt":{"rendered":"<p>El Club de Monta\u00f1ismo C\u00f3ndor ha realizado el s\u00e1bado, 24 de octubre de 2015, el d\u00eda del Club, con la realizaci\u00f3n del Sendero de Las Acequias de Fond\u00f3n. Se inici\u00f3 en el pueblo de Fond\u00f3n, y discurri\u00f3 integramente por el valle de este bello municipio, pasando por Benecid y Fuente Voctoria. Es un espacio con [&hellip;]<\/p>\n","protected":false},"author":23,"featured_media":0,"comment_status":"open","ping_status":"open","sticky":false,"template":"","format":"standard","meta":{"_et_pb_use_builder":"","_et_pb_old_content":"","_et_gb_content_width":"","footnotes":""},"categories":[8,24,2],"tags":[],"class_list":["post-1824","post","type-post","status-publish","format-standard","hentry","category-actividades","category-categoriasdestacadas","category-montanismo","et-doesnt-have-format-content","et_post_format-et-post-format-standard"],"_links":{"self":[{"href":"https:\/\/www.grupocondor.org\/index.php?rest_route=\/wp\/v2\/posts\/1824","targetHints":{"allow":["GET"]}}],"collection":[{"href":"https:\/\/www.grupocondor.org\/index.php?rest_route=\/wp\/v2\/posts"}],"about":[{"href":"https:\/\/www.grupocondor.org\/index.php?rest_route=\/wp\/v2\/types\/post"}],"author":[{"embeddable":true,"href":"https:\/\/www.grupocondor.org\/index.php?rest_route=\/wp\/v2\/users\/23"}],"replies":[{"embeddable":true,"href":"https:\/\/www.grupocondor.org\/index.php?rest_route=%2Fwp%2Fv2%2Fcomments&post=1824"}],"version-history":[{"count":1,"href":"https:\/\/www.grupocondor.org\/index.php?rest_route=\/wp\/v2\/posts\/1824\/revisions"}],"predecessor-version":[{"id":2382,"href":"https:\/\/www.grupocondor.org\/index.php?rest_route=\/wp\/v2\/posts\/1824\/revisions\/2382"}],"wp:attachment":[{"href":"https:\/\/www.grupocondor.org\/index.php?rest_route=%2Fwp%2Fv2%2Fmedia&parent=1824"}],"wp:term":[{"taxonomy":"category","embeddable":true,"href":"https:\/\/www.grupocondor.org\/index.php?rest_route=%2Fwp%2Fv2%2Fcategories&post=1824"},{"taxonomy":"post_tag","embeddable":true,"href":"https:\/\/www.grupocondor.org\/index.php?rest_route=%2Fwp%2Fv2%2Ftags&post=1824"}],"curies":[{"name":"wp","href":"https:\/\/api.w.org\/{rel}","templated":true}]}}