{"id":1921,"date":"2016-03-20T22:47:57","date_gmt":"2016-03-20T22:47:57","guid":{"rendered":"http:\/\/www.grupocondor.org\/\/?p=1921"},"modified":"2017-06-27T19:35:29","modified_gmt":"2017-06-27T19:35:29","slug":"itinerario-de-montanismo-de-aguamarga-cala-san-pedro-las-negras-sabado-9-de-abril-de-2016","status":"publish","type":"post","link":"https:\/\/www.grupocondor.org\/?p=1921","title":{"rendered":"Itinerario de Monta\u00f1ismo de Aguamarga &#8211; Cala San Pedro &#8211; Las Negras (S\u00e1bado, 9 de Abril de 2016)"},"content":{"rendered":"<p><em>El Club de Monta\u00f1ismo C\u00f3ndor dentro de su programaci\u00f3n anual para 2016,\u00a0 va a celebrar el pr\u00f3ximo s\u00e1bado <strong>9 de Abril<\/strong>, un recorrido por\u00a0<\/em><strong><em>el Parque Natural de Cabo de Gata<\/em><\/strong><em>\u00a0y m\u00e1s concretamente el que transcurre entre\u00a0<\/em><strong><em>Agua Amarga y las Negras<\/em><\/strong><\/p>\n<p><em>\u00a0El itinerario discurre por un sendero que tiene una distancia de unos 14 Km con una dificultad Media; no es un recorrido circular por lo que lo iniciaremos en la Rambla de Agua Amarga y finalizaremos en las Negras, atravesando varias calas como la\u00a0<\/em><strong><em>Cala de Enmedio, la Cala del Plomo<\/em><\/strong><em>,<\/em><strong><em>Cala San Pedro.<\/em><\/strong><\/p>\n<p><strong><em>\u00a0<\/em><\/strong><em>Este recorrido nos va a permite contemplar a lo largo del mismo todos los elementos caracter\u00edsticos del Parque Natural del Cabo de Gata.\u00a0<\/em><\/p>\n<p><strong>FECHA:<\/strong><\/p>\n<p><strong>S\u00e1bado, 9 de Abril 2016<\/strong><\/p>\n<p><strong>\u00a0LUGAR:<\/strong><\/p>\n<p>Parque Natural Cabo de Gata. \u00a0Agua Amarga \u2013 Las Negras.<\/p>\n<p>&nbsp;<\/p>\n<div id=\"attachment_1925\" style=\"width: 457px\" class=\"wp-caption aligncenter\"><a href=\"http:\/\/www.grupocondor.org\/\/wp-content\/uploads\/2016\/03\/1918867_1068416729846948_3927520418895569202_n.jpg\" rel=\"attachment wp-att-1925\"><img loading=\"lazy\" decoding=\"async\" aria-describedby=\"caption-attachment-1925\" class=\" wp-image-1925\" src=\"http:\/\/www.grupocondor.org\/\/wp-content\/uploads\/2016\/03\/1918867_1068416729846948_3927520418895569202_n-300x222.jpg\" alt=\"Cala de San Pedro\" width=\"447\" height=\"331\" \/><\/a><p id=\"caption-attachment-1925\" class=\"wp-caption-text\">\u00a0 \u00a0 \u00a0 \u00a0 \u00a0 \u00a0 \u00a0 \u00a0 \u00a0 \u00a0 \u00a0 \u00a0 \u00a0 \u00a0 \u00a0 \u00a0 \u00a0 \u00a0 \u00a0 \u00a0 \u00a0 \u00a0 \u00a0 Cala de San Pedro<\/p><\/div>\n<p>&nbsp;<\/p>\n<p><a href=\"http:\/\/www.grupocondor.org\/\/wp-content\/uploads\/2016\/02\/Mapa.jpg\" rel=\"attachment wp-att-1894\"><img loading=\"lazy\" decoding=\"async\" class=\"wp-image-1894 aligncenter\" src=\"http:\/\/www.grupocondor.org\/\/wp-content\/uploads\/2016\/02\/Mapa-300x193.jpg\" alt=\"Mapa\" width=\"458\" height=\"295\" \/><\/a><\/p>\n<p>&nbsp;<\/p>\n<p><strong>PARTICIPANTES:<\/strong><\/p>\n<p>Socios y No socios federados. \u00a0Los ni\u00f1os deber\u00e1n ir acompa\u00f1ados de un adulto y tener experiencia en actividades de monta\u00f1a.<\/p>\n<p><strong>\u00a0PROGRAMA:<\/strong><\/p>\n<p><strong>08,30 h<\/strong>. Salida en autocar desde la Plaza del Zapillo.<\/p>\n<p><strong>09.45 h<\/strong>. Llegada a Agua Amarga. Inicio del Itinerario. La comida la llevaremos a cabo en el transcurso del recorrido.<\/p>\n<p><strong>16.30 h<\/strong>. Hora aproximada prevista de llegada a las Negras y regreso a Almer\u00eda.<\/p>\n<p>&nbsp;<\/p>\n<p><strong>CUOTA DE INSCRIPCI\u00d3N:<\/strong><\/p>\n<p>Socios mayores: \u2026\u2026\u2026\u2026\u2026.. \u00a0\u00a010 \u20ac<\/p>\n<p>Socios menores de 17 a\u00f1os\u2026. \u00a05 \u20ac<\/p>\n<p>No socios \u00a0\u2026\u2026\u2026\u2026\u2026\u2026\u2026\u2026\u00a0\u00a0 20 \u20ac<\/p>\n<p><strong>COMO INSCRIBIRSE Y PAGAR LA CUOTA DE INSCRIPCI\u00d3N:<\/strong><\/p>\n<p>Hay que inscribirse enviado un correo electr\u00f3nico con nombre, apellidos, DNI., fecha nacimiento, tel\u00e9fono de contacto y el justificante del ingreso de la cuota de inscripci\u00f3n en la siguiente cuenta (Por favor especificar bien el nombre y actividad)<\/p>\n<p>A nombre del Club de<\/p>\n<p><strong>Monta\u00f1ismo C\u00f3ndor. UNICAJA.<\/strong><\/p>\n<p><strong>Cuenta Corriente n\u00ba: 2103.5002.72.0300027972.<\/strong><\/p>\n<p><strong>\u00a0FECHA L\u00cdMITE DE INSCRIPCI\u00d3N:<\/strong><\/p>\n<p>Martes 16 de Febrero (Plazas Limitadas, por orden de inscripci\u00f3n).<\/p>\n<p><a href=\"http:\/\/www.grupocondor.org\/\/wp-content\/uploads\/2016\/03\/IMG-20160201-WA0002.jpg\" rel=\"attachment wp-att-1923\"><img loading=\"lazy\" decoding=\"async\" class=\"wp-image-1923 aligncenter\" src=\"http:\/\/www.grupocondor.org\/\/wp-content\/uploads\/2016\/03\/IMG-20160201-WA0002-300x223.jpg\" alt=\"IMG-20160201-WA0002\" width=\"424\" height=\"315\" \/><\/a><\/p>\n<p>&nbsp;<\/p>\n<p><strong>PARA M\u00c1S INFORMACI\u00d3N:<\/strong><\/p>\n<p>Ponerse en contacto trav\u00e9s del correo electr\u00f3nico:<a href=\"mailto:secretaria@grupocondor.org\">secretaria@grupocondor.org<\/a>, o en el tel\u00e9fono 634662666 Carmen Pe\u00f1a<\/p>\n<p><strong>QUE INCLUYE LA CUOTA DE INSCRIPCI\u00d3N<\/strong>:<\/p>\n<p>Desplazamiento en autocar, monitores especialistas, material informativo y cartogr\u00e1fico.<\/p>\n<p><strong>ALMUERZO<\/strong><\/p>\n<p>Habr\u00e1 que llevarse la comida \u00a0ya que la realizaremos en alg\u00fan punto de inter\u00e9s durante el recorrido.<\/p>\n<p><strong>PROGRAMA DETALLADO DE LA ACTIVIDAD:<\/strong><\/p>\n<p><a href=\"http:\/\/www.grupocondor.org\/\/wp-content\/uploads\/2016\/03\/Programa-Aguamarga-Las-Negras-9-4-2016.pdf\" rel=\"\">Programa Aguamarga-Las Negras (9-4-2016)<\/a><\/p>\n","protected":false},"excerpt":{"rendered":"<p>El Club de Monta\u00f1ismo C\u00f3ndor dentro de su programaci\u00f3n anual para 2016,\u00a0 va a celebrar el pr\u00f3ximo s\u00e1bado 9 de Abril, un recorrido por\u00a0el Parque Natural de Cabo de Gata\u00a0y m\u00e1s concretamente el que transcurre entre\u00a0Agua Amarga y las Negras \u00a0El itinerario discurre por un sendero que tiene una distancia de unos 14 Km con [&hellip;]<\/p>\n","protected":false},"author":23,"featured_media":0,"comment_status":"open","ping_status":"open","sticky":false,"template":"","format":"standard","meta":{"_et_pb_use_builder":"","_et_pb_old_content":"","_et_gb_content_width":"","footnotes":""},"categories":[8,24,2],"tags":[],"class_list":["post-1921","post","type-post","status-publish","format-standard","hentry","category-actividades","category-categoriasdestacadas","category-montanismo","et-doesnt-have-format-content","et_post_format-et-post-format-standard"],"_links":{"self":[{"href":"https:\/\/www.grupocondor.org\/index.php?rest_route=\/wp\/v2\/posts\/1921","targetHints":{"allow":["GET"]}}],"collection":[{"href":"https:\/\/www.grupocondor.org\/index.php?rest_route=\/wp\/v2\/posts"}],"about":[{"href":"https:\/\/www.grupocondor.org\/index.php?rest_route=\/wp\/v2\/types\/post"}],"author":[{"embeddable":true,"href":"https:\/\/www.grupocondor.org\/index.php?rest_route=\/wp\/v2\/users\/23"}],"replies":[{"embeddable":true,"href":"https:\/\/www.grupocondor.org\/index.php?rest_route=%2Fwp%2Fv2%2Fcomments&post=1921"}],"version-history":[{"count":1,"href":"https:\/\/www.grupocondor.org\/index.php?rest_route=\/wp\/v2\/posts\/1921\/revisions"}],"predecessor-version":[{"id":2372,"href":"https:\/\/www.grupocondor.org\/index.php?rest_route=\/wp\/v2\/posts\/1921\/revisions\/2372"}],"wp:attachment":[{"href":"https:\/\/www.grupocondor.org\/index.php?rest_route=%2Fwp%2Fv2%2Fmedia&parent=1921"}],"wp:term":[{"taxonomy":"category","embeddable":true,"href":"https:\/\/www.grupocondor.org\/index.php?rest_route=%2Fwp%2Fv2%2Fcategories&post=1921"},{"taxonomy":"post_tag","embeddable":true,"href":"https:\/\/www.grupocondor.org\/index.php?rest_route=%2Fwp%2Fv2%2Ftags&post=1921"}],"curies":[{"name":"wp","href":"https:\/\/api.w.org\/{rel}","templated":true}]}}