{"id":1993,"date":"2016-12-27T21:43:11","date_gmt":"2016-12-27T21:43:11","guid":{"rendered":"http:\/\/www.grupocondor.org\/\/?p=1993"},"modified":"2017-06-27T19:35:28","modified_gmt":"2017-06-27T19:35:28","slug":"nueva-temporada-la-escuela-municipal-montanismo-almeria-20162017","status":"publish","type":"post","link":"https:\/\/www.grupocondor.org\/?p=1993","title":{"rendered":"Nueva temporada de la Escuela Municipal de Monta\u00f1ismo de Almer\u00eda 2016\/2017"},"content":{"rendered":"<h3 style=\"text-align: center;\"><u>Escuela Municipal de Monta\u00f1ismo 2016 \/ 2017<\/u><\/h3>\n<p>&nbsp;<\/p>\n<p><strong><em>26 a\u00f1os ense\u00f1ando a los j\u00f3venes almerienses en la pr\u00e1ctica del Monta\u00f1ismo<\/em><\/strong><\/p>\n<p>&nbsp;<\/p>\n<p><strong>\u00a0 \u00a0 \u00a0 \u00a0 \u00a0 \u00a0 \u00a0El Concejal de Deportes del Ayuntamiento de Almer\u00eda, Juan Jos\u00e9 Segura, \u00a0el Presidente del Club de Monta\u00f1ismo C\u00f3ndor, Manuel Gonz\u00e1lez y el Coordinador de la Escuela, Fernando Granados, han presentado el Programa de la Escuela Municipal de Monta\u00f1ismo 2016\/2017.<\/strong><\/p>\n<p><strong>Con este Curso escolar la Escuela de Monta\u00f1ismo veintis\u00e9is a\u00f1os ense\u00f1ando a los j\u00f3venes almerienses en la pr\u00e1ctica de los deportes de monta\u00f1a, de una forma segura. <\/strong><strong><em>Han participado 37.550 j\u00f3venes almerienses desde la primera Escuela de Monta\u00f1ismo en el Curso escolar 1990\/1991.<\/em><\/strong><\/p>\n<p><strong>Tendr\u00e1 como una de las actividades especiales la inclusi\u00f3n de la <em><u>Marcha N\u00f3rdica<\/u><\/em>, que consiste en caminar con la ayuda de bastones similares a los utilizados en el esqu\u00ed.<\/strong><\/p>\n<p><strong>Y aunque siempre ha sido uno de los contenidos esenciales, \u201cLa Seguridad\u201d va a ser una prioridad, con el lema <\/strong><strong><em><u>\u201cAprendiendo de una forma segura\u201d<\/u><\/em><\/strong><strong> se quiere concienciar a los j\u00f3venes que para la pr\u00e1ctica del monta\u00f1ismo deben obtener una informaci\u00f3n y formaci\u00f3n, puesto que es la mejor forma para conocer, y por tanto prevenir, cualquier tipo de incidente.<\/strong><\/p>\n<p><strong>\u00a0<\/strong>\u00a0\u00a0\u00a0\u00a0\u00a0\u00a0\u00a0\u00a0\u00a0\u00a0\u00a0 <strong>La actividad pr\u00f3xima prevista es el \u201cCampamento de Monta\u00f1ismo\u201d que se va a realizar en el Parque Natural de Sierra Nevada, en el Albergue Rural el Barranco de la Salud (Laroles-Granada), del 20 al 22 de Enero de 2017.<\/strong><\/p>\n<p style=\"text-align: left;\">\u00a0 \u00a0 \u00a0 \u00a0 \u00a0 \u00a0 \u00a0 \u00a0 \u00a0 \u00a0 \u00a0 \u00a0 \u00a0 \u00a0 \u00a0 \u00a0 \u00a0 \u00a0 \u00a0 \u00a0 \u00a0 \u00a0 \u00a0 \u00a0 \u00a0 \u00a0 \u00a0 \u00a0 \u00a0 \u00a0 \u00a0 \u00a0 \u00a0 \u00a0 \u00a0 \u00a0 \u00a0 \u00a0 \u00a0 \u00a0 \u00a0 \u00a0 \u00a0 \u00a0 \u00a0\u00a0<a href=\"http:\/\/www.grupocondor.org\/\/wp-content\/uploads\/2016\/12\/Logo-jpg.jpg\"><img loading=\"lazy\" decoding=\"async\" class=\"alignnone  wp-image-1998\" src=\"http:\/\/www.grupocondor.org\/\/wp-content\/uploads\/2016\/12\/Logo-jpg-212x300.jpg\" alt=\"logo-jpg\" width=\"261\" height=\"369\" \/><\/a>\u00a0 \u00a0 \u00a0 \u00a0 \u00a0 \u00a0 \u00a0 \u00a0 \u00a0 \u00a0 \u00a0 \u00a0 \u00a0 \u00a0 \u00a0 \u00a0<a href=\"http:\/\/www.grupocondor.org\/\/wp-content\/uploads\/2016\/12\/Cartel-EM-MontanismoCondor2017conslogan-.jpg\"><img loading=\"lazy\" decoding=\"async\" class=\"alignnone  wp-image-1994\" src=\"http:\/\/www.grupocondor.org\/\/wp-content\/uploads\/2016\/12\/Cartel-EM-MontanismoCondor2017conslogan--198x300.jpg\" alt=\"cartel-em-montanismocondor2017conslogan\" width=\"239\" height=\"362\" \/><\/a><\/p>\n<p>\u00a0 \u00a0 \u00a0 \u00a0 \u00a0 \u00a0Esta Escuela que coincide con el curso escolar, tiene un programa ya concertado con los colegios e institutos, en el que los participantes son de estos centros y cuyas actividades se vienen desarrollando desde el mes de septiembre, y por otro lado tiene una oferta a los j\u00f3venes almerienses de forma individual, de edades comprendidas entre los 8 y 16 a\u00f1os.<strong>Hay un total de 25 Opciones, que abarcan las diferentes facetas del monta\u00f1ismo: excursionismo, senderismo, orientaci\u00f3n, educaci\u00f3n ambiental, seguridad (primeros auxilios), marcha n\u00f3rdica y\u00a0 escalada y rapel.<\/strong><\/p>\n<p><strong>\u00a0<\/strong>El <strong>Club de Monta\u00f1ismo C\u00f3ndor<\/strong>, junto con el <strong>Patronato Municipal de Deportes del Ayuntamiento de Almer\u00eda<\/strong>, ofrece a los centros escolares de Almer\u00eda, as\u00ed como a los j\u00f3venes de forma individual, la posibilidad de realizar una serie de actividades deportivas en la naturaleza a trav\u00e9s de la Escuela Municipal de Monta\u00f1ismo.<\/p>\n<p>Va a contar con la participaci\u00f3n de ocho centros escolares del municipio almeriense: <strong><em>CEIP San Fernando, Colegio Virgen del Mar, CEIP Nueva Almer\u00eda, IES Galileo, Colegio San Francisco, IES Maestro Padilla, CEIP Mar Mediterr\u00e1neo, y el IES Al Andalus.<\/em><\/strong> Adem\u00e1s de j\u00f3venes a nivel individual de las actividades que se ofertan para su participaci\u00f3n.<\/p>\n<p><strong>Est\u00e1 prevista la participaci\u00f3n de unos 2.000 j\u00f3venes, <\/strong>en este curso escolar 2016\/2017.<\/p>\n<p>Aunque ya se inici\u00f3 en septiembre los meses m\u00e1s intensos de actividades ser\u00e1n de enero a mayo.<\/p>\n<p><strong>\u00a0<\/strong>\u00a0\u00a0\u00a0\u00a0\u00a0\u00a0\u00a0\u00a0\u00a0\u00a0\u00a0 Se diferencian tres etapas, una <strong><u>Etapa Base<\/u><\/strong>, en el que el juego y las actividades ambientales jugar\u00e1n un papel fundamental. Una <strong><u>Etapa de Iniciaci\u00f3n<\/u><\/strong>, en la que se tomar\u00e1 contacto con todas las facetas del monta\u00f1ismo, y una <strong><u>Etapa de Especialidad Deportiva<\/u><\/strong>, en la que se llevar\u00e1 a cabo el desarrollo de una actividad concreta de forma m\u00e1s especializada.<\/p>\n<p><strong>La Escuela<\/strong><strong> est\u00e1 dirigida por un Equipo de 15 Especialistas en cada una de las facetas que se desarrollan<\/strong>: T\u00e9cnicos Deportivos de Nivel II de Alta Monta\u00f1a, T\u00e9cnicos Deportivos Nivel I, T\u00e9cnicos Deportivos de Escalada, Monitores de Educaci\u00f3n Ambiental, T\u00e9cnicos de Protecci\u00f3n Civil, Licenciados en Ciencias Ambientales y Biolog\u00eda, y Monitores de Monta\u00f1ismo.<\/p>\n<p>Los <strong>Itinerarios de Monta\u00f1ismo<\/strong> tienen su escenario con diversos niveles de dificultad, desde los itinerarios de un d\u00eda por la Sierra de Cabo de Gata, que discurre por pleno Parque Natural, teniendo como punto de partida Aguamarga, desarroll\u00e1ndose por camino y vereda, pasando por la Cala de San Pedro, hasta Las Negras. Incidiendo en los conocimientos b\u00e1sicos para la pr\u00e1ctica del excursionismo, de seguridad, as\u00ed como en las normas esenciales para la conservaci\u00f3n de la naturaleza, hasta los recorridos de tres d\u00edas que se inician en Fi\u00f1ana, ascendiendo a los Picos del Almirez y La Cumbre, pernoctando en el Refugio Vivac de Pe\u00f1as Negras y en el refugio de Aldeire.<\/p>\n<p>Entre ambas dificultades hay un amplio abanico de posibilidades: Las <strong>Acampadas de Monta\u00f1ismo<\/strong>, que tendr\u00e1n como escenario los Refugios de Aldeire y de Ubeire, en donde se ver\u00e1n las diversas facetas de este deporte: excursionismo, orientaci\u00f3n, escalada, as\u00ed como la seguridad y protecci\u00f3n de la naturaleza. E igualmente con la posibilidad de un Itinerario por Sierra Nevada por el Sendero del Casta\u00f1o de Cerecillos, en el municipio de Laujar.<\/p>\n<p>La <strong>Cursos<\/strong><strong> de Iniciaci\u00f3n a la Orientaci\u00f3n en Monta\u00f1a<\/strong> tienen como escenario el Parque del Andarax, en donde se toma el primer contacto con el mapa y la br\u00fajula. Se quiere iniciar la capacidad de los j\u00f3venes de moverse por un terreno desconocido, desarrollando la capacidad f\u00edsica aer\u00f3bica en un medio natural, distinto del urbano. Igualmente se quiere ense\u00f1ar las t\u00e9cnicas b\u00e1sicas de orientaci\u00f3n: lectura de mapas y orientarlos. Se llevar\u00e1n a cabo diversas sesiones pr\u00e1cticas en las aulas del propio centro escolar. Igualmente se desarrollar\u00e1 un recorrido de orientaci\u00f3n en el Paraje de Aldeire (Sierra Nevada).<\/p>\n<p>Se desarrollar\u00e1n actividades de <strong>Educaci\u00f3n Ambiental<\/strong> en el Jard\u00edn Bot\u00e1nico de El Albardinal de Rodalquilar, que pertenece a la red Andaluza de Jardines Bot\u00e1nicos en Espacios Naturales y tiene como uno de sus objetivos la conservaci\u00f3n de flora amenazada y la difusi\u00f3n del conocimiento sobre las plantas, especialmente sobre las aut\u00f3ctonas. En dicha actividad se llevar\u00e1 a cabo un itinerario ambiental por el citado espacio natural, tomando contacto con la vegetaci\u00f3n que predomina en zonas \u00e1ridas, como es el caso del Parque natural de Cabo de Gata. Se desarrollar\u00e1 un Taller de Arom\u00e1ticas y Educaci\u00f3n Ambiental, en donde se ver\u00e1 el aprovechamiento tradicional de las plantas arom\u00e1ticas. Se le ofrece con esta actividad a los j\u00f3venes monta\u00f1eros el contacto directo con el medio natural y un acercamiento al mundo vegetal de Almer\u00eda. Anterior a esta salida se realizar\u00e1 una charla-proyecci\u00f3n en el propio centro escolar.<\/p>\n<p>Los \u201c<strong>Cursos de Iniciaci\u00f3n al Monta\u00f1ismo<\/strong>\u201d contar\u00e1n con una sesi\u00f3n te\u00f3rica en el Centro escolar, dando los conocimientos b\u00e1sicos para iniciarse en el deporte del monta\u00f1ismo y en la protecci\u00f3n de las monta\u00f1as almerienses. Se contar\u00e1 para ello con diverso material formativo y divulgativo.<\/p>\n<p>Los \u201c<strong>Cursos de Seguridad en Monta\u00f1a y Primeros Auxilios<\/strong>\u201d. Tendr\u00e1n tres sesiones te\u00f3ricas, en las que se dar\u00e1n los conocimientos b\u00e1sicos que sobre seguridad y primeros auxilios son necesarios para la pr\u00e1ctica del monta\u00f1ismo. Para ello se contar\u00e1 con material divulgativo, y de forma pr\u00e1ctica se realizar\u00e1n simulacros de socorrismo.<\/p>\n<p>Igualmente hay que destacar dos actividades de gran relevancia, a primeros de junio, \u201c<strong>La Campa\u00f1a<\/strong><strong> para la Protecci\u00f3n de la Monta\u00f1a<\/strong>\u201d, en donde se incidir\u00e1 sobre la importancia del respeto al medio ambiente, con charlas-proyecciones y material formativo, e igualmente habr\u00e1 una salida por las Salinas del Cabo de Gata, en donde se estudiar\u00e1 sobre el terreno las basuras que puedan haber y su influencia negativa sobre el entorno.<\/p>\n<p>&nbsp;<\/p>\n<p><u>INSCRIPCIONES<\/u>.<\/p>\n<p><strong>\u00a0<\/strong>Club de Monta\u00f1ismo C\u00f3ndor, C\/ La Curva, 5 04007\u00a0 ALMER\u00cdA. O bien a trav\u00e9s del correo electr\u00f3nico: <a href=\"mailto:secretaria@grupocondor.org\">secretaria@grupocondor.org<\/a> \u00a0\u00a0\u00a0Para m\u00e1s informaci\u00f3n, puedes llamar a tel\u00e9fono \/ fax: 950 \/ 25 53 78, o bien en el movil 667\/488.179. Y en la p\u00e1gina web: <a href=\"http:\/\/www.grupocondor.org\/\/\">www.grupocondor.org<\/a><\/p>\n<p>E igualmente en el Patronato Municipal de Deportes del Ayuntamiento de Almer\u00eda: <a href=\"http:\/\/www.pmdalmeria.com\/\">www.pmdalmeria.com<\/a><\/p>\n<p>MAS INFORMACI\u00d3N:<\/p>\n<p><a href=\"https:\/\/www.facebook.com\/PMDAlmeria\/photos\/a.164908160196307.33292.114610398559417\/1289583001062145\/?type=3&amp;theater\">https:\/\/www.facebook.com\/PMDAlmeria\/photos\/a.164908160196307.33292.114610398559417\/1289583001062145\/?type=3&amp;theater<\/a><\/p>\n<p><a href=\"http:\/\/pmdalmeria.com\/noticia\/la-edm-de-monta%C3%B1ismo-vivir%C3%A1-una-nueva-temporada-cargada-de-actividades\">http:\/\/pmdalmeria.com\/noticia\/la-edm-de-monta%C3%B1ismo-vivir%C3%A1-una-nueva-temporada-cargada-de-actividades<\/a><\/p>\n<p><a href=\"http:\/\/www.lavozdealmeria.es\/Noticias\/120409\/8\/Nueva-temporada-para-la-EMD-de-Monta%C3%B1ismo\">http:\/\/www.lavozdealmeria.es\/Noticias\/120409\/8\/Nueva-temporada-para-la-EMD-de-Monta%C3%B1ismo<\/a><\/p>\n","protected":false},"excerpt":{"rendered":"<p>Escuela Municipal de Monta\u00f1ismo 2016 \/ 2017 &nbsp; 26 a\u00f1os ense\u00f1ando a los j\u00f3venes almerienses en la pr\u00e1ctica del Monta\u00f1ismo &nbsp; \u00a0 \u00a0 \u00a0 \u00a0 \u00a0 \u00a0 \u00a0El Concejal de Deportes del Ayuntamiento de Almer\u00eda, Juan Jos\u00e9 Segura, \u00a0el Presidente del Club de Monta\u00f1ismo C\u00f3ndor, Manuel Gonz\u00e1lez y el Coordinador de la Escuela, Fernando Granados, [&hellip;]<\/p>\n","protected":false},"author":23,"featured_media":0,"comment_status":"open","ping_status":"open","sticky":false,"template":"","format":"standard","meta":{"_et_pb_use_builder":"","_et_pb_old_content":"","_et_gb_content_width":"","footnotes":""},"categories":[24,11,2],"tags":[],"class_list":["post-1993","post","type-post","status-publish","format-standard","hentry","category-categoriasdestacadas","category-escuela-municipal","category-montanismo","et-doesnt-have-format-content","et_post_format-et-post-format-standard"],"_links":{"self":[{"href":"https:\/\/www.grupocondor.org\/index.php?rest_route=\/wp\/v2\/posts\/1993","targetHints":{"allow":["GET"]}}],"collection":[{"href":"https:\/\/www.grupocondor.org\/index.php?rest_route=\/wp\/v2\/posts"}],"about":[{"href":"https:\/\/www.grupocondor.org\/index.php?rest_route=\/wp\/v2\/types\/post"}],"author":[{"embeddable":true,"href":"https:\/\/www.grupocondor.org\/index.php?rest_route=\/wp\/v2\/users\/23"}],"replies":[{"embeddable":true,"href":"https:\/\/www.grupocondor.org\/index.php?rest_route=%2Fwp%2Fv2%2Fcomments&post=1993"}],"version-history":[{"count":1,"href":"https:\/\/www.grupocondor.org\/index.php?rest_route=\/wp\/v2\/posts\/1993\/revisions"}],"predecessor-version":[{"id":2359,"href":"https:\/\/www.grupocondor.org\/index.php?rest_route=\/wp\/v2\/posts\/1993\/revisions\/2359"}],"wp:attachment":[{"href":"https:\/\/www.grupocondor.org\/index.php?rest_route=%2Fwp%2Fv2%2Fmedia&parent=1993"}],"wp:term":[{"taxonomy":"category","embeddable":true,"href":"https:\/\/www.grupocondor.org\/index.php?rest_route=%2Fwp%2Fv2%2Fcategories&post=1993"},{"taxonomy":"post_tag","embeddable":true,"href":"https:\/\/www.grupocondor.org\/index.php?rest_route=%2Fwp%2Fv2%2Ftags&post=1993"}],"curies":[{"name":"wp","href":"https:\/\/api.w.org\/{rel}","templated":true}]}}