{"id":2103,"date":"2017-03-13T23:28:54","date_gmt":"2017-03-13T23:28:54","guid":{"rendered":"http:\/\/www.grupocondor.org\/\/?p=2103"},"modified":"2017-06-27T19:35:28","modified_gmt":"2017-06-27T19:35:28","slug":"condor-ha-realizado-itinerario-las-encinas-milenarias-seron","status":"publish","type":"post","link":"https:\/\/www.grupocondor.org\/?p=2103","title":{"rendered":"C\u00f3ndor ha realizado un Itinerario por las Encinas Milenarias de Ser\u00f3n"},"content":{"rendered":"<p><strong>La actividad desarrollada el s\u00e1bado, 11 de marzo, a contado con treinta y tres participantes, miembros del Club de Monta\u00f1ismo C\u00f3ndor, del Club Deportivo Almeripol, y j\u00f3venes de la Escuela Municipal de Monta\u00f1ismo de Almer\u00eda.<\/strong><\/p>\n<p><strong>\u00a0<\/strong><strong>El recorrido parti\u00f3 desde la cortijada del Marchal del Abogado bordeando el Barranco del Fargal\u00ed hasta encontrarnos con la primera de las grandes protagonistas del sendero, las encinas milenarias de Filabres, la encina del Quema\u00edllo, que nos servi\u00f3 de presentaci\u00f3n para el resto: la de la Ermita, la de la Peana, la Gemela del Pocico, la de las Llagas y la del Marchal. En un recorrido por el C\u00e1ntaro, La Loma y el Montaute que nos traz\u00f3 la historia del coraz\u00f3n de Los Filabres. Paisajes vegetales y mineros, de sacrificio y esplendor.<\/strong><\/p>\n<p><strong>Contamos con un m\u00e1gfico conocedor del entorno, que nos gui\u00f3 ense\u00f1\u00e1ndonos todos los secretos de este entorno maravilloso de Los Filabres. Muchas gracias a Jos\u00e9 Luis Bujald\u00f3n, nuestro Gu\u00eda.<\/strong><\/p>\n<p><strong>La historia de estas supervivientes y su imponente\u00a0 presencia nos conectan, irremediablemente, con nuestro reciente pasado de seres vinculados a un medio que poco a poco deja de existir.<\/strong><\/p>\n<p><strong>\u00a0<\/strong><strong>A continuaci\u00f3n vamos a ver paso a paso el recorrido:<\/strong><\/p>\n<div id=\"attachment_2104\" style=\"width: 848px\" class=\"wp-caption aligncenter\"><a href=\"http:\/\/www.grupocondor.org\/\/wp-content\/uploads\/2017\/03\/P1070794.jpg\"><img loading=\"lazy\" decoding=\"async\" aria-describedby=\"caption-attachment-2104\" class=\"wp-image-2104 size-large\" src=\"http:\/\/www.grupocondor.org\/\/wp-content\/uploads\/2017\/03\/P1070794-1024x768.jpg\" alt=\"\" width=\"838\" height=\"629\" \/><\/a><p id=\"caption-attachment-2104\" class=\"wp-caption-text\">En La encina del Quemaillo<\/p><\/div>\n<p>&nbsp;<\/p>\n<div id=\"attachment_2105\" style=\"width: 848px\" class=\"wp-caption aligncenter\"><a href=\"http:\/\/www.grupocondor.org\/\/wp-content\/uploads\/2017\/03\/IMG_3013.jpg\"><img loading=\"lazy\" decoding=\"async\" aria-describedby=\"caption-attachment-2105\" class=\"wp-image-2105 size-large\" src=\"http:\/\/www.grupocondor.org\/\/wp-content\/uploads\/2017\/03\/IMG_3013-1024x683.jpg\" alt=\"\" width=\"838\" height=\"559\" \/><\/a><p id=\"caption-attachment-2105\" class=\"wp-caption-text\">En la encina del Quemaillo<\/p><\/div>\n<p>&nbsp;<\/p>\n<div id=\"attachment_2106\" style=\"width: 848px\" class=\"wp-caption aligncenter\"><a href=\"http:\/\/www.grupocondor.org\/\/wp-content\/uploads\/2017\/03\/IMG_3036.jpg\"><img loading=\"lazy\" decoding=\"async\" aria-describedby=\"caption-attachment-2106\" class=\"wp-image-2106 size-large\" src=\"http:\/\/www.grupocondor.org\/\/wp-content\/uploads\/2017\/03\/IMG_3036-1024x683.jpg\" alt=\"\" width=\"838\" height=\"559\" \/><\/a><p id=\"caption-attachment-2106\" class=\"wp-caption-text\">Los almendros en flor<\/p><\/div>\n<p style=\"text-align: center;\"><a href=\"http:\/\/www.grupocondor.org\/\/wp-content\/uploads\/2017\/03\/IMG_3037.jpg\"><img loading=\"lazy\" decoding=\"async\" class=\"aligncenter wp-image-2107 size-large\" src=\"http:\/\/www.grupocondor.org\/\/wp-content\/uploads\/2017\/03\/IMG_3037-1024x683.jpg\" alt=\"\" width=\"838\" height=\"559\" \/><\/a><\/p>\n<div id=\"attachment_2108\" style=\"width: 848px\" class=\"wp-caption aligncenter\"><a href=\"http:\/\/www.grupocondor.org\/\/wp-content\/uploads\/2017\/03\/IMG_3049.jpg\"><img loading=\"lazy\" decoding=\"async\" aria-describedby=\"caption-attachment-2108\" class=\"wp-image-2108 size-large\" src=\"http:\/\/www.grupocondor.org\/\/wp-content\/uploads\/2017\/03\/IMG_3049-1024x683.jpg\" alt=\"\" width=\"838\" height=\"559\" \/><\/a><p id=\"caption-attachment-2108\" class=\"wp-caption-text\">Las Menas (Mina Leona)<\/p><\/div>\n<p>&nbsp;<\/p>\n<p>&nbsp;<\/p>\n<p><a href=\"http:\/\/www.grupocondor.org\/\/wp-content\/uploads\/2017\/03\/IMG_3057.jpg\"><img loading=\"lazy\" decoding=\"async\" class=\"aligncenter wp-image-2110 size-large\" src=\"http:\/\/www.grupocondor.org\/\/wp-content\/uploads\/2017\/03\/IMG_3057-e1489446895419-683x1024.jpg\" alt=\"\" width=\"683\" height=\"1024\" \/><\/a><\/p>\n<p>&nbsp;<\/p>\n<p>&nbsp;<\/p>\n<p><a href=\"http:\/\/www.grupocondor.org\/\/wp-content\/uploads\/2017\/03\/IMG_3069.jpg\"><img loading=\"lazy\" decoding=\"async\" class=\"aligncenter wp-image-2109 size-large\" src=\"http:\/\/www.grupocondor.org\/\/wp-content\/uploads\/2017\/03\/IMG_3069-e1489446748550-683x1024.jpg\" alt=\"\" width=\"683\" height=\"1024\" \/><\/a><\/p>\n<p>&nbsp;<\/p>\n<div id=\"attachment_2111\" style=\"width: 848px\" class=\"wp-caption aligncenter\"><a href=\"http:\/\/www.grupocondor.org\/\/wp-content\/uploads\/2017\/03\/IMG_3072.jpg\"><img loading=\"lazy\" decoding=\"async\" aria-describedby=\"caption-attachment-2111\" class=\"wp-image-2111 size-large\" src=\"http:\/\/www.grupocondor.org\/\/wp-content\/uploads\/2017\/03\/IMG_3072-1024x683.jpg\" alt=\"\" width=\"838\" height=\"559\" \/><\/a><p id=\"caption-attachment-2111\" class=\"wp-caption-text\">Camino al C\u00e1ntaro<\/p><\/div>\n<p>&nbsp;<\/p>\n<p><a href=\"http:\/\/www.grupocondor.org\/\/wp-content\/uploads\/2017\/03\/P1070814.jpg\"><img loading=\"lazy\" decoding=\"async\" class=\"aligncenter wp-image-2112 size-full\" src=\"http:\/\/www.grupocondor.org\/\/wp-content\/uploads\/2017\/03\/P1070814.jpg\" alt=\"\" width=\"640\" height=\"480\" \/><\/a><\/p>\n<p>&nbsp;<\/p>\n<div id=\"attachment_2113\" style=\"width: 693px\" class=\"wp-caption aligncenter\"><a href=\"http:\/\/www.grupocondor.org\/\/wp-content\/uploads\/2017\/03\/IMG_3108.jpg\"><img loading=\"lazy\" decoding=\"async\" aria-describedby=\"caption-attachment-2113\" class=\"wp-image-2113 size-large\" src=\"http:\/\/www.grupocondor.org\/\/wp-content\/uploads\/2017\/03\/IMG_3108-e1489447308642-683x1024.jpg\" alt=\"\" width=\"683\" height=\"1024\" \/><\/a><p id=\"caption-attachment-2113\" class=\"wp-caption-text\">Camino de La Ermita<\/p><\/div>\n<p>&nbsp;<\/p>\n<p>&nbsp;<\/p>\n<div id=\"attachment_2114\" style=\"width: 848px\" class=\"wp-caption aligncenter\"><a href=\"http:\/\/www.grupocondor.org\/\/wp-content\/uploads\/2017\/03\/IMG_3122.jpg\"><img loading=\"lazy\" decoding=\"async\" aria-describedby=\"caption-attachment-2114\" class=\"wp-image-2114 size-large\" src=\"http:\/\/www.grupocondor.org\/\/wp-content\/uploads\/2017\/03\/IMG_3122-1024x683.jpg\" alt=\"\" width=\"838\" height=\"559\" \/><\/a><p id=\"caption-attachment-2114\" class=\"wp-caption-text\">Vista de La Encina Milenaria de La peana desde La Ermita<\/p><\/div>\n<p>&nbsp;<\/p>\n<div id=\"attachment_2115\" style=\"width: 848px\" class=\"wp-caption aligncenter\"><a href=\"http:\/\/www.grupocondor.org\/\/wp-content\/uploads\/2017\/03\/IMG_3133.jpg\"><img loading=\"lazy\" decoding=\"async\" aria-describedby=\"caption-attachment-2115\" class=\"wp-image-2115 size-large\" src=\"http:\/\/www.grupocondor.org\/\/wp-content\/uploads\/2017\/03\/IMG_3133-1024x683.jpg\" alt=\"\" width=\"838\" height=\"559\" \/><\/a><p id=\"caption-attachment-2115\" class=\"wp-caption-text\">Camino de La Peana<\/p><\/div>\n<p>&nbsp;<\/p>\n<p>&nbsp;<\/p>\n<p><a href=\"http:\/\/www.grupocondor.org\/\/wp-content\/uploads\/2017\/03\/IMG_3144.jpg\"><img loading=\"lazy\" decoding=\"async\" class=\"aligncenter wp-image-2116 size-large\" src=\"http:\/\/www.grupocondor.org\/\/wp-content\/uploads\/2017\/03\/IMG_3144-1024x683.jpg\" alt=\"\" width=\"838\" height=\"559\" \/><\/a><\/p>\n<p>&nbsp;<\/p>\n<div id=\"attachment_2117\" style=\"width: 848px\" class=\"wp-caption aligncenter\"><a href=\"http:\/\/www.grupocondor.org\/\/wp-content\/uploads\/2017\/03\/IMG_3161.jpg\"><img loading=\"lazy\" decoding=\"async\" aria-describedby=\"caption-attachment-2117\" class=\"wp-image-2117 size-large\" src=\"http:\/\/www.grupocondor.org\/\/wp-content\/uploads\/2017\/03\/IMG_3161-1024x683.jpg\" alt=\"\" width=\"838\" height=\"559\" \/><\/a><p id=\"caption-attachment-2117\" class=\"wp-caption-text\">LA PEANA<\/p><\/div>\n<p>&nbsp;<\/p>\n<p><a href=\"http:\/\/www.grupocondor.org\/\/wp-content\/uploads\/2017\/03\/IMG_3171.jpg\"><img loading=\"lazy\" decoding=\"async\" class=\"aligncenter wp-image-2120 size-large\" src=\"http:\/\/www.grupocondor.org\/\/wp-content\/uploads\/2017\/03\/IMG_3171-1024x683.jpg\" alt=\"\" width=\"838\" height=\"559\" \/><\/a><\/p>\n<p>&nbsp;<\/p>\n<p>&nbsp;<\/p>\n<p><a href=\"http:\/\/www.grupocondor.org\/\/wp-content\/uploads\/2017\/03\/IMG_3185.jpg\"><img loading=\"lazy\" decoding=\"async\" class=\"aligncenter wp-image-2121 size-large\" src=\"http:\/\/www.grupocondor.org\/\/wp-content\/uploads\/2017\/03\/IMG_3185-1024x683.jpg\" alt=\"\" width=\"838\" height=\"559\" \/><\/a><\/p>\n<p>&nbsp;<\/p>\n<div id=\"attachment_2122\" style=\"width: 848px\" class=\"wp-caption aligncenter\"><a href=\"http:\/\/www.grupocondor.org\/\/wp-content\/uploads\/2017\/03\/IMG_3216.jpg\"><img loading=\"lazy\" decoding=\"async\" aria-describedby=\"caption-attachment-2122\" class=\"wp-image-2122 size-large\" src=\"http:\/\/www.grupocondor.org\/\/wp-content\/uploads\/2017\/03\/IMG_3216-1024x683.jpg\" alt=\"\" width=\"838\" height=\"559\" \/><\/a><p id=\"caption-attachment-2122\" class=\"wp-caption-text\">Cortijada de El Pocico<\/p><\/div>\n","protected":false},"excerpt":{"rendered":"<p>La actividad desarrollada el s\u00e1bado, 11 de marzo, a contado con treinta y tres participantes, miembros del Club de Monta\u00f1ismo C\u00f3ndor, del Club Deportivo Almeripol, y j\u00f3venes de la Escuela Municipal de Monta\u00f1ismo de Almer\u00eda. \u00a0El recorrido parti\u00f3 desde la cortijada del Marchal del Abogado bordeando el Barranco del Fargal\u00ed hasta encontrarnos con la primera [&hellip;]<\/p>\n","protected":false},"author":23,"featured_media":0,"comment_status":"open","ping_status":"open","sticky":false,"template":"","format":"standard","meta":{"_et_pb_use_builder":"","_et_pb_old_content":"","_et_gb_content_width":"","footnotes":""},"categories":[8,24,11,2],"tags":[],"class_list":["post-2103","post","type-post","status-publish","format-standard","hentry","category-actividades","category-categoriasdestacadas","category-escuela-municipal","category-montanismo","et-doesnt-have-format-content","et_post_format-et-post-format-standard"],"_links":{"self":[{"href":"https:\/\/www.grupocondor.org\/index.php?rest_route=\/wp\/v2\/posts\/2103","targetHints":{"allow":["GET"]}}],"collection":[{"href":"https:\/\/www.grupocondor.org\/index.php?rest_route=\/wp\/v2\/posts"}],"about":[{"href":"https:\/\/www.grupocondor.org\/index.php?rest_route=\/wp\/v2\/types\/post"}],"author":[{"embeddable":true,"href":"https:\/\/www.grupocondor.org\/index.php?rest_route=\/wp\/v2\/users\/23"}],"replies":[{"embeddable":true,"href":"https:\/\/www.grupocondor.org\/index.php?rest_route=%2Fwp%2Fv2%2Fcomments&post=2103"}],"version-history":[{"count":1,"href":"https:\/\/www.grupocondor.org\/index.php?rest_route=\/wp\/v2\/posts\/2103\/revisions"}],"predecessor-version":[{"id":2351,"href":"https:\/\/www.grupocondor.org\/index.php?rest_route=\/wp\/v2\/posts\/2103\/revisions\/2351"}],"wp:attachment":[{"href":"https:\/\/www.grupocondor.org\/index.php?rest_route=%2Fwp%2Fv2%2Fmedia&parent=2103"}],"wp:term":[{"taxonomy":"category","embeddable":true,"href":"https:\/\/www.grupocondor.org\/index.php?rest_route=%2Fwp%2Fv2%2Fcategories&post=2103"},{"taxonomy":"post_tag","embeddable":true,"href":"https:\/\/www.grupocondor.org\/index.php?rest_route=%2Fwp%2Fv2%2Ftags&post=2103"}],"curies":[{"name":"wp","href":"https:\/\/api.w.org\/{rel}","templated":true}]}}