{"id":228,"date":"2008-06-01T14:29:48","date_gmt":"2008-06-01T14:29:48","guid":{"rendered":"http:\/\/webs.almeritek.com\/grupocondor.org\/?p=228"},"modified":"2015-01-14T17:43:37","modified_gmt":"2015-01-14T17:43:37","slug":"itinerario-sierra-filabres-calar-alto-gergal","status":"publish","type":"post","link":"https:\/\/www.grupocondor.org\/?p=228","title":{"rendered":"Itinerario Sierra Filabres: Calar Alto &#8211; G\u00e9rgal"},"content":{"rendered":"<p>Itinerario Sierra Filabres: Calar Alto &#8211; G\u00e9rgal | Grupo C\u00f3ndor<\/p>\n<div id=\"outer-container\">\n<div id=\"page-right\">\n<div id=\"page-left\">\n<div id=\"container\">\n<div id=\"inside-content\">\n<div class=\"clear-block\">\n<div id=\"mainContent\">\n<div id=\"node-85\" class=\"node clear-block\">\n<div class=\"content\">\n<p>Iniciamos el itinerario en la cota m\u00e1s alta de esta sierra, el Calar Alto (2.178 metros), junto a las c\u00fapulas del Observatorio Astron\u00f3mico, descendiendo direcci\u00f3n Sur por veredas hacia el paraje de los Aceitunos y desde aqu\u00ed hasta llegar al caserio de Portocarrero, desde aqu\u00ed la Rambla de G\u00e9rgal nos acompa\u00f1ar\u00e1 hasta el Almendral, Las Aneas hasta llegar al pueblo de G\u00e9rgal (763 metros), final del trayecto.<\/p>\n<p>&nbsp;<\/p>\n<\/div>\n<\/div>\n<\/div>\n<\/div>\n<\/div>\n<\/div>\n<\/div>\n<\/div>\n<\/div>\n","protected":false},"excerpt":{"rendered":"<p>Itinerario Sierra Filabres: Calar Alto &#8211; G\u00e9rgal | Grupo C\u00f3ndor Iniciamos el itinerario en la cota m\u00e1s alta de esta sierra, el Calar Alto (2.178 metros), junto a las c\u00fapulas del Observatorio Astron\u00f3mico, descendiendo direcci\u00f3n Sur por veredas hacia el paraje de los Aceitunos y desde aqu\u00ed hasta llegar al caserio de Portocarrero, desde aqu\u00ed [&hellip;]<\/p>\n","protected":false},"author":7743,"featured_media":230,"comment_status":"open","ping_status":"open","sticky":false,"template":"","format":"standard","meta":{"_et_pb_use_builder":"","_et_pb_old_content":"","_et_gb_content_width":"","footnotes":""},"categories":[8,2],"tags":[],"class_list":["post-228","post","type-post","status-publish","format-standard","has-post-thumbnail","hentry","category-actividades","category-montanismo","et-has-post-format-content","et_post_format-et-post-format-standard"],"_links":{"self":[{"href":"https:\/\/www.grupocondor.org\/index.php?rest_route=\/wp\/v2\/posts\/228","targetHints":{"allow":["GET"]}}],"collection":[{"href":"https:\/\/www.grupocondor.org\/index.php?rest_route=\/wp\/v2\/posts"}],"about":[{"href":"https:\/\/www.grupocondor.org\/index.php?rest_route=\/wp\/v2\/types\/post"}],"author":[{"embeddable":true,"href":"https:\/\/www.grupocondor.org\/index.php?rest_route=\/wp\/v2\/users\/7743"}],"replies":[{"embeddable":true,"href":"https:\/\/www.grupocondor.org\/index.php?rest_route=%2Fwp%2Fv2%2Fcomments&post=228"}],"version-history":[{"count":1,"href":"https:\/\/www.grupocondor.org\/index.php?rest_route=\/wp\/v2\/posts\/228\/revisions"}],"predecessor-version":[{"id":231,"href":"https:\/\/www.grupocondor.org\/index.php?rest_route=\/wp\/v2\/posts\/228\/revisions\/231"}],"wp:featuredmedia":[{"embeddable":true,"href":"https:\/\/www.grupocondor.org\/index.php?rest_route=\/wp\/v2\/media\/230"}],"wp:attachment":[{"href":"https:\/\/www.grupocondor.org\/index.php?rest_route=%2Fwp%2Fv2%2Fmedia&parent=228"}],"wp:term":[{"taxonomy":"category","embeddable":true,"href":"https:\/\/www.grupocondor.org\/index.php?rest_route=%2Fwp%2Fv2%2Fcategories&post=228"},{"taxonomy":"post_tag","embeddable":true,"href":"https:\/\/www.grupocondor.org\/index.php?rest_route=%2Fwp%2Fv2%2Ftags&post=228"}],"curies":[{"name":"wp","href":"https:\/\/api.w.org\/{rel}","templated":true}]}}