{"id":2300,"date":"2017-05-14T17:30:28","date_gmt":"2017-05-14T17:30:28","guid":{"rendered":"http:\/\/www.grupocondor.org\/\/?p=2300"},"modified":"2017-06-27T21:14:01","modified_gmt":"2017-06-27T21:14:01","slug":"parque-del-andarax-escenario-las-actividades-la-escuela-montanismo-10-11-mayo-2017","status":"publish","type":"post","link":"https:\/\/www.grupocondor.org\/?p=2300","title":{"rendered":"EL PARQUE DEL ANDARAX ESCENARIO DE LAS ACTIVIDADES DE LA ESCUELA DE MONTA\u00d1ISMO  (10 Y 11 DE MAYO DE 2017)"},"content":{"rendered":"<h2 style=\"text-align: center;\"><strong>528 j\u00f3venes, de siete centros escolares almerienses, participan en las actividades de Orientaci\u00f3n y Educaci\u00f3n Ambiental, en Parque del Andarax, dentro del programa \u00a0de la Escuela Municipal de Monta\u00f1ismo de Almer\u00eda.<\/strong><\/h2>\n<p>&nbsp;<\/p>\n<p>&nbsp;<\/p>\n<div id=\"attachment_2301\" style=\"width: 848px\" class=\"wp-caption aligncenter\"><a href=\"http:\/\/www.grupocondor.org\/\/wp-content\/uploads\/2017\/05\/Alumnos-del-Colegio-Virgen-del-Mar_2048x1365.jpg\"><img loading=\"lazy\" decoding=\"async\" aria-describedby=\"caption-attachment-2301\" class=\"wp-image-2301 size-large\" src=\"http:\/\/www.grupocondor.org\/\/wp-content\/uploads\/2017\/05\/Alumnos-del-Colegio-Virgen-del-Mar_2048x1365-1024x409.jpg\" alt=\"\" width=\"838\" height=\"335\" \/><\/a><p id=\"caption-attachment-2301\" class=\"wp-caption-text\">Alumnos del Colegio Virgen del Mar<\/p><\/div>\n<p><strong>\u00a0<\/strong><\/p>\n<p><strong><a href=\"http:\/\/www.grupocondor.org\/\/wp-content\/uploads\/2016\/12\/Logo-jpg.jpg\"><img loading=\"lazy\" decoding=\"async\" class=\"aligncenter wp-image-1998 size-large\" src=\"http:\/\/www.grupocondor.org\/\/wp-content\/uploads\/2016\/12\/Logo-jpg-722x1024.jpg\" alt=\"\" width=\"722\" height=\"1024\" \/><\/a><\/strong><\/p>\n<p>&nbsp;<\/p>\n<p><strong>\u00a0<\/strong>Dentro de las actividades que est\u00e1 desarrollando la Escuela Municipal de Monta\u00f1ismo, que organiza el Patronato Municipal de Deportes del Ayuntamiento de Almer\u00eda y el Club de Monta\u00f1ismo C\u00f3ndor, se han llevado a cabo durante estos d\u00edas <strong><u>un total de siete Cursos de Monta\u00f1ismo y de Orientaci\u00f3n<\/u><\/strong><u>. <strong>En el que han participando 528 j\u00f3venes<\/strong><\/u>. Teniendo como escenario para la fase te\u00f3rica los centros escolares (<strong><em>IES Al-Andalus, CEIP Nueva Almer\u00eda, Colegio Virgen del Mar de El Zapillo, CEIP Mar Mediterr\u00e1neo, Colegio San Francisco, IES Maestro Padilla, y el CEIP San Fernando<\/em><\/strong>).<strong> Realiz\u00e1ndose la Salida Pr\u00e1ctica al<\/strong> <strong>Parque del Andarax<\/strong>, <strong>los d\u00edas 10 y 11<\/strong> <strong>de mayo<\/strong>, donde los j\u00f3venes monta\u00f1eros han realizado un itinerario de Orientaci\u00f3n. Tras los consejos de seguridad, se han explicado las normas del recorrido, el cual se desarrolla en grupos de dos o tres, con el mapa y la hoja de control. Sobre el terreno hay veinte balizas que nos se\u00f1alan los puntos por donde deben de pasar los participantes, y en estos puntos numerados hay una pinza, con la que tendr\u00e1n que se\u00f1alar en la casilla correspondiente. En el mapa vienen se\u00f1alados d\u00f3nde est\u00e1n esas balizas, y una breve descripci\u00f3n del punto (farola, valla, \u00e1rbol, muro, \u2026.), que nos servir\u00e1 para una m\u00e1s f\u00e1cil identificaci\u00f3n. El recorrido es el denominado Score, que consisten que tienen que pasar por los veinte puntos balizados, en el orden que cada uno vea conveniente.<\/p>\n<p>El mapa, pieza clave de la orientaci\u00f3n, tiene toda la informaci\u00f3n que nos va a servir para poder completar con \u00e9xito el recorrido y pasar por todos los puntos balizados. Tambi\u00e9n se ha incidido en la t\u00e9cnica de \u201corientar el plano\u201d, hacer coincidir en Norte del terreno, con el Norte del plano. Lo cual nos servir\u00e1 saber en qu\u00e9 direcci\u00f3n tirar para llegar al nuevo punto al que tenemos que ir.<\/p>\n<p>&nbsp;<\/p>\n<div id=\"attachment_2303\" style=\"width: 848px\" class=\"wp-caption aligncenter\"><a href=\"http:\/\/www.grupocondor.org\/\/wp-content\/uploads\/2017\/05\/La-Monitora-con-alumnos-del-Colegio-San-Francisco.jpg\"><img loading=\"lazy\" decoding=\"async\" aria-describedby=\"caption-attachment-2303\" class=\"wp-image-2303 size-large\" src=\"http:\/\/www.grupocondor.org\/\/wp-content\/uploads\/2017\/05\/La-Monitora-con-alumnos-del-Colegio-San-Francisco-1024x768.jpg\" alt=\"\" width=\"838\" height=\"629\" \/><\/a><p id=\"caption-attachment-2303\" class=\"wp-caption-text\">La Monitora con alumnos del Colegio San Francisco<\/p><\/div>\n<p>&nbsp;<\/p>\n<p><em>Se ha enfocado como una actividad no competitiva, con el objetivo principal de conocer las t\u00e9cnicas b\u00e1sicas para realizar un itinerario de orientaci\u00f3n, en un espacio ambiental id\u00f3neo como es el Parque del Andarax, y sobre pasarlo bien haciendo deporte.<\/em><\/p>\n<p>&nbsp;<\/p>\n<div id=\"attachment_2305\" style=\"width: 848px\" class=\"wp-caption aligncenter\"><a href=\"http:\/\/www.grupocondor.org\/\/wp-content\/uploads\/2017\/05\/P1050603.jpg\"><img loading=\"lazy\" decoding=\"async\" aria-describedby=\"caption-attachment-2305\" class=\"wp-image-2305 size-large\" src=\"http:\/\/www.grupocondor.org\/\/wp-content\/uploads\/2017\/05\/P1050603-1024x768.jpg\" alt=\"\" width=\"838\" height=\"629\" \/><\/a><p id=\"caption-attachment-2305\" class=\"wp-caption-text\">En la baliza de los \u00e1rboles de colores<\/p><\/div>\n<p>&nbsp;<\/p>\n<div id=\"attachment_2309\" style=\"width: 848px\" class=\"wp-caption aligncenter\"><a href=\"http:\/\/www.grupocondor.org\/\/wp-content\/uploads\/2017\/05\/P1050548.jpg\"><img loading=\"lazy\" decoding=\"async\" aria-describedby=\"caption-attachment-2309\" class=\"wp-image-2309 size-large\" src=\"http:\/\/www.grupocondor.org\/\/wp-content\/uploads\/2017\/05\/P1050548-1024x768.jpg\" alt=\"\" width=\"838\" height=\"629\" \/><\/a><p id=\"caption-attachment-2309\" class=\"wp-caption-text\">Monitor con alumnos del CEIP San Fernando<\/p><\/div>\n<p>&nbsp;<\/p>\n<div id=\"attachment_2310\" style=\"width: 848px\" class=\"wp-caption aligncenter\"><a href=\"http:\/\/www.grupocondor.org\/\/wp-content\/uploads\/2017\/05\/P1050597.jpg\"><img loading=\"lazy\" decoding=\"async\" aria-describedby=\"caption-attachment-2310\" class=\"wp-image-2310 size-large\" src=\"http:\/\/www.grupocondor.org\/\/wp-content\/uploads\/2017\/05\/P1050597-1024x768.jpg\" alt=\"\" width=\"838\" height=\"629\" \/><\/a><p id=\"caption-attachment-2310\" class=\"wp-caption-text\">La Baliza situada en El Huerto<\/p><\/div>\n<p>&nbsp;<\/p>\n<p><em><a href=\"http:\/\/www.grupocondor.org\/\/wp-content\/uploads\/2017\/05\/IMG_4258.jpg\"><img loading=\"lazy\" decoding=\"async\" class=\"aligncenter wp-image-2313 size-large\" src=\"http:\/\/www.grupocondor.org\/\/wp-content\/uploads\/2017\/05\/IMG_4258-1024x683.jpg\" alt=\"\" width=\"838\" height=\"559\" \/><\/a>\u00a0<\/em><\/p>\n<p>&nbsp;<\/p>\n<div id=\"attachment_2315\" style=\"width: 848px\" class=\"wp-caption aligncenter\"><a href=\"http:\/\/www.grupocondor.org\/\/wp-content\/uploads\/2017\/05\/P1050497.jpg\"><img loading=\"lazy\" decoding=\"async\" aria-describedby=\"caption-attachment-2315\" class=\"wp-image-2315 size-large\" src=\"http:\/\/www.grupocondor.org\/\/wp-content\/uploads\/2017\/05\/P1050497-1024x768.jpg\" alt=\"\" width=\"838\" height=\"629\" \/><\/a><p id=\"caption-attachment-2315\" class=\"wp-caption-text\">En la baliza cercana a la Puerta Sur<\/p><\/div>\n<p>&nbsp;<\/p>\n<p><a href=\"http:\/\/www.grupocondor.org\/\/wp-content\/uploads\/2017\/05\/P1050501.jpg\"><img loading=\"lazy\" decoding=\"async\" class=\"aligncenter wp-image-2316 size-large\" src=\"http:\/\/www.grupocondor.org\/\/wp-content\/uploads\/2017\/05\/P1050501-1024x768.jpg\" alt=\"\" width=\"838\" height=\"629\" \/><\/a><\/p>\n<p>&nbsp;<\/p>\n<p>&nbsp;<\/p>\n<div id=\"attachment_2311\" style=\"width: 848px\" class=\"wp-caption aligncenter\"><a href=\"http:\/\/www.grupocondor.org\/\/wp-content\/uploads\/2017\/05\/Alumnos-del-IES-Maestro-Padilla.jpg\"><img loading=\"lazy\" decoding=\"async\" aria-describedby=\"caption-attachment-2311\" class=\"wp-image-2311 size-large\" src=\"http:\/\/www.grupocondor.org\/\/wp-content\/uploads\/2017\/05\/Alumnos-del-IES-Maestro-Padilla-1024x683.jpg\" alt=\"\" width=\"838\" height=\"559\" \/><\/a><p id=\"caption-attachment-2311\" class=\"wp-caption-text\">Alumnos del IES Maestro Padilla<\/p><\/div>\n<p>&nbsp;<\/p>\n<div id=\"attachment_2312\" style=\"width: 848px\" class=\"wp-caption aligncenter\"><a href=\"http:\/\/www.grupocondor.org\/\/wp-content\/uploads\/2017\/05\/IMG_4257.jpg\"><img loading=\"lazy\" decoding=\"async\" aria-describedby=\"caption-attachment-2312\" class=\"wp-image-2312 size-large\" src=\"http:\/\/www.grupocondor.org\/\/wp-content\/uploads\/2017\/05\/IMG_4257-1024x683.jpg\" alt=\"\" width=\"838\" height=\"559\" \/><\/a><p id=\"caption-attachment-2312\" class=\"wp-caption-text\">Alumnos del Colegio San Francisco<\/p><\/div>\n<p>&nbsp;<\/p>\n<p>&nbsp;<\/p>\n<div id=\"attachment_2314\" style=\"width: 848px\" class=\"wp-caption aligncenter\"><a href=\"http:\/\/www.grupocondor.org\/\/wp-content\/uploads\/2017\/05\/IMG_4266.jpg\"><img loading=\"lazy\" decoding=\"async\" aria-describedby=\"caption-attachment-2314\" class=\"wp-image-2314 size-large\" src=\"http:\/\/www.grupocondor.org\/\/wp-content\/uploads\/2017\/05\/IMG_4266-1024x683.jpg\" alt=\"\" width=\"838\" height=\"559\" \/><\/a><p id=\"caption-attachment-2314\" class=\"wp-caption-text\">Alumnos del IES Al Andalus<\/p><\/div>\n<p>&nbsp;<\/p>\n<div id=\"attachment_2317\" style=\"width: 848px\" class=\"wp-caption aligncenter\"><a href=\"http:\/\/www.grupocondor.org\/\/wp-content\/uploads\/2017\/05\/P1050504.jpg\"><img loading=\"lazy\" decoding=\"async\" aria-describedby=\"caption-attachment-2317\" class=\"wp-image-2317 size-large\" src=\"http:\/\/www.grupocondor.org\/\/wp-content\/uploads\/2017\/05\/P1050504-1024x569.jpg\" alt=\"\" width=\"838\" height=\"466\" \/><\/a><p id=\"caption-attachment-2317\" class=\"wp-caption-text\">Alumnos del Colegio San Francisco<\/p><\/div>\n<p>&nbsp;<\/p>\n<div id=\"attachment_2322\" style=\"width: 848px\" class=\"wp-caption aligncenter\"><a href=\"http:\/\/www.grupocondor.org\/\/wp-content\/uploads\/2017\/05\/IMG_4285.jpg\"><img loading=\"lazy\" decoding=\"async\" aria-describedby=\"caption-attachment-2322\" class=\"wp-image-2322 size-large\" src=\"http:\/\/www.grupocondor.org\/\/wp-content\/uploads\/2017\/05\/IMG_4285-1024x683.jpg\" alt=\"\" width=\"838\" height=\"559\" \/><\/a><p id=\"caption-attachment-2322\" class=\"wp-caption-text\">Alumnos del CEIP San Fernando de El Zapillo<\/p><\/div>\n<p>&nbsp;<\/p>\n<div id=\"attachment_2323\" style=\"width: 848px\" class=\"wp-caption aligncenter\"><a href=\"http:\/\/www.grupocondor.org\/\/wp-content\/uploads\/2017\/05\/Alumnos-del-CEIP-Mar-Mediterr\u00e1neo.jpg\"><img loading=\"lazy\" decoding=\"async\" aria-describedby=\"caption-attachment-2323\" class=\"wp-image-2323 size-large\" src=\"http:\/\/www.grupocondor.org\/\/wp-content\/uploads\/2017\/05\/Alumnos-del-CEIP-Mar-Mediterr\u00e1neo-1024x683.jpg\" alt=\"\" width=\"838\" height=\"559\" \/><\/a><p id=\"caption-attachment-2323\" class=\"wp-caption-text\">Alumnos del CEIP Mar Mediterr\u00e1neo<\/p><\/div>\n<p>&nbsp;<\/p>\n<div id=\"attachment_2324\" style=\"width: 848px\" class=\"wp-caption aligncenter\"><a href=\"http:\/\/www.grupocondor.org\/\/wp-content\/uploads\/2017\/05\/Alumnos-del-Colegio-Virgen-del-Mar.jpg\"><img loading=\"lazy\" decoding=\"async\" aria-describedby=\"caption-attachment-2324\" class=\"wp-image-2324 size-large\" src=\"http:\/\/www.grupocondor.org\/\/wp-content\/uploads\/2017\/05\/Alumnos-del-Colegio-Virgen-del-Mar-1024x683.jpg\" alt=\"\" width=\"838\" height=\"559\" \/><\/a><p id=\"caption-attachment-2324\" class=\"wp-caption-text\">Alumnos del Colegio Virgen del Mar<\/p><\/div>\n<p>&nbsp;<\/p>\n<p>&nbsp;<\/p>\n<p>Igualmente y paralelamente, este mismo d\u00eda, en el mismo Parque del Andarax<strong> se ha desarrollado una Actividad de Educaci\u00f3n Ambiental y Monta\u00f1ismo<\/strong>, <strong>un total de 54 j\u00f3venes de 6 y 7 a\u00f1os<\/strong>, del <strong>CEIP Nueva Almer\u00eda<\/strong>, <strong>de 1\u00ba de Primaria<\/strong> han realizado un Itinerario por el Parque, conociendo la diversa vegetaci\u00f3n que tiene este espacio ambiental. Posteriormente a cada uno de los participantes se les ha entregado una planta en un macetero, que se han llevado y que tendr\u00e1n que cuidar y ver crecer. Con esta actividad se pretende que los j\u00f3venes se conciencien de la necesidad de proteger el medio ambiente a la vez que practican el deporte del monta\u00f1ismo.<\/p>\n<p>&nbsp;<\/p>\n<p>&nbsp;<\/p>\n<div id=\"attachment_2306\" style=\"width: 848px\" class=\"wp-caption aligncenter\"><a href=\"http:\/\/www.grupocondor.org\/\/wp-content\/uploads\/2017\/05\/P1050520.jpg\"><img loading=\"lazy\" decoding=\"async\" aria-describedby=\"caption-attachment-2306\" class=\"wp-image-2306 size-large\" src=\"http:\/\/www.grupocondor.org\/\/wp-content\/uploads\/2017\/05\/P1050520-1024x768.jpg\" alt=\"\" width=\"838\" height=\"629\" \/><\/a><p id=\"caption-attachment-2306\" class=\"wp-caption-text\">Alumnos del CEIP Nueva Almer\u00eda. Realizaron el Itinerario de Educaci\u00f3n Ambiental<\/p><\/div>\n<p>&nbsp;<\/p>\n<div id=\"attachment_2320\" style=\"width: 848px\" class=\"wp-caption aligncenter\"><a href=\"http:\/\/www.grupocondor.org\/\/wp-content\/uploads\/2017\/05\/Itinerario-Educaci\u00f3n-Ambiental-CEIP-Nueva-Almer\u00eda3.jpg\"><img loading=\"lazy\" decoding=\"async\" aria-describedby=\"caption-attachment-2320\" class=\"wp-image-2320 size-large\" src=\"http:\/\/www.grupocondor.org\/\/wp-content\/uploads\/2017\/05\/Itinerario-Educaci\u00f3n-Ambiental-CEIP-Nueva-Almer\u00eda3-1024x768.jpg\" alt=\"\" width=\"838\" height=\"629\" \/><\/a><p id=\"caption-attachment-2320\" class=\"wp-caption-text\">Itinerario de Educaci\u00f3n Ambiental<\/p><\/div>\n<p>&nbsp;<\/p>\n<p><a href=\"http:\/\/www.grupocondor.org\/\/wp-content\/uploads\/2017\/05\/Itinerario-Educaci\u00f3n-Ambiental-CEIP-Nueva-Almer\u00eda1.jpg\"><img loading=\"lazy\" decoding=\"async\" class=\"aligncenter wp-image-2318 size-large\" src=\"http:\/\/www.grupocondor.org\/\/wp-content\/uploads\/2017\/05\/Itinerario-Educaci\u00f3n-Ambiental-CEIP-Nueva-Almer\u00eda1-1024x768.jpg\" alt=\"\" width=\"838\" height=\"629\" \/><\/a><\/p>\n<p>&nbsp;<\/p>\n<p>&nbsp;<\/p>\n<p><a href=\"http:\/\/www.grupocondor.org\/\/wp-content\/uploads\/2017\/05\/Itinerario-Educaci\u00f3n-Ambiental-CEIP-Nueva-Almer\u00eda2.jpg\"><img loading=\"lazy\" decoding=\"async\" class=\"aligncenter wp-image-2319 size-large\" src=\"http:\/\/www.grupocondor.org\/\/wp-content\/uploads\/2017\/05\/Itinerario-Educaci\u00f3n-Ambiental-CEIP-Nueva-Almer\u00eda2-1024x768.jpg\" alt=\"\" width=\"838\" height=\"629\" \/><\/a><\/p>\n<p>&nbsp;<\/p>\n<p>&nbsp;<\/p>\n<div id=\"attachment_2321\" style=\"width: 848px\" class=\"wp-caption aligncenter\"><a href=\"http:\/\/www.grupocondor.org\/\/wp-content\/uploads\/2017\/05\/Recorrido-Puente-del-Lago.jpg\"><img loading=\"lazy\" decoding=\"async\" aria-describedby=\"caption-attachment-2321\" class=\"wp-image-2321 size-large\" src=\"http:\/\/www.grupocondor.org\/\/wp-content\/uploads\/2017\/05\/Recorrido-Puente-del-Lago-1024x768.jpg\" alt=\"\" width=\"838\" height=\"629\" \/><\/a><p id=\"caption-attachment-2321\" class=\"wp-caption-text\">El grupo de Educaci\u00f3n Ambiental por el Puente del Lago<\/p><\/div>\n<p>&nbsp;<\/p>\n<p><a href=\"http:\/\/www.grupocondor.org\/\/wp-content\/uploads\/2017\/05\/P1050526.jpg\"><img loading=\"lazy\" decoding=\"async\" class=\"aligncenter wp-image-2307 size-large\" src=\"http:\/\/www.grupocondor.org\/\/wp-content\/uploads\/2017\/05\/P1050526-1024x768.jpg\" alt=\"\" width=\"838\" height=\"629\" \/><\/a><\/p>\n<p>&nbsp;<\/p>\n<p>&nbsp;<\/p>\n<p><a href=\"http:\/\/www.grupocondor.org\/\/wp-content\/uploads\/2017\/05\/P1050535.jpg\"><img loading=\"lazy\" decoding=\"async\" class=\"aligncenter wp-image-2308 size-large\" src=\"http:\/\/www.grupocondor.org\/\/wp-content\/uploads\/2017\/05\/P1050535-1024x768.jpg\" alt=\"\" width=\"838\" height=\"629\" \/><\/a><\/p>\n<p>&nbsp;<\/p>\n<p>&nbsp;<\/p>\n<p>Hay que destacar los dos <strong>Cursos de Seguridad y Primeros Auxilios, que igualmente se van a realizar, <\/strong>en donde se tomar\u00e1 contacto con un aspecto fundamental en la pr\u00e1ctica del monta\u00f1ismo, la seguridad. Contando con material divulgativo y realizando de forma pr\u00e1ctica diversos simulacros y actividades con las que se van a adquirir los conocimientos b\u00e1sicos para una mayor seguridad y en caso de cualquier accidente actuar de una forma adecuada. En las aulas de los centros escolares y en los locales del Club C\u00f3ndor van a tener lugar la fase te\u00f3rica y pr\u00e1ctica, en donde de una forma sencilla van a aprender los conocimientos b\u00e1sicos para evitar en todo lo posible un accidente en la monta\u00f1a, y en el caso que ocurra saber actuar en socorro del compa\u00f1ero y en el propio.<\/p>\n<p>&nbsp;<\/p>\n<p><strong>Tambi\u00e9n est\u00e1n previstos en fechas pr\u00f3ximas dos Itinerarios de Monta\u00f1ismo por Las Acequias de Fond\u00f3n, un Itinerario por el Paraje del Karst en Yesos de Sorbas, m\u00e1s en concreto por \u201cLos Molinos del R\u00edo Aguas\u201d, y un Sendero por el Desierto de Tabernas.<\/strong><\/p>\n<p>&nbsp;<\/p>\n<p>Para m\u00e1s informaci\u00f3n ponerse en contacto con el Patronato Municipal de Deportes (<a href=\"http:\/\/www.pmdalmeria.com\/\">www.pmdalmeria.com<\/a>) o bien con el Club de Monta\u00f1ismo C\u00f3ndor, C\/ La Curva, 5, 2\u00ba, de Almer\u00eda. O bien a trav\u00e9s del correo electr\u00f3nico: <a href=\"mailto:secretaria@grupocondor.org\">secretaria@grupocondor.org<\/a> o\u00a0 en el tel\u00e9fono: 667\/488.179<\/p>\n<p>&nbsp;<\/p>\n<p>&nbsp;<\/p>\n<div id=\"attachment_2327\" style=\"width: 848px\" class=\"wp-caption aligncenter\"><a href=\"http:\/\/www.grupocondor.org\/\/wp-content\/uploads\/2017\/05\/IMG_4231.jpg\"><img loading=\"lazy\" decoding=\"async\" aria-describedby=\"caption-attachment-2327\" class=\"wp-image-2327 size-large\" src=\"http:\/\/www.grupocondor.org\/\/wp-content\/uploads\/2017\/05\/IMG_4231-1024x683.jpg\" alt=\"\" width=\"838\" height=\"559\" \/><\/a><p id=\"caption-attachment-2327\" class=\"wp-caption-text\">Una de las balizas del recorrido<\/p><\/div>\n<p>&nbsp;<\/p>\n<h2>LA ACTIVIDAD EN LOS MEDIOS DE COMUNICACI\u00d3N:<\/h2>\n<p>&nbsp;<\/p>\n<p>LA VOZ DE ALMER\u00cdA DIGITAL<\/p>\n<p><a href=\"http:\/\/www.lavozdealmeria.es\/Noticias\/129013\/8\/M%C3%A1s-de-500-escolares\">http:\/\/www.lavozdealmeria.es\/Noticias\/129013\/8\/M%C3%A1s-de-500-escolares<\/a><\/p>\n<p>&nbsp;<\/p>\n<p>PAGINA WEB PMD ALMER\u00cdA<\/p>\n<p><a href=\"http:\/\/pmdalmeria.com\/noticia\/m%C3%A1s-de-500-escolares-aprenden-orientaci%C3%B3n-y-educaci%C3%B3n-ambiental-en-el-parque-del-andarax\">http:\/\/pmdalmeria.com\/noticia\/m%C3%A1s-de-500-escolares-aprenden-orientaci%C3%B3n-y-educaci%C3%B3n-ambiental-en-el-parque-del-andarax<\/a><\/p>\n<p>&nbsp;<\/p>\n<p>TELEPRENSA<\/p>\n<p><a href=\"http:\/\/www.teleprensa.com\/almeria\/mas-de-500-escolares-aprenden-orientacion-y-educacion-ambiental-en-el-parque-del-andarax.html\">http:\/\/www.teleprensa.com\/almeria\/mas-de-500-escolares-aprenden-orientacion-y-educacion-ambiental-en-el-parque-del-andarax.html<\/a><\/p>\n<p>&nbsp;<\/p>\n<p>DIARIO DE ALMER\u00cdA<\/p>\n<p><a href=\"http:\/\/www.elalmeria.es\/deportes\/escolares-Parque-Andarax_0_1135087252.html\">http:\/\/www.elalmeria.es\/deportes\/escolares-Parque-Andarax_0_1135087252.html<\/a><\/p>\n<p>&nbsp;<\/p>\n<p>NOTICIAS DE ALMERIA.COM<\/p>\n<p><a href=\"http:\/\/www.noticiasdealmeria.com\/noticia\/130224\/capital\/mas-de-500-escolares-aprenden-orientacion-y-educacion-ambiental-en-el-parque-del-andarax.html\">http:\/\/www.noticiasdealmeria.com\/noticia\/130224\/capital\/mas-de-500-escolares-aprenden-orientacion-y-educacion-ambiental-en-el-parque-del-andarax.html<\/a><\/p>\n<p>&nbsp;<\/p>\n<p>TELE ALMERIA NOTICIAS<\/p>\n<p><a href=\"http:\/\/www.telealmerianoticias.es\/2017\/mas-de-500-escolares-aprenden-orientacion-y-educacion-ambiental-en-el-parque-del-andarax-281112.html\">http:\/\/www.telealmerianoticias.es\/2017\/mas-de-500-escolares-aprenden-orientacion-y-educacion-ambiental-en-el-parque-del-andarax-281112.html<\/a><\/p>\n<p>&nbsp;<\/p>\n<p>TWITTER PMD ALMERIA<\/p>\n<p><a href=\"https:\/\/twitter.com\/PMDAlmeria\/status\/863009972828942336\">https:\/\/twitter.com\/PMDAlmeria\/status\/863009972828942336<\/a><\/p>\n<p>&nbsp;<\/p>\n<p>&nbsp;<\/p>\n<div id=\"attachment_1994\" style=\"width: 685px\" class=\"wp-caption aligncenter\"><a href=\"http:\/\/www.grupocondor.org\/\/wp-content\/uploads\/2016\/12\/Cartel-EM-MontanismoCondor2017conslogan-.jpg\"><img loading=\"lazy\" decoding=\"async\" aria-describedby=\"caption-attachment-1994\" class=\"wp-image-1994 size-large\" src=\"http:\/\/www.grupocondor.org\/\/wp-content\/uploads\/2016\/12\/Cartel-EM-MontanismoCondor2017conslogan--675x1024.jpg\" alt=\"\" width=\"675\" height=\"1024\" \/><\/a><p id=\"caption-attachment-1994\" class=\"wp-caption-text\">Cartel la EDM de Monta\u00f1ismo de Almer\u00eda 2016\/2017&#8243;, con el lema: \u00abAPRENDIENDO DE FORMA SEGURA\u00bb<\/p><\/div>\n","protected":false},"excerpt":{"rendered":"<p>528 j\u00f3venes, de siete centros escolares almerienses, participan en las actividades de Orientaci\u00f3n y Educaci\u00f3n Ambiental, en Parque del Andarax, dentro del programa \u00a0de la Escuela Municipal de Monta\u00f1ismo de Almer\u00eda. &nbsp; &nbsp; \u00a0 &nbsp; \u00a0Dentro de las actividades que est\u00e1 desarrollando la Escuela Municipal de Monta\u00f1ismo, que organiza el Patronato Municipal de Deportes del [&hellip;]<\/p>\n","protected":false},"author":7743,"featured_media":0,"comment_status":"open","ping_status":"open","sticky":false,"template":"","format":"standard","meta":{"_et_pb_use_builder":"","_et_pb_old_content":"","_et_gb_content_width":"","footnotes":""},"categories":[24,11,2,23],"tags":[],"class_list":["post-2300","post","type-post","status-publish","format-standard","hentry","category-categoriasdestacadas","category-escuela-municipal","category-montanismo","category-proximos-eventos","et-doesnt-have-format-content","et_post_format-et-post-format-standard"],"_links":{"self":[{"href":"https:\/\/www.grupocondor.org\/index.php?rest_route=\/wp\/v2\/posts\/2300","targetHints":{"allow":["GET"]}}],"collection":[{"href":"https:\/\/www.grupocondor.org\/index.php?rest_route=\/wp\/v2\/posts"}],"about":[{"href":"https:\/\/www.grupocondor.org\/index.php?rest_route=\/wp\/v2\/types\/post"}],"author":[{"embeddable":true,"href":"https:\/\/www.grupocondor.org\/index.php?rest_route=\/wp\/v2\/users\/7743"}],"replies":[{"embeddable":true,"href":"https:\/\/www.grupocondor.org\/index.php?rest_route=%2Fwp%2Fv2%2Fcomments&post=2300"}],"version-history":[{"count":1,"href":"https:\/\/www.grupocondor.org\/index.php?rest_route=\/wp\/v2\/posts\/2300\/revisions"}],"predecessor-version":[{"id":2340,"href":"https:\/\/www.grupocondor.org\/index.php?rest_route=\/wp\/v2\/posts\/2300\/revisions\/2340"}],"wp:attachment":[{"href":"https:\/\/www.grupocondor.org\/index.php?rest_route=%2Fwp%2Fv2%2Fmedia&parent=2300"}],"wp:term":[{"taxonomy":"category","embeddable":true,"href":"https:\/\/www.grupocondor.org\/index.php?rest_route=%2Fwp%2Fv2%2Fcategories&post=2300"},{"taxonomy":"post_tag","embeddable":true,"href":"https:\/\/www.grupocondor.org\/index.php?rest_route=%2Fwp%2Fv2%2Ftags&post=2300"}],"curies":[{"name":"wp","href":"https:\/\/api.w.org\/{rel}","templated":true}]}}