{"id":248,"date":"2008-06-17T14:52:48","date_gmt":"2008-06-17T14:52:48","guid":{"rendered":"http:\/\/webs.almeritek.com\/grupocondor.org\/?p=248"},"modified":"2015-01-14T17:42:01","modified_gmt":"2015-01-14T17:42:01","slug":"montanismo-en-sierra-nevada","status":"publish","type":"post","link":"https:\/\/www.grupocondor.org\/?p=248","title":{"rendered":"Monta\u00f1ismo en Sierra Nevada"},"content":{"rendered":"<p>Monta\u00f1ismo en Sierra Nevada | Grupo C\u00f3ndor<\/p>\n<div id=\"outer-container\">\n<div id=\"page-right\">\n<div id=\"page-left\">\n<div id=\"container\">\n<div id=\"inside-content\">\n<div class=\"clear-block\">\n<div id=\"mainContent\">\n<div id=\"node-113\" class=\"node clear-block\">\n<div class=\"content\">\n<p><em><strong>17 Junio 2008<\/strong><\/em><\/p>\n<p>El pasado s\u00e1bado d\u00eda 14 de Junio se realizo la actividad programada en Sierra Nevada. Aunque la actividad que estaba prevista era subir desde el albergue universitario al Pico El Caballo y volver. Se tuvo que modificar el itinerario sobre la marcha, ante la imposibilidad de poder llegar al refugio del Elorrieta, debido al estado de la nieve. Opt\u00e1ndose por subir a la Cariguela del Veleta desde los Lagunillos de la Virgen, para una vez desde all\u00ed ir a la caldera del Mulhacen. A la vuelta se subi\u00f3 el pico del Veleta desde el collado, una vez alcanzado el pico se regreso al albergue universitario y vuelta para Almeria.<\/p>\n<p>La actividad fue realizda por nueve participantes.<a href=\"http:\/\/webs.almeritek.com\/grupocondor.org\/wp-content\/uploads\/2015\/01\/untitled.bmp\"><img loading=\"lazy\" decoding=\"async\" class=\"aligncenter size-full wp-image-249\" src=\"http:\/\/webs.almeritek.com\/grupocondor.org\/wp-content\/uploads\/2015\/01\/untitled.bmp\" alt=\"untitled\" width=\"500\" height=\"352\" \/><\/a><\/p>\n<\/div>\n<\/div>\n<\/div>\n<\/div>\n<\/div>\n<\/div>\n<\/div>\n<\/div>\n<\/div>\n","protected":false},"excerpt":{"rendered":"<p>Monta\u00f1ismo en Sierra Nevada | Grupo C\u00f3ndor 17 Junio 2008 El pasado s\u00e1bado d\u00eda 14 de Junio se realizo la actividad programada en Sierra Nevada. Aunque la actividad que estaba prevista era subir desde el albergue universitario al Pico El Caballo y volver. Se tuvo que modificar el itinerario sobre la marcha, ante la imposibilidad [&hellip;]<\/p>\n","protected":false},"author":7743,"featured_media":252,"comment_status":"open","ping_status":"open","sticky":false,"template":"","format":"standard","meta":{"_et_pb_use_builder":"","_et_pb_old_content":"","_et_gb_content_width":"","footnotes":""},"categories":[8,2],"tags":[],"class_list":["post-248","post","type-post","status-publish","format-standard","has-post-thumbnail","hentry","category-actividades","category-montanismo","et-has-post-format-content","et_post_format-et-post-format-standard"],"_links":{"self":[{"href":"https:\/\/www.grupocondor.org\/index.php?rest_route=\/wp\/v2\/posts\/248","targetHints":{"allow":["GET"]}}],"collection":[{"href":"https:\/\/www.grupocondor.org\/index.php?rest_route=\/wp\/v2\/posts"}],"about":[{"href":"https:\/\/www.grupocondor.org\/index.php?rest_route=\/wp\/v2\/types\/post"}],"author":[{"embeddable":true,"href":"https:\/\/www.grupocondor.org\/index.php?rest_route=\/wp\/v2\/users\/7743"}],"replies":[{"embeddable":true,"href":"https:\/\/www.grupocondor.org\/index.php?rest_route=%2Fwp%2Fv2%2Fcomments&post=248"}],"version-history":[{"count":1,"href":"https:\/\/www.grupocondor.org\/index.php?rest_route=\/wp\/v2\/posts\/248\/revisions"}],"predecessor-version":[{"id":250,"href":"https:\/\/www.grupocondor.org\/index.php?rest_route=\/wp\/v2\/posts\/248\/revisions\/250"}],"wp:featuredmedia":[{"embeddable":true,"href":"https:\/\/www.grupocondor.org\/index.php?rest_route=\/wp\/v2\/media\/252"}],"wp:attachment":[{"href":"https:\/\/www.grupocondor.org\/index.php?rest_route=%2Fwp%2Fv2%2Fmedia&parent=248"}],"wp:term":[{"taxonomy":"category","embeddable":true,"href":"https:\/\/www.grupocondor.org\/index.php?rest_route=%2Fwp%2Fv2%2Fcategories&post=248"},{"taxonomy":"post_tag","embeddable":true,"href":"https:\/\/www.grupocondor.org\/index.php?rest_route=%2Fwp%2Fv2%2Ftags&post=248"}],"curies":[{"name":"wp","href":"https:\/\/api.w.org\/{rel}","templated":true}]}}