{"id":264,"date":"2008-07-03T15:31:48","date_gmt":"2008-07-03T15:31:48","guid":{"rendered":"http:\/\/webs.almeritek.com\/grupocondor.org\/?p=264"},"modified":"2015-01-14T17:37:59","modified_gmt":"2015-01-14T17:37:59","slug":"acampada-de-montanismo-infantil-y-juvenil","status":"publish","type":"post","link":"https:\/\/www.grupocondor.org\/?p=264","title":{"rendered":"Acampada de monta\u00f1ismo infantil y juvenil"},"content":{"rendered":"<p>Acampada de monta\u00f1ismo infantil y juvenil | Grupo C\u00f3ndor<\/p>\n<div id=\"outer-container\">\n<div id=\"page-right\">\n<div id=\"page-left\">\n<div id=\"container\">\n<div id=\"inside-content\">\n<div class=\"clear-block\">\n<div id=\"mainContent\">\n<div id=\"node-124\" class=\"node clear-block\">\n<div class=\"content\">\n<p>Con esta acampada tomaremos contacto con las diversas facetas del monta\u00f1ismo: senderismo, orientaci\u00f3n, escalada y educaci\u00f3n ambiental, sin olvidar la seguridad en monta\u00f1a.<\/p>\n<p>Actividad abierta a todos los j\u00f3venes que quieran iniciarse en el monta\u00f1ismo y quieran disfrutar dos d\u00edas de este paraje natural que se encuentra en el Parque Natural de Sierra Nevada.<\/p>\n<\/div>\n<\/div>\n<\/div>\n<\/div>\n<\/div>\n<\/div>\n<\/div>\n<\/div>\n<\/div>\n","protected":false},"excerpt":{"rendered":"<p>Acampada de monta\u00f1ismo infantil y juvenil | Grupo C\u00f3ndor Con esta acampada tomaremos contacto con las diversas facetas del monta\u00f1ismo: senderismo, orientaci\u00f3n, escalada y educaci\u00f3n ambiental, sin olvidar la seguridad en monta\u00f1a. Actividad abierta a todos los j\u00f3venes que quieran iniciarse en el monta\u00f1ismo y quieran disfrutar dos d\u00edas de este paraje natural que se [&hellip;]<\/p>\n","protected":false},"author":7743,"featured_media":266,"comment_status":"open","ping_status":"open","sticky":false,"template":"","format":"standard","meta":{"_et_pb_use_builder":"","_et_pb_old_content":"","_et_gb_content_width":"","footnotes":""},"categories":[8,2],"tags":[],"class_list":["post-264","post","type-post","status-publish","format-standard","has-post-thumbnail","hentry","category-actividades","category-montanismo","et-has-post-format-content","et_post_format-et-post-format-standard"],"_links":{"self":[{"href":"https:\/\/www.grupocondor.org\/index.php?rest_route=\/wp\/v2\/posts\/264","targetHints":{"allow":["GET"]}}],"collection":[{"href":"https:\/\/www.grupocondor.org\/index.php?rest_route=\/wp\/v2\/posts"}],"about":[{"href":"https:\/\/www.grupocondor.org\/index.php?rest_route=\/wp\/v2\/types\/post"}],"author":[{"embeddable":true,"href":"https:\/\/www.grupocondor.org\/index.php?rest_route=\/wp\/v2\/users\/7743"}],"replies":[{"embeddable":true,"href":"https:\/\/www.grupocondor.org\/index.php?rest_route=%2Fwp%2Fv2%2Fcomments&post=264"}],"version-history":[{"count":1,"href":"https:\/\/www.grupocondor.org\/index.php?rest_route=\/wp\/v2\/posts\/264\/revisions"}],"predecessor-version":[{"id":267,"href":"https:\/\/www.grupocondor.org\/index.php?rest_route=\/wp\/v2\/posts\/264\/revisions\/267"}],"wp:featuredmedia":[{"embeddable":true,"href":"https:\/\/www.grupocondor.org\/index.php?rest_route=\/wp\/v2\/media\/266"}],"wp:attachment":[{"href":"https:\/\/www.grupocondor.org\/index.php?rest_route=%2Fwp%2Fv2%2Fmedia&parent=264"}],"wp:term":[{"taxonomy":"category","embeddable":true,"href":"https:\/\/www.grupocondor.org\/index.php?rest_route=%2Fwp%2Fv2%2Fcategories&post=264"},{"taxonomy":"post_tag","embeddable":true,"href":"https:\/\/www.grupocondor.org\/index.php?rest_route=%2Fwp%2Fv2%2Ftags&post=264"}],"curies":[{"name":"wp","href":"https:\/\/api.w.org\/{rel}","templated":true}]}}