{"id":269,"date":"2008-07-14T15:42:50","date_gmt":"2008-07-14T15:42:50","guid":{"rendered":"http:\/\/webs.almeritek.com\/grupocondor.org\/?p=269"},"modified":"2015-01-14T17:37:11","modified_gmt":"2015-01-14T17:37:11","slug":"reunion-para-actividades-2o-semestre","status":"publish","type":"post","link":"https:\/\/www.grupocondor.org\/?p=269","title":{"rendered":"Reuni\u00f3n para actividades 2\u00ba semestre"},"content":{"rendered":"<p>Reuni\u00f3n para actividades 2\u00ba semestre | Grupo C\u00f3ndor<\/p>\n<div id=\"outer-container\">\n<div id=\"page-right\">\n<div id=\"page-left\">\n<div id=\"container\">\n<div id=\"inside-content\">\n<div class=\"clear-block\">\n<div id=\"mainContent\">\n<div id=\"node-125\" class=\"node clear-block\">\n<div class=\"content\">\n<p>Dentro de las actividades que el Grupo C\u00f3ndor va a desarrollar durante este segundo semestre le va a dar, al igual que en el primer semestre, una importancia especial a la promoci\u00f3n entre los m\u00e1s j\u00f3venes, y para ello tiene lugar esta reuni\u00f3n, con el objetivo principal de informar y dar a conocer las diferentes actividades y aclarar las dudas que puedan surguir.<\/p>\n<p><strong>Fecha y hora:<br \/>\n<\/strong>Martes, 16 de Septiembre de 2008. A las 19,00 horas.<\/p>\n<p><strong>Lugar:<\/strong> Locales del Grupo C\u00f3ndor.<\/p>\n<p><strong>Participantes:<\/strong><br \/>\nPara j\u00f3venes y padres que quieran participar en las actividades infantiles juveniles que C\u00f3ndor organiza.<\/p>\n<\/div>\n<\/div>\n<\/div>\n<\/div>\n<\/div>\n<\/div>\n<\/div>\n<\/div>\n<\/div>\n","protected":false},"excerpt":{"rendered":"<p>Reuni\u00f3n para actividades 2\u00ba semestre | Grupo C\u00f3ndor Dentro de las actividades que el Grupo C\u00f3ndor va a desarrollar durante este segundo semestre le va a dar, al igual que en el primer semestre, una importancia especial a la promoci\u00f3n entre los m\u00e1s j\u00f3venes, y para ello tiene lugar esta reuni\u00f3n, con el objetivo principal [&hellip;]<\/p>\n","protected":false},"author":7743,"featured_media":271,"comment_status":"open","ping_status":"open","sticky":false,"template":"","format":"standard","meta":{"_et_pb_use_builder":"","_et_pb_old_content":"","_et_gb_content_width":"","footnotes":""},"categories":[8,2],"tags":[],"class_list":["post-269","post","type-post","status-publish","format-standard","has-post-thumbnail","hentry","category-actividades","category-montanismo","et-has-post-format-content","et_post_format-et-post-format-standard"],"_links":{"self":[{"href":"https:\/\/www.grupocondor.org\/index.php?rest_route=\/wp\/v2\/posts\/269","targetHints":{"allow":["GET"]}}],"collection":[{"href":"https:\/\/www.grupocondor.org\/index.php?rest_route=\/wp\/v2\/posts"}],"about":[{"href":"https:\/\/www.grupocondor.org\/index.php?rest_route=\/wp\/v2\/types\/post"}],"author":[{"embeddable":true,"href":"https:\/\/www.grupocondor.org\/index.php?rest_route=\/wp\/v2\/users\/7743"}],"replies":[{"embeddable":true,"href":"https:\/\/www.grupocondor.org\/index.php?rest_route=%2Fwp%2Fv2%2Fcomments&post=269"}],"version-history":[{"count":1,"href":"https:\/\/www.grupocondor.org\/index.php?rest_route=\/wp\/v2\/posts\/269\/revisions"}],"predecessor-version":[{"id":272,"href":"https:\/\/www.grupocondor.org\/index.php?rest_route=\/wp\/v2\/posts\/269\/revisions\/272"}],"wp:featuredmedia":[{"embeddable":true,"href":"https:\/\/www.grupocondor.org\/index.php?rest_route=\/wp\/v2\/media\/271"}],"wp:attachment":[{"href":"https:\/\/www.grupocondor.org\/index.php?rest_route=%2Fwp%2Fv2%2Fmedia&parent=269"}],"wp:term":[{"taxonomy":"category","embeddable":true,"href":"https:\/\/www.grupocondor.org\/index.php?rest_route=%2Fwp%2Fv2%2Fcategories&post=269"},{"taxonomy":"post_tag","embeddable":true,"href":"https:\/\/www.grupocondor.org\/index.php?rest_route=%2Fwp%2Fv2%2Ftags&post=269"}],"curies":[{"name":"wp","href":"https:\/\/api.w.org\/{rel}","templated":true}]}}