{"id":34582,"date":"2017-08-03T11:05:39","date_gmt":"2017-08-03T11:05:39","guid":{"rendered":"http:\/\/www.grupocondor.org\/?p=34582"},"modified":"2017-08-05T07:25:09","modified_gmt":"2017-08-05T07:25:09","slug":"salvemos-el-refugio-historico-elorrieta-de-sierra-nevada","status":"publish","type":"post","link":"https:\/\/www.grupocondor.org\/?p=34582","title":{"rendered":"Salvemos el refugio hist\u00f3rico ELORRIETA de Sierra Nevada"},"content":{"rendered":"<h2 style=\"text-align: center;\"><strong>Salvemos el refugio hist\u00f3rico ELORRIETA de Sierra Nevada.<\/strong><\/h2>\n<h3><\/h3>\n<h3 style=\"text-align: center;\">El Grupo Ecologista C\u00f3ndor ha pedido a las Consejer\u00edas de Cultura y Deporte y al Parque Nacional de Sierra Nevada que el refugio de alta monta\u00f1a Elorrieta sea catalogado de\u00a0<strong>Patrimonio Hist\u00f3rico de Andaluc\u00eda<\/strong>\u00a0y sean convenientemente promovidas\u00a0<strong>medidas cautelares de protecci\u00f3n y un programa de rehabilitaci\u00f3n<\/strong>\u00a0para el efectivo mantenimiento del mismo.<\/h3>\n<p><a href=\"http:\/\/www.grupocondor.org\/wp-content\/uploads\/2017\/08\/drbLwMoadSYuzaX-800x450-noPad-1.jpg\"><img loading=\"lazy\" decoding=\"async\" class=\"aligncenter wp-image-34583 size-full\" src=\"http:\/\/www.grupocondor.org\/wp-content\/uploads\/2017\/08\/drbLwMoadSYuzaX-800x450-noPad-1.jpg\" alt=\"\" width=\"709\" height=\"398\" srcset=\"https:\/\/www.grupocondor.org\/wp-content\/uploads\/2017\/08\/drbLwMoadSYuzaX-800x450-noPad-1.jpg 709w, https:\/\/www.grupocondor.org\/wp-content\/uploads\/2017\/08\/drbLwMoadSYuzaX-800x450-noPad-1-300x168.jpg 300w\" sizes=\"(max-width: 709px) 100vw, 709px\" \/><\/a><\/p>\n<p>El refugio Elorrieta es el mayor de la Alta Monta\u00f1a granadina, el m\u00e1s alto de la pen\u00ednsula.<\/p>\n<p>Fue construido entre 1931 y 1933 como enclave para fomentar el conocimiento de las altas cumbres del grueso de la sociedad granadina y como refugio para toda una nueva zona de repoblaci\u00f3n de las altas alpujarras; adem\u00e1s de ser refugio vital, como es a\u00fan hoy, para los que necesitaran atravesar la extrema y peligrosa cumbrera en la que se encuentra, durante el invierno.<\/p>\n<p>Est\u00e1 conformado como una articulaci\u00f3n de dos plantas en forma de \u201cL\u201d, estando una de ellas excavada y otra sobre la rasante. En la actualidad se encuentra en buen estado estructural pero mal conservado, especialmente en sistemas y acabados exteriores. Los tendidos superficiales est\u00e1n muy da\u00f1ados tanto en el interior como el exterior, y las carpinter\u00edas y cerrajer\u00edas est\u00e1n muy da\u00f1adas. Sin embargo, una sencilla obra de rehabilitaci\u00f3n mantendr\u00eda este refugio en un buen estado, conservando el mismo hasta acometer una rehabilitaci\u00f3n total de mayor alcance cuando sea posible, por una serie de razones innegables que obligan a su tratamiento y consideraci\u00f3n:<\/p>\n<ol>\n<li>Es testigo hist\u00f3rico, construido, de una \u00e9poca hist\u00f3rica en la que realmente se trataba de paliar la escasez del campo andaluz mediante una pol\u00edtica agraria novedosa y proactiva.<\/li>\n<li>Es uno de los 5 refugios construidos durante la 2\u00aa Rep\u00fablica en la alta monta\u00f1a andaluza.<\/li>\n<li>Es representativo de una arquitectura modernista, que desde el programa y hasta sus soluciones constructivas conforma un ejemplo de sostenibilidad constructiva y ambiental realizada con materiales del propio lugar.<\/li>\n<li>Se encuentra en buen estado estructural, lo que posibilita una rehabilitaci\u00f3n basada en la protecci\u00f3n superficial y retrazar su programa interior, dot\u00e1ndolo de carpinter\u00edas y mobiliario fijo interior.<\/li>\n<li>Es necesario para facilitar las rutas por la zona durante el verano, y de especial sensibilidad para la salvaguarda de la vida de muchos monta\u00f1eros que atraviesan la zona, cuando las condiciones invernales desfavorables son insalvables.<\/li>\n<\/ol>\n<p>Por tanto, y por ser de justicia hist\u00f3rica solicitamos que sea catalogado de\u00a0<strong>patrimonio Hist\u00f3rico de Andaluc\u00eda<\/strong>\u00a0y sean convenientemente promovidas\u00a0<strong>medidas cautelares de proteccion y un programa de rehabilitaci\u00f3n<\/strong>\u00a0para el efectivo mantenimiento del mismo.<\/p>\n<p><a href=\"http:\/\/www.grupocondor.org\/wp-content\/uploads\/2017\/08\/situacion-refugio-elorrieta.jpg\"><img loading=\"lazy\" decoding=\"async\" class=\"aligncenter wp-image-34585 size-full\" src=\"http:\/\/www.grupocondor.org\/wp-content\/uploads\/2017\/08\/situacion-refugio-elorrieta.jpg\" alt=\"\" width=\"650\" height=\"226\" srcset=\"https:\/\/www.grupocondor.org\/wp-content\/uploads\/2017\/08\/situacion-refugio-elorrieta.jpg 650w, https:\/\/www.grupocondor.org\/wp-content\/uploads\/2017\/08\/situacion-refugio-elorrieta-300x104.jpg 300w\" sizes=\"(max-width: 650px) 100vw, 650px\" \/><\/a><\/p>\n<p>&nbsp;<\/p>\n<p><a href=\"http:\/\/www.grupocondor.org\/wp-content\/uploads\/2017\/08\/Linea-de-tiempo-Refugio-Elorrieta.jpg\"><img loading=\"lazy\" decoding=\"async\" class=\"aligncenter wp-image-34584 size-full\" src=\"http:\/\/www.grupocondor.org\/wp-content\/uploads\/2017\/08\/Linea-de-tiempo-Refugio-Elorrieta.jpg\" alt=\"\" width=\"1003\" height=\"569\" srcset=\"https:\/\/www.grupocondor.org\/wp-content\/uploads\/2017\/08\/Linea-de-tiempo-Refugio-Elorrieta.jpg 1003w, https:\/\/www.grupocondor.org\/wp-content\/uploads\/2017\/08\/Linea-de-tiempo-Refugio-Elorrieta-300x170.jpg 300w, https:\/\/www.grupocondor.org\/wp-content\/uploads\/2017\/08\/Linea-de-tiempo-Refugio-Elorrieta-768x436.jpg 768w\" sizes=\"(max-width: 1003px) 100vw, 1003px\" \/><\/a><\/p>\n<p>Con estas acciones el Grupo Ecologista C\u00f3ndor se suma a la Plataforma Acci\u00f3n Sierra Nevada en la defensa de este emblem\u00e1tico refugio de monta\u00f1a ante las voces amenazantes que piden su demolici\u00f3n.<\/p>\n<p>&nbsp;<\/p>\n","protected":false},"excerpt":{"rendered":"<p>Salvemos el refugio hist\u00f3rico ELORRIETA de Sierra Nevada. El Grupo Ecologista C\u00f3ndor ha pedido a las Consejer\u00edas de Cultura y Deporte y al Parque Nacional de Sierra Nevada que el refugio de alta monta\u00f1a Elorrieta sea catalogado de\u00a0Patrimonio Hist\u00f3rico de Andaluc\u00eda\u00a0y sean convenientemente promovidas\u00a0medidas cautelares de protecci\u00f3n y un programa de rehabilitaci\u00f3n\u00a0para el efectivo mantenimiento [&hellip;]<\/p>\n","protected":false},"author":7743,"featured_media":34583,"comment_status":"open","ping_status":"open","sticky":false,"template":"","format":"standard","meta":{"_et_pb_use_builder":"","_et_pb_old_content":"","_et_gb_content_width":"","footnotes":""},"categories":[24,2,10],"tags":[],"class_list":["post-34582","post","type-post","status-publish","format-standard","has-post-thumbnail","hentry","category-categoriasdestacadas","category-montanismo","category-noticias","et-has-post-format-content","et_post_format-et-post-format-standard"],"_links":{"self":[{"href":"https:\/\/www.grupocondor.org\/index.php?rest_route=\/wp\/v2\/posts\/34582","targetHints":{"allow":["GET"]}}],"collection":[{"href":"https:\/\/www.grupocondor.org\/index.php?rest_route=\/wp\/v2\/posts"}],"about":[{"href":"https:\/\/www.grupocondor.org\/index.php?rest_route=\/wp\/v2\/types\/post"}],"author":[{"embeddable":true,"href":"https:\/\/www.grupocondor.org\/index.php?rest_route=\/wp\/v2\/users\/7743"}],"replies":[{"embeddable":true,"href":"https:\/\/www.grupocondor.org\/index.php?rest_route=%2Fwp%2Fv2%2Fcomments&post=34582"}],"version-history":[{"count":4,"href":"https:\/\/www.grupocondor.org\/index.php?rest_route=\/wp\/v2\/posts\/34582\/revisions"}],"predecessor-version":[{"id":34607,"href":"https:\/\/www.grupocondor.org\/index.php?rest_route=\/wp\/v2\/posts\/34582\/revisions\/34607"}],"wp:featuredmedia":[{"embeddable":true,"href":"https:\/\/www.grupocondor.org\/index.php?rest_route=\/wp\/v2\/media\/34583"}],"wp:attachment":[{"href":"https:\/\/www.grupocondor.org\/index.php?rest_route=%2Fwp%2Fv2%2Fmedia&parent=34582"}],"wp:term":[{"taxonomy":"category","embeddable":true,"href":"https:\/\/www.grupocondor.org\/index.php?rest_route=%2Fwp%2Fv2%2Fcategories&post=34582"},{"taxonomy":"post_tag","embeddable":true,"href":"https:\/\/www.grupocondor.org\/index.php?rest_route=%2Fwp%2Fv2%2Ftags&post=34582"}],"curies":[{"name":"wp","href":"https:\/\/api.w.org\/{rel}","templated":true}]}}