{"id":34626,"date":"2017-11-10T13:54:16","date_gmt":"2017-11-10T13:54:16","guid":{"rendered":"http:\/\/www.grupocondor.org\/?p=34626"},"modified":"2017-11-10T15:30:34","modified_gmt":"2017-11-10T15:30:34","slug":"visita-a-la-estacion-paleontologica-del-valle-del-rio-fardesfonelas-gr-y-sendero-del-cerro-mencal-pedro-martinez-gr-sabado-2-de-diciembre-2017","status":"publish","type":"post","link":"https:\/\/www.grupocondor.org\/?p=34626","title":{"rendered":"VISITA A LA ESTACI\u00d3N PALEONTOL\u00d3GICA DEL VALLE DEL RIO FARDES(FONELAS-GR) Y SENDERO DEL CERRO MENCAL (PEDRO MART\u00cdNEZ-GR) S\u00c1BADO, 2 DE DICIEMBRE 2017"},"content":{"rendered":"<h2 style=\"text-align: center;\"><strong>VISITA A LA ESTACI\u00d3N PALEONTOL\u00d3GICA DEL VALLE DEL R\u00cdO FARDES(FONELAS-GR) Y SENDERO DEL CERRO MENCAL (PEDRO MART\u00cdNEZ-GR)<\/strong><\/h2>\n<p>&nbsp;<\/p>\n<h3 style=\"text-align: center;\">S\u00e1bado, 2 de Diciembre de 2017<\/h3>\n<p style=\"text-align: center;\"><strong>Organizado por el Club de Monta\u00f1ismo C\u00f3ndor<\/strong><\/p>\n<p><a href=\"http:\/\/www.grupocondor.org\/wp-content\/uploads\/2017\/11\/Mencar-CARTEL.jpg\"><img loading=\"lazy\" decoding=\"async\" class=\"aligncenter wp-image-34631 size-large\" src=\"http:\/\/www.grupocondor.org\/wp-content\/uploads\/2017\/11\/Mencar-CARTEL-718x1024.jpg\" alt=\"\" width=\"718\" height=\"1024\" srcset=\"https:\/\/www.grupocondor.org\/wp-content\/uploads\/2017\/11\/Mencar-CARTEL-718x1024.jpg 718w, https:\/\/www.grupocondor.org\/wp-content\/uploads\/2017\/11\/Mencar-CARTEL-210x300.jpg 210w, https:\/\/www.grupocondor.org\/wp-content\/uploads\/2017\/11\/Mencar-CARTEL-768x1095.jpg 768w, https:\/\/www.grupocondor.org\/wp-content\/uploads\/2017\/11\/Mencar-CARTEL-1080x1539.jpg 1080w\" sizes=\"(max-width: 718px) 100vw, 718px\" \/><\/a><\/p>\n<p style=\"text-align: center;\"><strong>PROGRAMA<\/strong><\/p>\n<p><strong>\u00a0<\/strong><\/p>\n<p><strong>1\u00ba.- DESCRIPCI\u00d3N.<\/strong><\/p>\n<p><strong>\u00a0<\/strong><strong>07,45 h<\/strong>. Salida en autocar desde la Plaza de El Zapillo<\/p>\n<p><strong>08,00 h<\/strong>. Parada en la puerta de Comisar\u00eda (Avda del Mediterr\u00e1neo).<\/p>\n<p><strong>10,00 h.<\/strong> Llegada a la Estaci\u00f3n Paleontol\u00f3gica del Rio Fardes\u00a0 (Fonelas).<\/p>\n<p>La visita tiene una duraci\u00f3n aproximada de 1hora.<\/p>\n<p><strong>11:30-12 h. <\/strong>Traslado a Pedro Mart\u00ednez e inicio Sendero del Cerro Mencal<\/p>\n<p><strong>17,00 h<\/strong>. Regreso para Almer\u00eda.<\/p>\n<p>&nbsp;<\/p>\n<p><strong>2\u00ba. PARTICIPANTES Y CUOTA DE INSCRIPCI\u00d3N.<\/strong><\/p>\n<p>El n\u00famero de plazas est\u00e1 limitado a 25, por lo que se tendr\u00e1 en cuenta el orden de inscripci\u00f3n. El precio por persona es:<\/p>\n<p>Socios Mayores: <strong>10 \u20ac<\/strong>.\u00a0\u00a0\u00a0\u00a0 <em>[No federado: 15\u20ac]<\/em><\/p>\n<p>Socios Menores de 15 a\u00f1os: <strong>5 \u20ac\u00a0\u00a0\u00a0 <\/strong><em>[No federado: 10\u20ac]<\/em><\/p>\n<p>Participantes de la Escuela Municipal de Monta\u00f1ismo de Almer\u00eda:<strong> 5\u20ac<\/strong><\/p>\n<p><strong>\u00a0<\/strong><\/p>\n<p><strong>\u00a0<\/strong><strong>3\u00ba. COMO INSCRIBIRSE Y PAGAR LA CUOTA DE INSCRIPCI\u00d3N.<\/strong><\/p>\n<p><em>Hay que inscribirse enviado un correo electr\u00f3nico con nombre, apellidos, DNI., fecha nacimiento, tel\u00e9fono de contacto y el justificante del ingreso de la cuota de inscripci\u00f3n en la siguiente cuenta (Por favor especificar bien el nombre y actividad)<\/em><\/p>\n<p><em>A nombre del Club de Monta\u00f1ismo C\u00f3ndor. UNICAJA. <\/em><\/p>\n<p><em>Cuenta Corriente n\u00ba: ES67.2103.5002.72.0300027972.<\/em><\/p>\n<p><strong>\u00a0<\/strong><\/p>\n<p><strong>4\u00ba. FECHA L\u00cdMITE DE INSCRIPCI\u00d3N. <\/strong><\/p>\n<p>Jueves, 16 de Noviembre de 2017. Hasta que se cubran las\u00a0 25 plazas.<\/p>\n<p>&nbsp;<\/p>\n<p><strong>5\u00ba. SE INCLUYE<\/strong> en esta cuota: Desplazamiento en autocar, licencia deportiva de un d\u00eda de la Federaci\u00f3n Andaluza de Monta\u00f1ismo (si no est\u00e1 federado), Monitores y material informativo del recorrido a desarrollar.<\/p>\n<p>&nbsp;<\/p>\n<p><strong>6\u00ba. COMIDA.<\/strong><\/p>\n<p>Hay que llevar la comida, pues se har\u00e1 una parada durante el recorrido del Sendero del Mencal<\/p>\n<p>&nbsp;<\/p>\n<p><strong>7\u00ba. PARA M\u00c1S INFORMACI\u00d3N.<\/strong><\/p>\n<p><em>\u00a0<\/em><em>Ponerse en contacto trav\u00e9s del correo electr\u00f3nico: <\/em><a href=\"mailto:secretaria@grupocondor.org\">secretaria@grupocondor.org<\/a><em>, o en el tel\u00e9fono <strong>667.488.179 (Manuel Gonz\u00e1lez) y 636436376 (Antonio S\u00e1nchez)<\/strong><\/em><\/p>\n<p>Y en la p\u00e1gina web: <a href=\"http:\/\/www.grupocondor.org\/\">www.grupocondor.org<\/a><\/p>\n<p><strong>Nota: El desplazamiento en autob\u00fas se realizar\u00e1 con un m\u00ednimo de 25 inscripciones. En el caso de que no haya suficientes inscripciones, los organizadores coordinaran la salida con veh\u00edculos privados.<\/strong><\/p>\n<p>MAS INFORMACI\u00d3N EN EL PROGRAMA DE LA ACTIVIDAD:<\/p>\n<p><a href=\"http:\/\/www.grupocondor.org\/wp-content\/uploads\/2017\/11\/programa-Fonelas-Mencal.pdf\">programa Fonelas-Mencal<\/a><\/p>\n<p>&nbsp;<\/p>\n","protected":false},"excerpt":{"rendered":"<p>VISITA A LA ESTACI\u00d3N PALEONTOL\u00d3GICA DEL VALLE DEL R\u00cdO FARDES(FONELAS-GR) Y SENDERO DEL CERRO MENCAL (PEDRO MART\u00cdNEZ-GR) &nbsp; S\u00e1bado, 2 de Diciembre de 2017 Organizado por el Club de Monta\u00f1ismo C\u00f3ndor PROGRAMA \u00a0 1\u00ba.- DESCRIPCI\u00d3N. \u00a007,45 h. Salida en autocar desde la Plaza de El Zapillo 08,00 h. Parada en la puerta de Comisar\u00eda (Avda [&hellip;]<\/p>\n","protected":false},"author":7743,"featured_media":34630,"comment_status":"open","ping_status":"open","sticky":false,"template":"","format":"standard","meta":{"_et_pb_use_builder":"","_et_pb_old_content":"","_et_gb_content_width":"","footnotes":""},"categories":[8,24,2],"tags":[],"class_list":["post-34626","post","type-post","status-publish","format-standard","has-post-thumbnail","hentry","category-actividades","category-categoriasdestacadas","category-montanismo","et-has-post-format-content","et_post_format-et-post-format-standard"],"_links":{"self":[{"href":"https:\/\/www.grupocondor.org\/index.php?rest_route=\/wp\/v2\/posts\/34626","targetHints":{"allow":["GET"]}}],"collection":[{"href":"https:\/\/www.grupocondor.org\/index.php?rest_route=\/wp\/v2\/posts"}],"about":[{"href":"https:\/\/www.grupocondor.org\/index.php?rest_route=\/wp\/v2\/types\/post"}],"author":[{"embeddable":true,"href":"https:\/\/www.grupocondor.org\/index.php?rest_route=\/wp\/v2\/users\/7743"}],"replies":[{"embeddable":true,"href":"https:\/\/www.grupocondor.org\/index.php?rest_route=%2Fwp%2Fv2%2Fcomments&post=34626"}],"version-history":[{"count":3,"href":"https:\/\/www.grupocondor.org\/index.php?rest_route=\/wp\/v2\/posts\/34626\/revisions"}],"predecessor-version":[{"id":34633,"href":"https:\/\/www.grupocondor.org\/index.php?rest_route=\/wp\/v2\/posts\/34626\/revisions\/34633"}],"wp:featuredmedia":[{"embeddable":true,"href":"https:\/\/www.grupocondor.org\/index.php?rest_route=\/wp\/v2\/media\/34630"}],"wp:attachment":[{"href":"https:\/\/www.grupocondor.org\/index.php?rest_route=%2Fwp%2Fv2%2Fmedia&parent=34626"}],"wp:term":[{"taxonomy":"category","embeddable":true,"href":"https:\/\/www.grupocondor.org\/index.php?rest_route=%2Fwp%2Fv2%2Fcategories&post=34626"},{"taxonomy":"post_tag","embeddable":true,"href":"https:\/\/www.grupocondor.org\/index.php?rest_route=%2Fwp%2Fv2%2Ftags&post=34626"}],"curies":[{"name":"wp","href":"https:\/\/api.w.org\/{rel}","templated":true}]}}