{"id":34863,"date":"2018-12-27T11:48:11","date_gmt":"2018-12-27T11:48:11","guid":{"rendered":"http:\/\/www.grupocondor.org\/?p=34863"},"modified":"2018-12-27T12:04:29","modified_gmt":"2018-12-27T12:04:29","slug":"programa-de-actividades-de-marcha-nordica-2019-del-club-de-montanismo-condor","status":"publish","type":"post","link":"https:\/\/www.grupocondor.org\/?p=34863","title":{"rendered":"Programa de Actividades de Marcha N\u00f3rdica 2019 del Club de Monta\u00f1ismo C\u00f3ndor"},"content":{"rendered":"<p><a href=\"http:\/\/www.grupocondor.org\/wp-content\/uploads\/2018\/12\/CartelMarchaNordica2019.jpg\"><img loading=\"lazy\" decoding=\"async\" class=\"aligncenter wp-image-34864 size-large\" src=\"http:\/\/www.grupocondor.org\/wp-content\/uploads\/2018\/12\/CartelMarchaNordica2019-1024x675.jpg\" alt=\"\" width=\"1024\" height=\"675\" srcset=\"https:\/\/www.grupocondor.org\/wp-content\/uploads\/2018\/12\/CartelMarchaNordica2019-1024x675.jpg 1024w, https:\/\/www.grupocondor.org\/wp-content\/uploads\/2018\/12\/CartelMarchaNordica2019-300x198.jpg 300w, https:\/\/www.grupocondor.org\/wp-content\/uploads\/2018\/12\/CartelMarchaNordica2019-768x507.jpg 768w, https:\/\/www.grupocondor.org\/wp-content\/uploads\/2018\/12\/CartelMarchaNordica2019-1080x712.jpg 1080w\" sizes=\"(max-width: 1024px) 100vw, 1024px\" \/><\/a><\/p>\n<p>El Club de Monta\u00f1ismo C\u00f3ndor, ha confeccionado una serie de actividades con el fin de fomentar y promocionar la Marcha N\u00f3rdica en la provincia de Almer\u00eda, tanto para principiantes como para iniciados en esta actividad.\u00a0 A continuaci\u00f3n os mostramos el calendario de actividades programadas:<\/p>\n<p><u><b>Enero\u00a0 <\/b><\/u><\/p>\n<ul>\n<li>12 Enero. <b>Curso <\/b><b>Iniciaci\u00f3n Marcha N\u00f3rdica. <\/b><\/li>\n<li>20 Enero. <b>Salida <\/b><b>por la zona de Retamar o Cabo de Gata. Iniciaci\u00f3n y avanzados<\/b><\/li>\n<\/ul>\n<p><u><b>Febrero<\/b><\/u><\/p>\n<ul>\n<li>16 Febrero. <b>Curso Iniciaci\u00f3n Marcha N\u00f3rdica.<\/b><\/li>\n<li>24 Febrero . <b>Salida Marcha N\u00f3rdica. Iniciaci\u00f3n y Avanzados. <\/b><\/li>\n<\/ul>\n<p><u><b>Marzo<\/b><\/u><\/p>\n<ul>\n<li>30 Marzo. <b>Curso Iniciaci\u00f3n Marcha N\u00f3rdica<\/b><\/li>\n<\/ul>\n<p><u><b>Abril <\/b><\/u><\/p>\n<ul>\n<li>13 Abril. <b>Jornada de perfeccionamiento Marcha N\u00f3rdica<\/b><b>.<\/b><\/li>\n<li>27 Abril. <b>Salida Marcha N\u00f3rdica. Iniciaci\u00f3n y Avanzados<\/b><\/li>\n<\/ul>\n<p><u><b>Mayo<\/b><\/u><\/p>\n<ul>\n<li>11 Mayo. <b>Salida Marcha N\u00f3rdica. Iniciaci\u00f3n y Avanzados.<\/b><\/li>\n<\/ul>\n<p><u><b>Junio<\/b><\/u><\/p>\n<ul>\n<li>01 Junio. <b>Jornada de perfeccionamiento Marcha N\u00f3rdica.<\/b><\/li>\n<\/ul>\n<p>&nbsp;<\/p>\n<ul>\n<li>Las salidas de Marcha N\u00f3rdica, ser\u00e1n tanto para iniciados como avanzados, y se realizar\u00e1n a distintos lugares de la provincia, con el fin de que aquellos alumnos que se inicien puedan tener un seguimiento, y aquellos que ya son avanzados, puedan perfeccionar su t\u00e9cnica.<\/li>\n<li><\/li>\n<li>En la p\u00e1gina web del club, as\u00ed como a trav\u00e9s de Facebook iremos informando de los itinerarios de las actividades as\u00ed como de los contenidos de las distintas jornadas de perfeccionamiento.<\/li>\n<li><\/li>\n<li>Las actividades est\u00e1n abiertas a todo el p\u00fablico en general, siendo gratuitas para los socios del Club de Monta\u00f1ismo C\u00f3ndor, y para el resto de personas tendr\u00e1n que pagar unas cantidades simb\u00f3licas con el fin de poder cubrir gastos de gesti\u00f3n, seguro y material.<\/li>\n<li><\/li>\n<li>Las fechas indicadas son orientativas, y est\u00e1n sujetas a posibles modificaciones, de las cuales se avisar\u00e1 a trav\u00e9s de nuestra web y facebook.<\/li>\n<\/ul>\n<p>&nbsp;<\/p>\n<p>PROGRAMA EN FORMATO PDF:\u00a0<a href=\"http:\/\/www.grupocondor.org\/wp-content\/uploads\/2018\/12\/Programa-MN-2019.pdf\">Programa MN 2019<\/a><\/p>\n","protected":false},"excerpt":{"rendered":"<p>El Club de Monta\u00f1ismo C\u00f3ndor, ha confeccionado una serie de actividades con el fin de fomentar y promocionar la Marcha N\u00f3rdica en la provincia de Almer\u00eda, tanto para principiantes como para iniciados en esta actividad.\u00a0 A continuaci\u00f3n os mostramos el calendario de actividades programadas: Enero\u00a0 12 Enero. Curso Iniciaci\u00f3n Marcha N\u00f3rdica. 20 Enero. Salida por [&hellip;]<\/p>\n","protected":false},"author":7743,"featured_media":34864,"comment_status":"open","ping_status":"open","sticky":false,"template":"","format":"standard","meta":{"_et_pb_use_builder":"","_et_pb_old_content":"","_et_gb_content_width":"","footnotes":""},"categories":[8,24,25,2,23],"tags":[],"class_list":["post-34863","post","type-post","status-publish","format-standard","has-post-thumbnail","hentry","category-actividades","category-categoriasdestacadas","category-marcha-nordica","category-montanismo","category-proximos-eventos","et-has-post-format-content","et_post_format-et-post-format-standard"],"_links":{"self":[{"href":"https:\/\/www.grupocondor.org\/index.php?rest_route=\/wp\/v2\/posts\/34863","targetHints":{"allow":["GET"]}}],"collection":[{"href":"https:\/\/www.grupocondor.org\/index.php?rest_route=\/wp\/v2\/posts"}],"about":[{"href":"https:\/\/www.grupocondor.org\/index.php?rest_route=\/wp\/v2\/types\/post"}],"author":[{"embeddable":true,"href":"https:\/\/www.grupocondor.org\/index.php?rest_route=\/wp\/v2\/users\/7743"}],"replies":[{"embeddable":true,"href":"https:\/\/www.grupocondor.org\/index.php?rest_route=%2Fwp%2Fv2%2Fcomments&post=34863"}],"version-history":[{"count":2,"href":"https:\/\/www.grupocondor.org\/index.php?rest_route=\/wp\/v2\/posts\/34863\/revisions"}],"predecessor-version":[{"id":34867,"href":"https:\/\/www.grupocondor.org\/index.php?rest_route=\/wp\/v2\/posts\/34863\/revisions\/34867"}],"wp:featuredmedia":[{"embeddable":true,"href":"https:\/\/www.grupocondor.org\/index.php?rest_route=\/wp\/v2\/media\/34864"}],"wp:attachment":[{"href":"https:\/\/www.grupocondor.org\/index.php?rest_route=%2Fwp%2Fv2%2Fmedia&parent=34863"}],"wp:term":[{"taxonomy":"category","embeddable":true,"href":"https:\/\/www.grupocondor.org\/index.php?rest_route=%2Fwp%2Fv2%2Fcategories&post=34863"},{"taxonomy":"post_tag","embeddable":true,"href":"https:\/\/www.grupocondor.org\/index.php?rest_route=%2Fwp%2Fv2%2Ftags&post=34863"}],"curies":[{"name":"wp","href":"https:\/\/api.w.org\/{rel}","templated":true}]}}