{"id":34932,"date":"2019-02-03T22:28:38","date_gmt":"2019-02-03T22:28:38","guid":{"rendered":"http:\/\/www.grupocondor.org\/?p=34932"},"modified":"2023-03-08T20:11:39","modified_gmt":"2023-03-08T20:11:39","slug":"la-escuela-de-montanismo-en-el-paraje-natural-del-desierto-de-tabernas","status":"publish","type":"post","link":"https:\/\/www.grupocondor.org\/?p=34932","title":{"rendered":"La Escuela de Monta\u00f1ismo en el Paraje Natural del Desierto de Tabernas"},"content":{"rendered":"\n[et_pb_section][et_pb_row][et_pb_column type=\u00bb4_4&#8243;][et_pb_text]<div id=\"attachment_34936\" style=\"width: 1034px\" class=\"wp-caption aligncenter\"><a href=\"http:\/\/www.grupocondor.org\/wp-content\/uploads\/2019\/02\/IMG_2406.jpg\"><img loading=\"lazy\" decoding=\"async\" aria-describedby=\"caption-attachment-34936\" class=\"wp-image-34936 size-large\" src=\"http:\/\/www.grupocondor.org\/wp-content\/uploads\/2019\/02\/IMG_2406-1024x683.jpg\" alt=\"\" width=\"1024\" height=\"683\" srcset=\"https:\/\/www.grupocondor.org\/wp-content\/uploads\/2019\/02\/IMG_2406-1024x683.jpg 1024w, https:\/\/www.grupocondor.org\/wp-content\/uploads\/2019\/02\/IMG_2406-300x200.jpg 300w, https:\/\/www.grupocondor.org\/wp-content\/uploads\/2019\/02\/IMG_2406-768x512.jpg 768w, https:\/\/www.grupocondor.org\/wp-content\/uploads\/2019\/02\/IMG_2406-1080x720.jpg 1080w\" sizes=\"(max-width: 1024px) 100vw, 1024px\" \/><\/a><p id=\"caption-attachment-34936\" class=\"wp-caption-text\">Alumnos de 6\u00ba de Primaria del CEIP Nueva Almer\u00eda<\/p><\/div>\n\nDentro de las actividades que est\u00e1 desarrollando la Escuela Municipal de Monta\u00f1ismo, que organiza el Patronato Municipal de Deportes del Ayuntamiento de Almer\u00eda y el Club de Monta\u00f1ismo C\u00f3ndor, se han llevado a cabo durante estos d\u00edas&nbsp;<strong>un Cursos de Iniciaci\u00f3n al Monta\u00f1ismo<\/strong>.&nbsp;<strong>En el que han participando 50 j\u00f3venes<\/strong>. Teniendo como escenario para la fase te\u00f3rica el&nbsp;<strong><em>&nbsp;CEIP Nueva Almer\u00eda.&nbsp;<\/em>Realiz\u00e1ndose un Itinerario de Monta\u00f1ismo por el Paraje Natural del Desierto de Tabernas<\/strong>, el s\u00e1bado, 29 de enero de 2019, en el que&nbsp;<strong>han participado 50 j\u00f3venes monta\u00f1eros y monta\u00f1eras<\/strong>, conociendo una zona privilegiada de este Paraje Natural, de austera vegetaci\u00f3n, sometido a continuos procesos erosi\u00f3n. Se inici\u00f3 el itinerario desde el Mini Hollywood, descendiendo hasta la Rambla Genaro, hasta la Rambla de Tabernas. Se ha podido observar el denso carrizal. Siguiendo unos metros se llega al karst mec\u00e1nico donde se han podido contemplar los efectos de la erosi\u00f3n y el sonido de diversos p\u00e1jaros que habitan este paraje.\n<h4 style=\"text-align: left;\">El recorrido nos ha llevado hasta el paraje de El Cautivo, un aut\u00e9ntico oasis de palmeras, y uno de los paisajes m\u00e1s bellos de nuestra provincia.<\/h4>\n<h4 style=\"text-align: left;\">Continuamos ascendiendo por la citada rambla de tabernas hasta llegar a la confluencia del Sendero PR, por el cual se asciende hasta volver al punto de partida.<\/h4>\n<h4 style=\"text-align: left;\">Ha sido recorrido 5,1 kil\u00f3metros. F\u00e1cil. Y de gran atractivo.<\/h4>\nM\u00e1s informaci\u00f3n en la p\u00e1gina web del Patronato Municipal de Deportes del Ayuntamiento de Almer\u00eda:\n\n<a href=\"http:\/\/escuelas.pmdalmeria.com\/entidad\/c-monta%C3%B1ismo-c%C3%B3ndor\">http:\/\/escuelas.pmdalmeria.com\/entidad\/c-monta%C3%B1ismo-c%C3%B3ndor<\/a>\n\n&nbsp;\n\nGALER\u00cdA DE FOTOGRAF\u00cdAS:\n\n<a href=\"http:\/\/escuelas.pmdalmeria.com\/galeria\/la-escuela-de-monta%C3%B1ismo-en-el-paraje-natural-del-desierto-de-tabernas\">http:\/\/escuelas.pmdalmeria.com\/galeria\/la-escuela-de-monta%C3%B1ismo-en-el-paraje-natural-del-desierto-de-tabernas<\/a>\n\nO en Facebook:&nbsp;<a href=\"https:\/\/www.facebook.com\/grupocondor77\/\">https:\/\/www.facebook.com\/grupocondor77\/<\/a>\n\n<a href=\"http:\/\/www.grupocondor.org\/wp-content\/uploads\/2019\/02\/IMG_2417.jpg\"><img loading=\"lazy\" decoding=\"async\" class=\"aligncenter wp-image-34940 size-large\" src=\"http:\/\/www.grupocondor.org\/wp-content\/uploads\/2019\/02\/IMG_2417-1024x683.jpg\" alt=\"\" width=\"1024\" height=\"683\" srcset=\"https:\/\/www.grupocondor.org\/wp-content\/uploads\/2019\/02\/IMG_2417-1024x683.jpg 1024w, https:\/\/www.grupocondor.org\/wp-content\/uploads\/2019\/02\/IMG_2417-300x200.jpg 300w, https:\/\/www.grupocondor.org\/wp-content\/uploads\/2019\/02\/IMG_2417-768x512.jpg 768w, https:\/\/www.grupocondor.org\/wp-content\/uploads\/2019\/02\/IMG_2417-1080x720.jpg 1080w\" sizes=\"(max-width: 1024px) 100vw, 1024px\" \/><\/a>\n\n<a href=\"http:\/\/www.grupocondor.org\/wp-content\/uploads\/2019\/02\/IMG_2410.jpg\"><img loading=\"lazy\" decoding=\"async\" class=\"aligncenter wp-image-34938 size-large\" src=\"http:\/\/www.grupocondor.org\/wp-content\/uploads\/2019\/02\/IMG_2410-1024x683.jpg\" alt=\"\" width=\"1024\" height=\"683\" srcset=\"https:\/\/www.grupocondor.org\/wp-content\/uploads\/2019\/02\/IMG_2410-1024x683.jpg 1024w, https:\/\/www.grupocondor.org\/wp-content\/uploads\/2019\/02\/IMG_2410-300x200.jpg 300w, https:\/\/www.grupocondor.org\/wp-content\/uploads\/2019\/02\/IMG_2410-768x512.jpg 768w, https:\/\/www.grupocondor.org\/wp-content\/uploads\/2019\/02\/IMG_2410-1080x720.jpg 1080w\" sizes=\"(max-width: 1024px) 100vw, 1024px\" \/><\/a>\n\n<a href=\"http:\/\/www.grupocondor.org\/wp-content\/uploads\/2019\/02\/20190129_120320.jpg\"><img loading=\"lazy\" decoding=\"async\" class=\"aligncenter wp-image-34935 size-large\" src=\"http:\/\/www.grupocondor.org\/wp-content\/uploads\/2019\/02\/20190129_120320-1024x768.jpg\" alt=\"\" width=\"1024\" height=\"768\" srcset=\"https:\/\/www.grupocondor.org\/wp-content\/uploads\/2019\/02\/20190129_120320-1024x768.jpg 1024w, https:\/\/www.grupocondor.org\/wp-content\/uploads\/2019\/02\/20190129_120320-300x225.jpg 300w, https:\/\/www.grupocondor.org\/wp-content\/uploads\/2019\/02\/20190129_120320-768x576.jpg 768w, https:\/\/www.grupocondor.org\/wp-content\/uploads\/2019\/02\/20190129_120320-1080x810.jpg 1080w\" sizes=\"(max-width: 1024px) 100vw, 1024px\" \/><\/a>\n\n&nbsp;\n\n<div id=\"attachment_34963\" style=\"width: 1034px\" class=\"wp-caption aligncenter\"><a href=\"http:\/\/www.grupocondor.org\/wp-content\/uploads\/2019\/02\/20190128_124832.jpg\"><img loading=\"lazy\" decoding=\"async\" aria-describedby=\"caption-attachment-34963\" class=\"wp-image-34963 size-large\" src=\"http:\/\/www.grupocondor.org\/wp-content\/uploads\/2019\/02\/20190128_124832-1024x768.jpg\" alt=\"\" width=\"1024\" height=\"768\" srcset=\"https:\/\/www.grupocondor.org\/wp-content\/uploads\/2019\/02\/20190128_124832-1024x768.jpg 1024w, https:\/\/www.grupocondor.org\/wp-content\/uploads\/2019\/02\/20190128_124832-300x225.jpg 300w, https:\/\/www.grupocondor.org\/wp-content\/uploads\/2019\/02\/20190128_124832-768x576.jpg 768w, https:\/\/www.grupocondor.org\/wp-content\/uploads\/2019\/02\/20190128_124832-1080x810.jpg 1080w\" sizes=\"(max-width: 1024px) 100vw, 1024px\" \/><\/a><p id=\"caption-attachment-34963\" class=\"wp-caption-text\">Fase pr\u00e1ctica en el CEIP Nueva Almer\u00eda<\/p><\/div>\n\n<a href=\"http:\/\/www.grupocondor.org\/wp-content\/uploads\/2019\/02\/20190129_114546.jpg\"><\/a>\n\n<a href=\"http:\/\/www.grupocondor.org\/wp-content\/uploads\/2019\/02\/20190128_131748.jpg\"><img loading=\"lazy\" decoding=\"async\" class=\"aligncenter wp-image-34964 size-large\" src=\"http:\/\/www.grupocondor.org\/wp-content\/uploads\/2019\/02\/20190128_131748-768x1024.jpg\" alt=\"\" width=\"768\" height=\"1024\" srcset=\"https:\/\/www.grupocondor.org\/wp-content\/uploads\/2019\/02\/20190128_131748-768x1024.jpg 768w, https:\/\/www.grupocondor.org\/wp-content\/uploads\/2019\/02\/20190128_131748-225x300.jpg 225w, https:\/\/www.grupocondor.org\/wp-content\/uploads\/2019\/02\/20190128_131748-1080x1440.jpg 1080w\" sizes=\"(max-width: 768px) 100vw, 768px\" \/><\/a><a href=\"http:\/\/www.grupocondor.org\/wp-content\/uploads\/2019\/02\/20190129_114546.jpg\"><img loading=\"lazy\" decoding=\"async\" class=\"aligncenter wp-image-34934 size-large\" src=\"http:\/\/www.grupocondor.org\/wp-content\/uploads\/2019\/02\/20190129_114546-1024x768.jpg\" alt=\"\" width=\"1024\" height=\"768\" srcset=\"https:\/\/www.grupocondor.org\/wp-content\/uploads\/2019\/02\/20190129_114546-1024x768.jpg 1024w, https:\/\/www.grupocondor.org\/wp-content\/uploads\/2019\/02\/20190129_114546-300x225.jpg 300w, https:\/\/www.grupocondor.org\/wp-content\/uploads\/2019\/02\/20190129_114546-768x576.jpg 768w, https:\/\/www.grupocondor.org\/wp-content\/uploads\/2019\/02\/20190129_114546-1080x810.jpg 1080w\" sizes=\"(max-width: 1024px) 100vw, 1024px\" \/><\/a>[\/et_pb_text][\/et_pb_column][\/et_pb_row][\/et_pb_section]\n","protected":false},"excerpt":{"rendered":"<p><div class=\"et_pb_section et_pb_section_0 et_section_regular\" >\n\t\t\t\t\n\t\t\t\t\n\t\t\t\t\n\t\t\t\t\n\t\t\t\t\n\t\t\t\t\n\t\t\t\t\n\t\t\t\t\n\t\t\t\t\n\t\t\t<\/div><div class=\"et_pb_row et_pb_row_0 et_pb_row_empty\">\n\t\t\t\t\n\t\t\t\t\n\t\t\t\t\n\t\t\t\t\n\t\t\t\t\n\t\t\t<\/div><div class=\"et_pb_module et_pb_text et_pb_text_0  et_pb_text_align_left et_pb_bg_layout_light\">\n\t\t\t\t\n\t\t\t\t\n\t\t\t\t\n\t\t\t\t\n\t\t\t\t\n\t\t\t<\/div> Dentro de las actividades que est\u00e1 desarrollando la Escuela Municipal de Monta\u00f1ismo, que organiza el Patronato Municipal de Deportes del Ayuntamiento de Almer\u00eda y el Club de Monta\u00f1ismo C\u00f3ndor, se han llevado a cabo durante estos d\u00edas&nbsp;un Cursos de Iniciaci\u00f3n al Monta\u00f1ismo.&nbsp;En el que han participando 50 j\u00f3venes. Teniendo como escenario para la fase [&hellip;]<\/p>\n","protected":false},"author":7743,"featured_media":34939,"comment_status":"open","ping_status":"open","sticky":false,"template":"","format":"standard","meta":{"_et_pb_use_builder":"on","_et_pb_old_content":"[caption id=\"attachment_34936\" align=\"aligncenter\" width=\"1024\"]<a href=\"http:\/\/www.grupocondor.org\/wp-content\/uploads\/2019\/02\/IMG_2406.jpg\"><img class=\"wp-image-34936 size-large\" src=\"http:\/\/www.grupocondor.org\/wp-content\/uploads\/2019\/02\/IMG_2406-1024x683.jpg\" alt=\"\" width=\"1024\" height=\"683\"><\/a> Alumnos de 6\u00ba de Primaria del CEIP Nueva Almer\u00eda[\/caption]\n\nDentro de las actividades que est\u00e1 desarrollando la Escuela Municipal de Monta\u00f1ismo, que organiza el Patronato Municipal de Deportes del Ayuntamiento de Almer\u00eda y el Club de Monta\u00f1ismo C\u00f3ndor, se han llevado a cabo durante estos d\u00edas&nbsp;<strong>un Cursos de Iniciaci\u00f3n al Monta\u00f1ismo<\/strong>.&nbsp;<strong>En el que han participando 50 j\u00f3venes<\/strong>. Teniendo como escenario para la fase te\u00f3rica el&nbsp;<strong><em>&nbsp;CEIP Nueva Almer\u00eda.&nbsp;<\/em>Realiz\u00e1ndose un Itinerario de Monta\u00f1ismo por el Paraje Natural del Desierto de Tabernas<\/strong>, el s\u00e1bado, 29 de enero de 2019, en el que&nbsp;<strong>han participado 50 j\u00f3venes monta\u00f1eros y monta\u00f1eras<\/strong>, conociendo una zona privilegiada de este Paraje Natural, de austera vegetaci\u00f3n, sometido a continuos procesos erosi\u00f3n. Se inici\u00f3 el itinerario desde el Mini Hollywood, descendiendo hasta la Rambla Genaro, hasta la Rambla de Tabernas. Se ha podido observar el denso carrizal. Siguiendo unos metros se llega al karst mec\u00e1nico donde se han podido contemplar los efectos de la erosi\u00f3n y el sonido de diversos p\u00e1jaros que habitan este paraje.\n<h4 style=\"text-align: left;\">El recorrido nos ha llevado hasta el paraje de El Cautivo, un aut\u00e9ntico oasis de palmeras, y uno de los paisajes m\u00e1s bellos de nuestra provincia.<\/h4>\n<h4 style=\"text-align: left;\">Continuamos ascendiendo por la citada rambla de tabernas hasta llegar a la confluencia del Sendero PR, por el cual se asciende hasta volver al punto de partida.<\/h4>\n<h4 style=\"text-align: left;\">Ha sido recorrido 5,1 kil\u00f3metros. F\u00e1cil. Y de gran atractivo.<\/h4>\nM\u00e1s informaci\u00f3n en la p\u00e1gina web del Patronato Municipal de Deportes del Ayuntamiento de Almer\u00eda:\n\n<a href=\"http:\/\/escuelas.pmdalmeria.com\/entidad\/c-monta%C3%B1ismo-c%C3%B3ndor\">http:\/\/escuelas.pmdalmeria.com\/entidad\/c-monta%C3%B1ismo-c%C3%B3ndor<\/a>\n\n&nbsp;\n\nGALER\u00cdA DE FOTOGRAF\u00cdAS:\n\n<a href=\"http:\/\/escuelas.pmdalmeria.com\/galeria\/la-escuela-de-monta%C3%B1ismo-en-el-paraje-natural-del-desierto-de-tabernas\">http:\/\/escuelas.pmdalmeria.com\/galeria\/la-escuela-de-monta%C3%B1ismo-en-el-paraje-natural-del-desierto-de-tabernas<\/a>\n\nO en Facebook:&nbsp;<a href=\"https:\/\/www.facebook.com\/grupocondor77\/\">https:\/\/www.facebook.com\/grupocondor77\/<\/a>\n\n<a href=\"http:\/\/www.grupocondor.org\/wp-content\/uploads\/2019\/02\/IMG_2417.jpg\"><img class=\"aligncenter wp-image-34940 size-large\" src=\"http:\/\/www.grupocondor.org\/wp-content\/uploads\/2019\/02\/IMG_2417-1024x683.jpg\" alt=\"\" width=\"1024\" height=\"683\"><\/a>\n\n<a href=\"http:\/\/www.grupocondor.org\/wp-content\/uploads\/2019\/02\/IMG_2410.jpg\"><img class=\"aligncenter wp-image-34938 size-large\" src=\"http:\/\/www.grupocondor.org\/wp-content\/uploads\/2019\/02\/IMG_2410-1024x683.jpg\" alt=\"\" width=\"1024\" height=\"683\"><\/a>\n\n<a href=\"http:\/\/www.grupocondor.org\/wp-content\/uploads\/2019\/02\/20190129_120320.jpg\"><img class=\"aligncenter wp-image-34935 size-large\" src=\"http:\/\/www.grupocondor.org\/wp-content\/uploads\/2019\/02\/20190129_120320-1024x768.jpg\" alt=\"\" width=\"1024\" height=\"768\"><\/a>\n\n&nbsp;\n\n[caption id=\"attachment_34963\" align=\"aligncenter\" width=\"1024\"]<a href=\"http:\/\/www.grupocondor.org\/wp-content\/uploads\/2019\/02\/20190128_124832.jpg\"><img class=\"wp-image-34963 size-large\" src=\"http:\/\/www.grupocondor.org\/wp-content\/uploads\/2019\/02\/20190128_124832-1024x768.jpg\" alt=\"\" width=\"1024\" height=\"768\"><\/a> Fase pr\u00e1ctica en el CEIP Nueva Almer\u00eda[\/caption]\n\n<a href=\"http:\/\/www.grupocondor.org\/wp-content\/uploads\/2019\/02\/20190129_114546.jpg\"><\/a>\n\n<a href=\"http:\/\/www.grupocondor.org\/wp-content\/uploads\/2019\/02\/20190128_131748.jpg\"><img class=\"aligncenter wp-image-34964 size-large\" src=\"http:\/\/www.grupocondor.org\/wp-content\/uploads\/2019\/02\/20190128_131748-768x1024.jpg\" alt=\"\" width=\"768\" height=\"1024\"><\/a><a href=\"http:\/\/www.grupocondor.org\/wp-content\/uploads\/2019\/02\/20190129_114546.jpg\"><img class=\"aligncenter wp-image-34934 size-large\" src=\"http:\/\/www.grupocondor.org\/wp-content\/uploads\/2019\/02\/20190129_114546-1024x768.jpg\" alt=\"\" width=\"1024\" height=\"768\"><\/a>","_et_gb_content_width":"","footnotes":""},"categories":[8,24,11,2],"tags":[],"class_list":["post-34932","post","type-post","status-publish","format-standard","has-post-thumbnail","hentry","category-actividades","category-categoriasdestacadas","category-escuela-municipal","category-montanismo","et-has-post-format-content","et_post_format-et-post-format-standard"],"_links":{"self":[{"href":"https:\/\/www.grupocondor.org\/index.php?rest_route=\/wp\/v2\/posts\/34932","targetHints":{"allow":["GET"]}}],"collection":[{"href":"https:\/\/www.grupocondor.org\/index.php?rest_route=\/wp\/v2\/posts"}],"about":[{"href":"https:\/\/www.grupocondor.org\/index.php?rest_route=\/wp\/v2\/types\/post"}],"author":[{"embeddable":true,"href":"https:\/\/www.grupocondor.org\/index.php?rest_route=\/wp\/v2\/users\/7743"}],"replies":[{"embeddable":true,"href":"https:\/\/www.grupocondor.org\/index.php?rest_route=%2Fwp%2Fv2%2Fcomments&post=34932"}],"version-history":[{"count":4,"href":"https:\/\/www.grupocondor.org\/index.php?rest_route=\/wp\/v2\/posts\/34932\/revisions"}],"predecessor-version":[{"id":35416,"href":"https:\/\/www.grupocondor.org\/index.php?rest_route=\/wp\/v2\/posts\/34932\/revisions\/35416"}],"wp:featuredmedia":[{"embeddable":true,"href":"https:\/\/www.grupocondor.org\/index.php?rest_route=\/wp\/v2\/media\/34939"}],"wp:attachment":[{"href":"https:\/\/www.grupocondor.org\/index.php?rest_route=%2Fwp%2Fv2%2Fmedia&parent=34932"}],"wp:term":[{"taxonomy":"category","embeddable":true,"href":"https:\/\/www.grupocondor.org\/index.php?rest_route=%2Fwp%2Fv2%2Fcategories&post=34932"},{"taxonomy":"post_tag","embeddable":true,"href":"https:\/\/www.grupocondor.org\/index.php?rest_route=%2Fwp%2Fv2%2Ftags&post=34932"}],"curies":[{"name":"wp","href":"https:\/\/api.w.org\/{rel}","templated":true}]}}