{"id":34977,"date":"2019-02-18T12:54:08","date_gmt":"2019-02-18T12:54:08","guid":{"rendered":"http:\/\/www.grupocondor.org\/?p=34977"},"modified":"2019-02-18T13:00:19","modified_gmt":"2019-02-18T13:00:19","slug":"la-marcha-nordica-se-abre-camino-en-las-actividades-deportivas-en-almeria","status":"publish","type":"post","link":"https:\/\/www.grupocondor.org\/?p=34977","title":{"rendered":"LA MARCHA N\u00d3RDICA SE ABRE CAMINO EN LAS ACTIVIDADES DEPORTIVAS EN ALMER\u00cdA"},"content":{"rendered":"<p>El Club de Monta\u00f1ismo C\u00f3ndor est\u00e1 desarrollando un amplio Programa de Actividades de Marcha N\u00f3rdica, habi\u00e9ndose realizado dos Cursos de Iniciaci\u00f3n a la Marcha N\u00f3rdica los d\u00edas 16 y 17 de febrero, en donde se han ense\u00f1ado la t\u00e9cnica b\u00e1sica, con la que el alumno podr\u00e1 practicar esta modalidad deportiva. Con un total de 37 participantes.<\/p>\n<p>La Marcha N\u00f3rdica, como nueva modalidad de los deportes de monta\u00f1a, est\u00e1 extendiendo su pr\u00e1ctica entre los\u00a0amantes de la naturaleza. Est\u00e1 incluida en la Federaci\u00f3n Andaluza de Monta\u00f1ismo. Adem\u00e1s de la t\u00e9cnica necesaria se han expuesto los beneficios que aporta su pr\u00e1ctica, siendo un deporte para todos, con el fin de mejorar la salud, o propiamente la pr\u00e1ctica deportiva. Siendo la Equipaci\u00f3n necesaria: zapatillas deportivas, ropa c\u00f3moda, guantes, mochila tipo \u201ccamelbak\u201d, guantes, y el principal, \u201clos bastones\u201d y sus complementos.<\/p>\n<p>El Club de Monta\u00f1ismo C\u00f3ndor, con la colaboraci\u00f3n del Patronato Municipal de Deportes del Ayuntamiento de Almer\u00eda, ha confeccionado una serie de actividades con el fin de fomentar y promocionar la Marcha N\u00f3rdica, tanto para principiantes como para iniciados en esta actividad, siendo el calendario el siguiente:<\/p>\n<p><strong><u>Febrero<\/u><\/strong><\/p>\n<p>24 Febrero . Salida Marcha N\u00f3rdica. Iniciaci\u00f3n y Avanzados.<\/p>\n<p><strong><u>Marzo<\/u><\/strong><\/p>\n<p>30 Marzo. Curso Iniciaci\u00f3n Marcha N\u00f3rdica.<\/p>\n<p><strong><u>Abril<\/u><\/strong><\/p>\n<p>13 Abril. Jornada de perfeccionamiento Marcha N\u00f3rdica.<\/p>\n<p>27 Abril. Salida Marcha N\u00f3rdica. Iniciaci\u00f3n y Avanzados<\/p>\n<p><strong><u>Mayo<\/u><\/strong><\/p>\n<p>11 Mayo. Salida Marcha N\u00f3rdica. Iniciaci\u00f3n y Avanzados.<\/p>\n<p><strong><u>Junio<\/u><\/strong><\/p>\n<p>01 Junio. Jornada de perfeccionamiento Marcha N\u00f3rdica.<\/p>\n<p>&nbsp;<\/p>\n<p>Las salidas de Marcha N\u00f3rdica, ser\u00e1n tanto para iniciados como avanzados, y se realizar\u00e1n a distintos lugares de la provincia, con el fin de que aquellos alumnos que se inicien puedan tener un seguimiento, y aquellos que ya son avanzados, puedan perfeccionar su t\u00e9cnica.<\/p>\n<p>En la p\u00e1gina web del Club de Monta\u00f1ismo C\u00f3ndor (www.grupocondor.org), as\u00ed como a trav\u00e9s de Facebook se ir\u00e1 informando de los itinerarios de las actividades as\u00ed como de los contenidos de las distintas jornadas de perfeccionamiento.<\/p>\n<div id=\"attachment_34984\" style=\"width: 1034px\" class=\"wp-caption aligncenter\"><a href=\"http:\/\/www.grupocondor.org\/wp-content\/uploads\/2019\/02\/Participantes-Curso-Iniciaci\u00f3n-16-de-febrero-2019-3.jpg\"><img loading=\"lazy\" decoding=\"async\" aria-describedby=\"caption-attachment-34984\" class=\"wp-image-34984 size-large\" src=\"http:\/\/www.grupocondor.org\/wp-content\/uploads\/2019\/02\/Participantes-Curso-Iniciaci\u00f3n-16-de-febrero-2019-3-1024x683.jpg\" alt=\"\" width=\"1024\" height=\"683\" srcset=\"https:\/\/www.grupocondor.org\/wp-content\/uploads\/2019\/02\/Participantes-Curso-Iniciaci\u00f3n-16-de-febrero-2019-3-1024x683.jpg 1024w, https:\/\/www.grupocondor.org\/wp-content\/uploads\/2019\/02\/Participantes-Curso-Iniciaci\u00f3n-16-de-febrero-2019-3-300x200.jpg 300w, https:\/\/www.grupocondor.org\/wp-content\/uploads\/2019\/02\/Participantes-Curso-Iniciaci\u00f3n-16-de-febrero-2019-3-768x512.jpg 768w, https:\/\/www.grupocondor.org\/wp-content\/uploads\/2019\/02\/Participantes-Curso-Iniciaci\u00f3n-16-de-febrero-2019-3-1080x720.jpg 1080w\" sizes=\"(max-width: 1024px) 100vw, 1024px\" \/><\/a><p id=\"caption-attachment-34984\" class=\"wp-caption-text\">Curso de Iniciaci\u00f3n a la Marcha N\u00f3rdica. Parque del Andarax<\/p><\/div>\n<p>&nbsp;<\/p>\n<div id=\"attachment_34983\" style=\"width: 1034px\" class=\"wp-caption aligncenter\"><a href=\"http:\/\/www.grupocondor.org\/wp-content\/uploads\/2019\/02\/Participantes-Curso-Iniciaci\u00f3n-16-de-febrero-2019-2.jpg\"><img loading=\"lazy\" decoding=\"async\" aria-describedby=\"caption-attachment-34983\" class=\"wp-image-34983 size-large\" src=\"http:\/\/www.grupocondor.org\/wp-content\/uploads\/2019\/02\/Participantes-Curso-Iniciaci\u00f3n-16-de-febrero-2019-2-1024x683.jpg\" alt=\"\" width=\"1024\" height=\"683\" srcset=\"https:\/\/www.grupocondor.org\/wp-content\/uploads\/2019\/02\/Participantes-Curso-Iniciaci\u00f3n-16-de-febrero-2019-2-1024x683.jpg 1024w, https:\/\/www.grupocondor.org\/wp-content\/uploads\/2019\/02\/Participantes-Curso-Iniciaci\u00f3n-16-de-febrero-2019-2-300x200.jpg 300w, https:\/\/www.grupocondor.org\/wp-content\/uploads\/2019\/02\/Participantes-Curso-Iniciaci\u00f3n-16-de-febrero-2019-2-768x512.jpg 768w, https:\/\/www.grupocondor.org\/wp-content\/uploads\/2019\/02\/Participantes-Curso-Iniciaci\u00f3n-16-de-febrero-2019-2-1080x720.jpg 1080w\" sizes=\"(max-width: 1024px) 100vw, 1024px\" \/><\/a><p id=\"caption-attachment-34983\" class=\"wp-caption-text\">Curso de Iniciaci\u00f3n a la Marcha N\u00f3rdica. Parque del Andarax<\/p><\/div>\n<p>&nbsp;<\/p>\n<div id=\"attachment_34988\" style=\"width: 1034px\" class=\"wp-caption aligncenter\"><a href=\"http:\/\/www.grupocondor.org\/wp-content\/uploads\/2019\/02\/IMG_2650.jpg\"><img loading=\"lazy\" decoding=\"async\" aria-describedby=\"caption-attachment-34988\" class=\"wp-image-34988 size-large\" src=\"http:\/\/www.grupocondor.org\/wp-content\/uploads\/2019\/02\/IMG_2650-1024x683.jpg\" alt=\"\" width=\"1024\" height=\"683\" srcset=\"https:\/\/www.grupocondor.org\/wp-content\/uploads\/2019\/02\/IMG_2650-1024x683.jpg 1024w, https:\/\/www.grupocondor.org\/wp-content\/uploads\/2019\/02\/IMG_2650-300x200.jpg 300w, https:\/\/www.grupocondor.org\/wp-content\/uploads\/2019\/02\/IMG_2650-768x512.jpg 768w, https:\/\/www.grupocondor.org\/wp-content\/uploads\/2019\/02\/IMG_2650-1080x720.jpg 1080w\" sizes=\"(max-width: 1024px) 100vw, 1024px\" \/><\/a><p id=\"caption-attachment-34988\" class=\"wp-caption-text\">Curso de Iniciaci\u00f3n a la Marcha N\u00f3rdica. Parque del Andarax<\/p><\/div>\n<p>&nbsp;<\/p>\n<div id=\"attachment_34989\" style=\"width: 1034px\" class=\"wp-caption aligncenter\"><a href=\"http:\/\/www.grupocondor.org\/wp-content\/uploads\/2019\/02\/IMG_2674.jpg\"><img loading=\"lazy\" decoding=\"async\" aria-describedby=\"caption-attachment-34989\" class=\"wp-image-34989 size-large\" src=\"http:\/\/www.grupocondor.org\/wp-content\/uploads\/2019\/02\/IMG_2674-1024x683.jpg\" alt=\"\" width=\"1024\" height=\"683\" srcset=\"https:\/\/www.grupocondor.org\/wp-content\/uploads\/2019\/02\/IMG_2674-1024x683.jpg 1024w, https:\/\/www.grupocondor.org\/wp-content\/uploads\/2019\/02\/IMG_2674-300x200.jpg 300w, https:\/\/www.grupocondor.org\/wp-content\/uploads\/2019\/02\/IMG_2674-768x512.jpg 768w, https:\/\/www.grupocondor.org\/wp-content\/uploads\/2019\/02\/IMG_2674-1080x720.jpg 1080w\" sizes=\"(max-width: 1024px) 100vw, 1024px\" \/><\/a><p id=\"caption-attachment-34989\" class=\"wp-caption-text\">Curso de Iniciaci\u00f3n a la Marcha N\u00f3rdica. Parque del Andarax<\/p><\/div>\n<p>&nbsp;<\/p>\n<div id=\"attachment_34990\" style=\"width: 1034px\" class=\"wp-caption aligncenter\"><a href=\"http:\/\/www.grupocondor.org\/wp-content\/uploads\/2019\/02\/IMG_2722.jpg\"><img loading=\"lazy\" decoding=\"async\" aria-describedby=\"caption-attachment-34990\" class=\"wp-image-34990 size-large\" src=\"http:\/\/www.grupocondor.org\/wp-content\/uploads\/2019\/02\/IMG_2722-1024x683.jpg\" alt=\"\" width=\"1024\" height=\"683\" srcset=\"https:\/\/www.grupocondor.org\/wp-content\/uploads\/2019\/02\/IMG_2722-1024x683.jpg 1024w, https:\/\/www.grupocondor.org\/wp-content\/uploads\/2019\/02\/IMG_2722-300x200.jpg 300w, https:\/\/www.grupocondor.org\/wp-content\/uploads\/2019\/02\/IMG_2722-768x512.jpg 768w, https:\/\/www.grupocondor.org\/wp-content\/uploads\/2019\/02\/IMG_2722-1080x720.jpg 1080w\" sizes=\"(max-width: 1024px) 100vw, 1024px\" \/><\/a><p id=\"caption-attachment-34990\" class=\"wp-caption-text\">Curso de Iniciaci\u00f3n a la Marcha N\u00f3rdica. Parque del Andarax<\/p><\/div>\n","protected":false},"excerpt":{"rendered":"<p>El Club de Monta\u00f1ismo C\u00f3ndor est\u00e1 desarrollando un amplio Programa de Actividades de Marcha N\u00f3rdica, habi\u00e9ndose realizado dos Cursos de Iniciaci\u00f3n a la Marcha N\u00f3rdica los d\u00edas 16 y 17 de febrero, en donde se han ense\u00f1ado la t\u00e9cnica b\u00e1sica, con la que el alumno podr\u00e1 practicar esta modalidad deportiva. Con un total de 37 [&hellip;]<\/p>\n","protected":false},"author":7743,"featured_media":34982,"comment_status":"open","ping_status":"open","sticky":false,"template":"","format":"standard","meta":{"_et_pb_use_builder":"","_et_pb_old_content":"","_et_gb_content_width":"","footnotes":""},"categories":[8,24,25,2,10,23],"tags":[],"class_list":["post-34977","post","type-post","status-publish","format-standard","has-post-thumbnail","hentry","category-actividades","category-categoriasdestacadas","category-marcha-nordica","category-montanismo","category-noticias","category-proximos-eventos","et-has-post-format-content","et_post_format-et-post-format-standard"],"_links":{"self":[{"href":"https:\/\/www.grupocondor.org\/index.php?rest_route=\/wp\/v2\/posts\/34977","targetHints":{"allow":["GET"]}}],"collection":[{"href":"https:\/\/www.grupocondor.org\/index.php?rest_route=\/wp\/v2\/posts"}],"about":[{"href":"https:\/\/www.grupocondor.org\/index.php?rest_route=\/wp\/v2\/types\/post"}],"author":[{"embeddable":true,"href":"https:\/\/www.grupocondor.org\/index.php?rest_route=\/wp\/v2\/users\/7743"}],"replies":[{"embeddable":true,"href":"https:\/\/www.grupocondor.org\/index.php?rest_route=%2Fwp%2Fv2%2Fcomments&post=34977"}],"version-history":[{"count":3,"href":"https:\/\/www.grupocondor.org\/index.php?rest_route=\/wp\/v2\/posts\/34977\/revisions"}],"predecessor-version":[{"id":34991,"href":"https:\/\/www.grupocondor.org\/index.php?rest_route=\/wp\/v2\/posts\/34977\/revisions\/34991"}],"wp:featuredmedia":[{"embeddable":true,"href":"https:\/\/www.grupocondor.org\/index.php?rest_route=\/wp\/v2\/media\/34982"}],"wp:attachment":[{"href":"https:\/\/www.grupocondor.org\/index.php?rest_route=%2Fwp%2Fv2%2Fmedia&parent=34977"}],"wp:term":[{"taxonomy":"category","embeddable":true,"href":"https:\/\/www.grupocondor.org\/index.php?rest_route=%2Fwp%2Fv2%2Fcategories&post=34977"},{"taxonomy":"post_tag","embeddable":true,"href":"https:\/\/www.grupocondor.org\/index.php?rest_route=%2Fwp%2Fv2%2Ftags&post=34977"}],"curies":[{"name":"wp","href":"https:\/\/api.w.org\/{rel}","templated":true}]}}