{"id":34993,"date":"2019-03-05T11:40:32","date_gmt":"2019-03-05T11:40:32","guid":{"rendered":"http:\/\/www.grupocondor.org\/?p=34993"},"modified":"2019-03-05T11:42:15","modified_gmt":"2019-03-05T11:42:15","slug":"iv-curso-de-iniciacion-a-la-marcha-nordica-el-sabado-30-de-marzo-en-almeria","status":"publish","type":"post","link":"https:\/\/www.grupocondor.org\/?p=34993","title":{"rendered":"IV CURSO DE INICIACI\u00d3N A LA MARCHA N\u00d3RDICA. EL S\u00c1BADO,  30 DE MARZO EN ALMER\u00cdA"},"content":{"rendered":"<h3 style=\"text-align: center;\">El <strong>S\u00e1bado, 30 de Marzo <\/strong>de 2019, el Club de Monta\u00f1ismo C\u00f3ndor de Almer\u00eda, con la colaboraci\u00f3n del Patronato Municipal de Deportes del Ayuntamiento de Almer\u00eda organiza un\u00a0<strong>\u201cCurso de Iniciaci\u00f3n a la Marcha N\u00f3rdica\u201d.<\/strong><\/h3>\n<p>&nbsp;<\/p>\n<p><a href=\"http:\/\/www.grupocondor.org\/wp-content\/uploads\/2019\/03\/IMG_2687.jpg\"><img loading=\"lazy\" decoding=\"async\" class=\"aligncenter wp-image-34997 size-large\" src=\"http:\/\/www.grupocondor.org\/wp-content\/uploads\/2019\/03\/IMG_2687-1024x683.jpg\" alt=\"\" width=\"1024\" height=\"683\" srcset=\"https:\/\/www.grupocondor.org\/wp-content\/uploads\/2019\/03\/IMG_2687-1024x683.jpg 1024w, https:\/\/www.grupocondor.org\/wp-content\/uploads\/2019\/03\/IMG_2687-300x200.jpg 300w, https:\/\/www.grupocondor.org\/wp-content\/uploads\/2019\/03\/IMG_2687-768x512.jpg 768w, https:\/\/www.grupocondor.org\/wp-content\/uploads\/2019\/03\/IMG_2687-1080x720.jpg 1080w\" sizes=\"(max-width: 1024px) 100vw, 1024px\" \/><\/a><\/p>\n<p>En este curso se ense\u00f1ar\u00e1 a los participantes la t\u00e9cnica b\u00e1sica de la Marcha N\u00f3rdica, con la que el alumno podr\u00e1 practicar esta modalidad deportiva.<\/p>\n<p>El lugar de encuentro ser\u00e1 la <strong>Puerta Norte del Parque del Andarax a las 9,00 h.<\/strong> Se iniciara a las 9,00 h, finalizando a las 14,00 h<\/p>\n<p>La actividad tiene un <strong>coste de 5 \u20ac<\/strong> para no socios. Para los socios del Club de Monta\u00f1ismo C\u00f3ndor, \u00a0la cuota de inscripci\u00f3n es gratis. Podr\u00e1 participar cualquier persona mayor de 15 a\u00f1os.<\/p>\n<p><strong>Las inscripciones se cerrar\u00e1n el d\u00eda 28 de Marzo o cuando est\u00e9n cubiertas las 15 plazas disponibles.<\/strong><\/p>\n<p>A partir de esta fecha no se devolver\u00e1 el importe de la inscripci\u00f3n.<\/p>\n<p>El Club aportar\u00e1 el material necesario para llevar a cabo la actividad. Se incluye alquiler de bastones de Marcha N\u00f3rdica, seguros y Monitores titulados de la Federaci\u00f3n Andaluza de Monta\u00f1a. Es imprescindible llevar zapatillas deportivas, y ropa c\u00f3moda y recomendable agua y crema solar.<\/p>\n<p>Para inscribirse hay que remitir un correo electr\u00f3nico a\u00a0marchanordica@grupocondor.org con los siguientes datos: Nombre y Apellidos, DNI, Fecha de Nacimiento, M\u00f3vil, junto al justificante del ingreso de la cuota de inscripci\u00f3n especificando el nombre y la actividad. El ingreso se realizar\u00e1 a nombre del Club de Monta\u00f1ismo C\u00f3ndor y la cuenta es de Unicaja, n\u00ba cta <strong>ES67 2103 5002 7203 0002 7972. <\/strong><\/p>\n<p>Hasta que no reciba la contestaci\u00f3n de haber sido admitido no se considerar\u00e1 inscrito.<\/p>\n<p><strong><u>PARA M\u00c1S INFORMACI\u00d3N<\/u><\/strong><strong>:<\/strong><\/p>\n<p><em>Ponerse en contacto trav\u00e9s del correo electr\u00f3nico: <\/em><a href=\"mailto:secretaria@grupocondor.org\">marchanordica@grupocondor.org<\/a><em>, o en el tel\u00e9fono: <strong>\u00a0667.488.179 (Manuel Gonz\u00e1lez) De lunes a\u00a0 jueves. De 17,30 a 19,00 h. <\/strong><\/em><\/p>\n","protected":false},"excerpt":{"rendered":"<p>El S\u00e1bado, 30 de Marzo de 2019, el Club de Monta\u00f1ismo C\u00f3ndor de Almer\u00eda, con la colaboraci\u00f3n del Patronato Municipal de Deportes del Ayuntamiento de Almer\u00eda organiza un\u00a0\u201cCurso de Iniciaci\u00f3n a la Marcha N\u00f3rdica\u201d. &nbsp; En este curso se ense\u00f1ar\u00e1 a los participantes la t\u00e9cnica b\u00e1sica de la Marcha N\u00f3rdica, con la que el alumno [&hellip;]<\/p>\n","protected":false},"author":7743,"featured_media":34995,"comment_status":"open","ping_status":"open","sticky":false,"template":"","format":"standard","meta":{"_et_pb_use_builder":"","_et_pb_old_content":"","_et_gb_content_width":"","footnotes":""},"categories":[8,24,25,2,10,23],"tags":[],"class_list":["post-34993","post","type-post","status-publish","format-standard","has-post-thumbnail","hentry","category-actividades","category-categoriasdestacadas","category-marcha-nordica","category-montanismo","category-noticias","category-proximos-eventos","et-has-post-format-content","et_post_format-et-post-format-standard"],"_links":{"self":[{"href":"https:\/\/www.grupocondor.org\/index.php?rest_route=\/wp\/v2\/posts\/34993","targetHints":{"allow":["GET"]}}],"collection":[{"href":"https:\/\/www.grupocondor.org\/index.php?rest_route=\/wp\/v2\/posts"}],"about":[{"href":"https:\/\/www.grupocondor.org\/index.php?rest_route=\/wp\/v2\/types\/post"}],"author":[{"embeddable":true,"href":"https:\/\/www.grupocondor.org\/index.php?rest_route=\/wp\/v2\/users\/7743"}],"replies":[{"embeddable":true,"href":"https:\/\/www.grupocondor.org\/index.php?rest_route=%2Fwp%2Fv2%2Fcomments&post=34993"}],"version-history":[{"count":3,"href":"https:\/\/www.grupocondor.org\/index.php?rest_route=\/wp\/v2\/posts\/34993\/revisions"}],"predecessor-version":[{"id":34998,"href":"https:\/\/www.grupocondor.org\/index.php?rest_route=\/wp\/v2\/posts\/34993\/revisions\/34998"}],"wp:featuredmedia":[{"embeddable":true,"href":"https:\/\/www.grupocondor.org\/index.php?rest_route=\/wp\/v2\/media\/34995"}],"wp:attachment":[{"href":"https:\/\/www.grupocondor.org\/index.php?rest_route=%2Fwp%2Fv2%2Fmedia&parent=34993"}],"wp:term":[{"taxonomy":"category","embeddable":true,"href":"https:\/\/www.grupocondor.org\/index.php?rest_route=%2Fwp%2Fv2%2Fcategories&post=34993"},{"taxonomy":"post_tag","embeddable":true,"href":"https:\/\/www.grupocondor.org\/index.php?rest_route=%2Fwp%2Fv2%2Ftags&post=34993"}],"curies":[{"name":"wp","href":"https:\/\/api.w.org\/{rel}","templated":true}]}}