{"id":35057,"date":"2019-06-23T10:51:25","date_gmt":"2019-06-23T10:51:25","guid":{"rendered":"http:\/\/www.grupocondor.org\/?p=35057"},"modified":"2019-06-23T11:20:22","modified_gmt":"2019-06-23T11:20:22","slug":"clausura-de-la-escuela-municipal-de-montanismo-de-almeria-20182019-el-jueves27-de-junio","status":"publish","type":"post","link":"https:\/\/www.grupocondor.org\/?p=35057","title":{"rendered":"Clausura de la Escuela Municipal de Monta\u00f1ismo de Almer\u00eda 2018\/2019 El Jueves,27 de Junio"},"content":{"rendered":"<div id=\"attachment_35065\" style=\"width: 1034px\" class=\"wp-caption aligncenter\"><a href=\"http:\/\/www.grupocondor.org\/wp-content\/uploads\/2019\/06\/IMG_2419.jpg\"><img loading=\"lazy\" decoding=\"async\" aria-describedby=\"caption-attachment-35065\" class=\"wp-image-35065 size-large\" src=\"http:\/\/www.grupocondor.org\/wp-content\/uploads\/2019\/06\/IMG_2419-1024x683.jpg\" alt=\"\" width=\"1024\" height=\"683\" srcset=\"https:\/\/www.grupocondor.org\/wp-content\/uploads\/2019\/06\/IMG_2419-1024x683.jpg 1024w, https:\/\/www.grupocondor.org\/wp-content\/uploads\/2019\/06\/IMG_2419-300x200.jpg 300w, https:\/\/www.grupocondor.org\/wp-content\/uploads\/2019\/06\/IMG_2419-768x512.jpg 768w, https:\/\/www.grupocondor.org\/wp-content\/uploads\/2019\/06\/IMG_2419-1080x720.jpg 1080w\" sizes=\"(max-width: 1024px) 100vw, 1024px\" \/><\/a><p id=\"caption-attachment-35065\" class=\"wp-caption-text\">En el Paraje de El Cautivo (CEIP Nueva Almer\u00eda)<\/p><\/div>\n<p>&nbsp;<\/p>\n<h4>El <strong>Jueves, 27 de Junio<\/strong> de 2019, a las <strong>19,00 horas, en la sede del Club de Monta\u00f1ismo C\u00f3ndor<\/strong>, C\/ La Curva, 5 (Almer\u00eda), va a tener lugar el Acto Oficial de Clausura de la Escuela Municipal de Monta\u00f1ismo 2018\/2019, y de las actividades de promoci\u00f3n que como Club estamos desarrollando.<\/h4>\n<p>Se van a entregar los reconocimientos a los Centros Escolares, y a los monta\u00f1eros y monta\u00f1eras que han destacado por su participaci\u00f3n.<\/p>\n<p>Al Monitor m\u00e1s joven y m\u00e1s veterano de nuestro Club.<\/p>\n<p>Y el agradecimiento a todo un Equipo de T\u00e9cnicos, Monitores, y Colaboradores que han hecho posible que este Proyecto se lleve a cabo. As\u00ed como al Ayuntamiento de Almer\u00eda, a Juan Jos\u00e9 Segura, Concejal de Deportes por su apoyo.<\/p>\n<p><em><strong>Posteriormente nos tomaremos un aperitivo en la planta baja de la sede.<\/strong><\/em><\/p>\n<p><strong>Es necesaria invitaci\u00f3n para poder asistir.<\/strong> Para m\u00e1s informaci\u00f3n, en la p\u00e1gina web: <a href=\"http:\/\/www.grupocondor.org\">www.grupocondor.org<\/a>, en el correo electr\u00f3nico: <a href=\"mailto:secretaria@grupocondor.org\">secretaria@grupocondor.org<\/a>, o en el tel\u00e9fono 608590041.<\/p>\n<h2>PROGRAMA CLAUSURA:\u00a0<a href=\"http:\/\/www.grupocondor.org\/wp-content\/uploads\/2019\/06\/Programa-Clausura-OK.pdf\">Programa Clausura OK<\/a><\/h2>\n<p>&nbsp;<\/p>\n<div id=\"attachment_35068\" style=\"width: 1034px\" class=\"wp-caption aligncenter\"><a href=\"http:\/\/www.grupocondor.org\/wp-content\/uploads\/2019\/06\/IMG-20190131-WA0017.jpg\"><img loading=\"lazy\" decoding=\"async\" aria-describedby=\"caption-attachment-35068\" class=\"wp-image-35068 size-large\" src=\"http:\/\/www.grupocondor.org\/wp-content\/uploads\/2019\/06\/IMG-20190131-WA0017-1024x768.jpg\" alt=\"\" width=\"1024\" height=\"768\" srcset=\"https:\/\/www.grupocondor.org\/wp-content\/uploads\/2019\/06\/IMG-20190131-WA0017-1024x768.jpg 1024w, https:\/\/www.grupocondor.org\/wp-content\/uploads\/2019\/06\/IMG-20190131-WA0017-300x225.jpg 300w, https:\/\/www.grupocondor.org\/wp-content\/uploads\/2019\/06\/IMG-20190131-WA0017-768x576.jpg 768w, https:\/\/www.grupocondor.org\/wp-content\/uploads\/2019\/06\/IMG-20190131-WA0017-1080x810.jpg 1080w, https:\/\/www.grupocondor.org\/wp-content\/uploads\/2019\/06\/IMG-20190131-WA0017.jpg 1600w\" sizes=\"(max-width: 1024px) 100vw, 1024px\" \/><\/a><p id=\"caption-attachment-35068\" class=\"wp-caption-text\">Actividad Orientaci\u00f3n en el Parque de El Andarax<\/p><\/div>\n<p>&nbsp;<\/p>\n<div id=\"attachment_35067\" style=\"width: 1034px\" class=\"wp-caption alignnone\"><a href=\"http:\/\/www.grupocondor.org\/wp-content\/uploads\/2019\/06\/IMG_2454.jpg\"><img loading=\"lazy\" decoding=\"async\" aria-describedby=\"caption-attachment-35067\" class=\"wp-image-35067 size-large\" src=\"http:\/\/www.grupocondor.org\/wp-content\/uploads\/2019\/06\/IMG_2454-1024x683.jpg\" alt=\"\" width=\"1024\" height=\"683\" srcset=\"https:\/\/www.grupocondor.org\/wp-content\/uploads\/2019\/06\/IMG_2454-1024x683.jpg 1024w, https:\/\/www.grupocondor.org\/wp-content\/uploads\/2019\/06\/IMG_2454-300x200.jpg 300w, https:\/\/www.grupocondor.org\/wp-content\/uploads\/2019\/06\/IMG_2454-768x512.jpg 768w, https:\/\/www.grupocondor.org\/wp-content\/uploads\/2019\/06\/IMG_2454-1080x720.jpg 1080w\" sizes=\"(max-width: 1024px) 100vw, 1024px\" \/><\/a><p id=\"caption-attachment-35067\" class=\"wp-caption-text\">Actividad Orientaci\u00f3n en el Parque de El Andarax (IES Maestro Padilla)<\/p><\/div>\n<p>&nbsp;<\/p>\n<div id=\"attachment_35060\" style=\"width: 808px\" class=\"wp-caption aligncenter\"><a href=\"http:\/\/www.grupocondor.org\/wp-content\/uploads\/2019\/06\/56587552_2236211439734132_2727174125515702272_n.jpg\"><img loading=\"lazy\" decoding=\"async\" aria-describedby=\"caption-attachment-35060\" class=\"wp-image-35060 \" src=\"http:\/\/www.grupocondor.org\/wp-content\/uploads\/2019\/06\/56587552_2236211439734132_2727174125515702272_n.jpg\" alt=\"\" width=\"798\" height=\"617\" srcset=\"https:\/\/www.grupocondor.org\/wp-content\/uploads\/2019\/06\/56587552_2236211439734132_2727174125515702272_n.jpg 642w, https:\/\/www.grupocondor.org\/wp-content\/uploads\/2019\/06\/56587552_2236211439734132_2727174125515702272_n-300x232.jpg 300w\" sizes=\"(max-width: 798px) 100vw, 798px\" \/><\/a><p id=\"caption-attachment-35060\" class=\"wp-caption-text\">Mario Ventura (Carreras por Monta\u00f1a)<\/p><\/div>\n<p>&nbsp;<\/p>\n<div id=\"attachment_35069\" style=\"width: 808px\" class=\"wp-caption aligncenter\"><a href=\"http:\/\/www.grupocondor.org\/wp-content\/uploads\/2019\/06\/56639987_2236214273067182_1109264583677181952_n.jpg\"><img loading=\"lazy\" decoding=\"async\" aria-describedby=\"caption-attachment-35069\" class=\"wp-image-35069 \" src=\"http:\/\/www.grupocondor.org\/wp-content\/uploads\/2019\/06\/56639987_2236214273067182_1109264583677181952_n.jpg\" alt=\"\" width=\"798\" height=\"599\" srcset=\"https:\/\/www.grupocondor.org\/wp-content\/uploads\/2019\/06\/56639987_2236214273067182_1109264583677181952_n.jpg 720w, https:\/\/www.grupocondor.org\/wp-content\/uploads\/2019\/06\/56639987_2236214273067182_1109264583677181952_n-300x225.jpg 300w\" sizes=\"(max-width: 798px) 100vw, 798px\" \/><\/a><p id=\"caption-attachment-35069\" class=\"wp-caption-text\">Carlos Garc\u00eda (Marcha N\u00f3rdica)<\/p><\/div>\n<p>&nbsp;<\/p>\n<div id=\"attachment_35061\" style=\"width: 1034px\" class=\"wp-caption alignnone\"><a href=\"http:\/\/www.grupocondor.org\/wp-content\/uploads\/2019\/06\/IMG_2258.jpg\"><img loading=\"lazy\" decoding=\"async\" aria-describedby=\"caption-attachment-35061\" class=\"wp-image-35061 size-large\" src=\"http:\/\/www.grupocondor.org\/wp-content\/uploads\/2019\/06\/IMG_2258-1024x683.jpg\" alt=\"\" width=\"1024\" height=\"683\" srcset=\"https:\/\/www.grupocondor.org\/wp-content\/uploads\/2019\/06\/IMG_2258-1024x683.jpg 1024w, https:\/\/www.grupocondor.org\/wp-content\/uploads\/2019\/06\/IMG_2258-300x200.jpg 300w, https:\/\/www.grupocondor.org\/wp-content\/uploads\/2019\/06\/IMG_2258-768x512.jpg 768w, https:\/\/www.grupocondor.org\/wp-content\/uploads\/2019\/06\/IMG_2258-1080x720.jpg 1080w\" sizes=\"(max-width: 1024px) 100vw, 1024px\" \/><\/a><p id=\"caption-attachment-35061\" class=\"wp-caption-text\">Itinerario de Pradillos (Al fondo Sierra Nevada: Mulhac\u00e9n y Alcazaba)<\/p><\/div>\n<p>&nbsp;<\/p>\n<div id=\"attachment_35063\" style=\"width: 1034px\" class=\"wp-caption aligncenter\"><a href=\"http:\/\/www.grupocondor.org\/wp-content\/uploads\/2019\/06\/IMG_2208.jpg\"><img loading=\"lazy\" decoding=\"async\" aria-describedby=\"caption-attachment-35063\" class=\"wp-image-35063 size-large\" src=\"http:\/\/www.grupocondor.org\/wp-content\/uploads\/2019\/06\/IMG_2208-1024x683.jpg\" alt=\"\" width=\"1024\" height=\"683\" srcset=\"https:\/\/www.grupocondor.org\/wp-content\/uploads\/2019\/06\/IMG_2208-1024x683.jpg 1024w, https:\/\/www.grupocondor.org\/wp-content\/uploads\/2019\/06\/IMG_2208-300x200.jpg 300w, https:\/\/www.grupocondor.org\/wp-content\/uploads\/2019\/06\/IMG_2208-768x512.jpg 768w, https:\/\/www.grupocondor.org\/wp-content\/uploads\/2019\/06\/IMG_2208-1080x720.jpg 1080w\" sizes=\"(max-width: 1024px) 100vw, 1024px\" \/><\/a><p id=\"caption-attachment-35063\" class=\"wp-caption-text\">Paraje de la Casa Forestal de Pradillos (IES Maestreo Padilla)<\/p><\/div>\n<p><a href=\"http:\/\/www.grupocondor.org\/wp-content\/uploads\/2019\/06\/IMG_2273.jpg\"><img loading=\"lazy\" decoding=\"async\" class=\"aligncenter wp-image-35064 size-large\" src=\"http:\/\/www.grupocondor.org\/wp-content\/uploads\/2019\/06\/IMG_2273-1024x683.jpg\" alt=\"\" width=\"1024\" height=\"683\" srcset=\"https:\/\/www.grupocondor.org\/wp-content\/uploads\/2019\/06\/IMG_2273-1024x683.jpg 1024w, https:\/\/www.grupocondor.org\/wp-content\/uploads\/2019\/06\/IMG_2273-300x200.jpg 300w, https:\/\/www.grupocondor.org\/wp-content\/uploads\/2019\/06\/IMG_2273-768x512.jpg 768w, https:\/\/www.grupocondor.org\/wp-content\/uploads\/2019\/06\/IMG_2273-1080x720.jpg 1080w\" sizes=\"(max-width: 1024px) 100vw, 1024px\" \/><\/a><\/p>\n<div id=\"attachment_35059\" style=\"width: 2372px\" class=\"wp-caption aligncenter\"><a href=\"http:\/\/www.grupocondor.org\/wp-content\/uploads\/2019\/06\/181226-Escuela-de-Monta\u00f1ismo.jpg\"><img loading=\"lazy\" decoding=\"async\" aria-describedby=\"caption-attachment-35059\" class=\"wp-image-35059 size-full\" src=\"http:\/\/www.grupocondor.org\/wp-content\/uploads\/2019\/06\/181226-Escuela-de-Monta\u00f1ismo.jpg\" alt=\"\" width=\"2362\" height=\"1571\" srcset=\"https:\/\/www.grupocondor.org\/wp-content\/uploads\/2019\/06\/181226-Escuela-de-Monta\u00f1ismo.jpg 2362w, https:\/\/www.grupocondor.org\/wp-content\/uploads\/2019\/06\/181226-Escuela-de-Monta\u00f1ismo-300x200.jpg 300w, https:\/\/www.grupocondor.org\/wp-content\/uploads\/2019\/06\/181226-Escuela-de-Monta\u00f1ismo-768x511.jpg 768w, https:\/\/www.grupocondor.org\/wp-content\/uploads\/2019\/06\/181226-Escuela-de-Monta\u00f1ismo-1024x681.jpg 1024w, https:\/\/www.grupocondor.org\/wp-content\/uploads\/2019\/06\/181226-Escuela-de-Monta\u00f1ismo-1080x718.jpg 1080w\" sizes=\"(max-width: 2362px) 100vw, 2362px\" \/><\/a><p id=\"caption-attachment-35059\" class=\"wp-caption-text\">Presentaci\u00f3n EMM 2018\/2019. Juanjo Segura con Monitores de C\u00f3ndor<\/p><\/div>\n<p>&nbsp;<\/p>\n<div id=\"attachment_35062\" style=\"width: 1034px\" class=\"wp-caption aligncenter\"><a href=\"http:\/\/www.grupocondor.org\/wp-content\/uploads\/2019\/06\/20190128_095536.jpg\"><img loading=\"lazy\" decoding=\"async\" aria-describedby=\"caption-attachment-35062\" class=\"wp-image-35062 size-large\" src=\"http:\/\/www.grupocondor.org\/wp-content\/uploads\/2019\/06\/20190128_095536-1024x768.jpg\" alt=\"\" width=\"1024\" height=\"768\" srcset=\"https:\/\/www.grupocondor.org\/wp-content\/uploads\/2019\/06\/20190128_095536-1024x768.jpg 1024w, https:\/\/www.grupocondor.org\/wp-content\/uploads\/2019\/06\/20190128_095536-300x225.jpg 300w, https:\/\/www.grupocondor.org\/wp-content\/uploads\/2019\/06\/20190128_095536-768x576.jpg 768w, https:\/\/www.grupocondor.org\/wp-content\/uploads\/2019\/06\/20190128_095536-1080x810.jpg 1080w\" sizes=\"(max-width: 1024px) 100vw, 1024px\" \/><\/a><p id=\"caption-attachment-35062\" class=\"wp-caption-text\">Fase Te\u00f3rica en el Colegio San Francisco<\/p><\/div>\n<p>&nbsp;<\/p>\n<div id=\"attachment_35066\" style=\"width: 1034px\" class=\"wp-caption aligncenter\"><a href=\"http:\/\/www.grupocondor.org\/wp-content\/uploads\/2019\/06\/IMG_2441.jpg\"><img loading=\"lazy\" decoding=\"async\" aria-describedby=\"caption-attachment-35066\" class=\"wp-image-35066 size-large\" src=\"http:\/\/www.grupocondor.org\/wp-content\/uploads\/2019\/06\/IMG_2441-1024x683.jpg\" alt=\"\" width=\"1024\" height=\"683\" srcset=\"https:\/\/www.grupocondor.org\/wp-content\/uploads\/2019\/06\/IMG_2441-1024x683.jpg 1024w, https:\/\/www.grupocondor.org\/wp-content\/uploads\/2019\/06\/IMG_2441-300x200.jpg 300w, https:\/\/www.grupocondor.org\/wp-content\/uploads\/2019\/06\/IMG_2441-768x512.jpg 768w, https:\/\/www.grupocondor.org\/wp-content\/uploads\/2019\/06\/IMG_2441-1080x720.jpg 1080w\" sizes=\"(max-width: 1024px) 100vw, 1024px\" \/><\/a><p id=\"caption-attachment-35066\" class=\"wp-caption-text\">Itinerario por el Paraje Natural del Desierto de Tabernas<\/p><\/div>\n","protected":false},"excerpt":{"rendered":"<p>&nbsp; El Jueves, 27 de Junio de 2019, a las 19,00 horas, en la sede del Club de Monta\u00f1ismo C\u00f3ndor, C\/ La Curva, 5 (Almer\u00eda), va a tener lugar el Acto Oficial de Clausura de la Escuela Municipal de Monta\u00f1ismo 2018\/2019, y de las actividades de promoci\u00f3n que como Club estamos desarrollando. Se van a [&hellip;]<\/p>\n","protected":false},"author":7743,"featured_media":35075,"comment_status":"open","ping_status":"open","sticky":false,"template":"","format":"standard","meta":{"_et_pb_use_builder":"","_et_pb_old_content":"","_et_gb_content_width":"","footnotes":""},"categories":[8,24,11,2,10,23],"tags":[],"class_list":["post-35057","post","type-post","status-publish","format-standard","has-post-thumbnail","hentry","category-actividades","category-categoriasdestacadas","category-escuela-municipal","category-montanismo","category-noticias","category-proximos-eventos","et-has-post-format-content","et_post_format-et-post-format-standard"],"_links":{"self":[{"href":"https:\/\/www.grupocondor.org\/index.php?rest_route=\/wp\/v2\/posts\/35057","targetHints":{"allow":["GET"]}}],"collection":[{"href":"https:\/\/www.grupocondor.org\/index.php?rest_route=\/wp\/v2\/posts"}],"about":[{"href":"https:\/\/www.grupocondor.org\/index.php?rest_route=\/wp\/v2\/types\/post"}],"author":[{"embeddable":true,"href":"https:\/\/www.grupocondor.org\/index.php?rest_route=\/wp\/v2\/users\/7743"}],"replies":[{"embeddable":true,"href":"https:\/\/www.grupocondor.org\/index.php?rest_route=%2Fwp%2Fv2%2Fcomments&post=35057"}],"version-history":[{"count":6,"href":"https:\/\/www.grupocondor.org\/index.php?rest_route=\/wp\/v2\/posts\/35057\/revisions"}],"predecessor-version":[{"id":35077,"href":"https:\/\/www.grupocondor.org\/index.php?rest_route=\/wp\/v2\/posts\/35057\/revisions\/35077"}],"wp:featuredmedia":[{"embeddable":true,"href":"https:\/\/www.grupocondor.org\/index.php?rest_route=\/wp\/v2\/media\/35075"}],"wp:attachment":[{"href":"https:\/\/www.grupocondor.org\/index.php?rest_route=%2Fwp%2Fv2%2Fmedia&parent=35057"}],"wp:term":[{"taxonomy":"category","embeddable":true,"href":"https:\/\/www.grupocondor.org\/index.php?rest_route=%2Fwp%2Fv2%2Fcategories&post=35057"},{"taxonomy":"post_tag","embeddable":true,"href":"https:\/\/www.grupocondor.org\/index.php?rest_route=%2Fwp%2Fv2%2Ftags&post=35057"}],"curies":[{"name":"wp","href":"https:\/\/api.w.org\/{rel}","templated":true}]}}