{"id":35079,"date":"2019-08-06T18:10:04","date_gmt":"2019-08-06T18:10:04","guid":{"rendered":"http:\/\/www.grupocondor.org\/?p=35079"},"modified":"2019-08-11T21:13:15","modified_gmt":"2019-08-11T21:13:15","slug":"programa-de-actividades-de-marcha-nordica-2019-del-club-de-montanismo-condor-tercer-cuatrimestre-2019","status":"publish","type":"post","link":"https:\/\/www.grupocondor.org\/?p=35079","title":{"rendered":"PROGRAMA DE ACTIVIDADES DE MARCHA N\u00d3RDICA 2019 DEL CLUB DE MONTA\u00d1ISMO C\u00d3NDOR Tercer Cuatrimestre 2019"},"content":{"rendered":"<h4 style=\"text-align: left;\">PROGRAMA DE ACTIVIDADES DE MARCHA N\u00d3RDICA 2019 DEL CLUB DE MONTA\u00d1ISMO C\u00d3NDOR<br \/>\nTercer Cuatrimestre 2019<\/h4>\n<p>El Club de Monta\u00f1ismo C\u00f3ndor, ha confeccionado una serie de actividades con el fin de fomentar y promocionar la Marcha N\u00f3rdica en la provincia de Almer\u00eda, tanto para principiantes como para iniciados en esta actividad. A continuaci\u00f3n os mostramos el calendario de actividades programadas:<\/p>\n<p>Septiembre<br \/>\n\u2022 7 de septiembre . Curso de Iniciaci\u00f3n a la Marcha N\u00f3rdica.<br \/>\n\u2022 21 de septiembre. Salida de Marcha N\u00f3rdica. Iniciaci\u00f3n y Avanzados.<\/p>\n<p>Octubre<br \/>\n\u2022 5 de Octubre. Curso de Iniciaci\u00f3n a la Marcha N\u00f3rdica.<br \/>\n\u2022 19 de Octubre . Salida de Marcha N\u00f3rdica. Iniciaci\u00f3n y Avanzados.<\/p>\n<p>Noviembre<br \/>\n\u2022 16 de Noviembre. Curso de Iniciaci\u00f3n a la Marcha N\u00f3rdica<br \/>\n\u2022 30 de Noviembre. Salida de Marcha N\u00f3rdica. Iniciaci\u00f3n y Avanzados.<\/p>\n<p>\u2022 Las salidas de Marcha N\u00f3rdica, ser\u00e1n tanto para iniciados como avanzados, y se realizar\u00e1n a distintos lugares de la provincia, con el fin de que aquellos alumnos que se inicien puedan tener un seguimiento, y aquellos que ya son avanzados, puedan perfeccionar su t\u00e9cnica.<br \/>\n\u2022 En la p\u00e1gina web del club, as\u00ed como a trav\u00e9s de Facebook iremos informando de los itinerarios de las actividades as\u00ed como de los contenidos de las distintas jornadas de perfeccionamiento.<br \/>\n\u2022 Las actividades est\u00e1n abiertas a todo el p\u00fablico en general, siendo gratuitas para los socios del Club de Monta\u00f1ismo C\u00f3ndor, y para el resto de personas tendr\u00e1n que pagar unas cantidades simb\u00f3licas con el fin de poder cubrir gastos de gesti\u00f3n, seguro y material.<br \/>\n\u2022 Las fechas indicadas son orientativas, y est\u00e1n sujetas a posibles modificaciones, de las cuales se avisar\u00e1 a trav\u00e9s de nuestra web y facebook.<\/p>\n","protected":false},"excerpt":{"rendered":"<p>PROGRAMA DE ACTIVIDADES DE MARCHA N\u00d3RDICA 2019 DEL CLUB DE MONTA\u00d1ISMO C\u00d3NDOR Tercer Cuatrimestre 2019 El Club de Monta\u00f1ismo C\u00f3ndor, ha confeccionado una serie de actividades con el fin de fomentar y promocionar la Marcha N\u00f3rdica en la provincia de Almer\u00eda, tanto para principiantes como para iniciados en esta actividad. A continuaci\u00f3n os mostramos el [&hellip;]<\/p>\n","protected":false},"author":7743,"featured_media":34982,"comment_status":"open","ping_status":"open","sticky":false,"template":"","format":"standard","meta":{"_et_pb_use_builder":"","_et_pb_old_content":"","_et_gb_content_width":"","footnotes":""},"categories":[8,24,25,2,10,23],"tags":[],"class_list":["post-35079","post","type-post","status-publish","format-standard","has-post-thumbnail","hentry","category-actividades","category-categoriasdestacadas","category-marcha-nordica","category-montanismo","category-noticias","category-proximos-eventos","et-has-post-format-content","et_post_format-et-post-format-standard"],"_links":{"self":[{"href":"https:\/\/www.grupocondor.org\/index.php?rest_route=\/wp\/v2\/posts\/35079","targetHints":{"allow":["GET"]}}],"collection":[{"href":"https:\/\/www.grupocondor.org\/index.php?rest_route=\/wp\/v2\/posts"}],"about":[{"href":"https:\/\/www.grupocondor.org\/index.php?rest_route=\/wp\/v2\/types\/post"}],"author":[{"embeddable":true,"href":"https:\/\/www.grupocondor.org\/index.php?rest_route=\/wp\/v2\/users\/7743"}],"replies":[{"embeddable":true,"href":"https:\/\/www.grupocondor.org\/index.php?rest_route=%2Fwp%2Fv2%2Fcomments&post=35079"}],"version-history":[{"count":2,"href":"https:\/\/www.grupocondor.org\/index.php?rest_route=\/wp\/v2\/posts\/35079\/revisions"}],"predecessor-version":[{"id":35124,"href":"https:\/\/www.grupocondor.org\/index.php?rest_route=\/wp\/v2\/posts\/35079\/revisions\/35124"}],"wp:featuredmedia":[{"embeddable":true,"href":"https:\/\/www.grupocondor.org\/index.php?rest_route=\/wp\/v2\/media\/34982"}],"wp:attachment":[{"href":"https:\/\/www.grupocondor.org\/index.php?rest_route=%2Fwp%2Fv2%2Fmedia&parent=35079"}],"wp:term":[{"taxonomy":"category","embeddable":true,"href":"https:\/\/www.grupocondor.org\/index.php?rest_route=%2Fwp%2Fv2%2Fcategories&post=35079"},{"taxonomy":"post_tag","embeddable":true,"href":"https:\/\/www.grupocondor.org\/index.php?rest_route=%2Fwp%2Fv2%2Ftags&post=35079"}],"curies":[{"name":"wp","href":"https:\/\/api.w.org\/{rel}","templated":true}]}}