{"id":35516,"date":"2024-09-26T10:05:23","date_gmt":"2024-09-26T10:05:23","guid":{"rendered":"https:\/\/www.grupocondor.org\/?p=35516"},"modified":"2024-11-03T16:39:06","modified_gmt":"2024-11-03T16:39:06","slug":"2a-marcha-popular-los-fuegos-de-laroya","status":"publish","type":"post","link":"https:\/\/www.grupocondor.org\/?p=35516","title":{"rendered":"05\/10\/2024. 2\u00aa MARCHA POPULAR \u00abLOS FUEGOS DE LAROYA\u00bb"},"content":{"rendered":"\n<p class=\"has-black-color has-text-color has-link-color has-large-font-size wp-elements-f2a0d2f338b0230c69322ed1aa111699\">5 de octubre de 2024<\/p>\n\n\n\n<p class=\"has-black-color has-text-color has-link-color has-medium-font-size wp-elements-1990205d047d565ed3b387b59c6ad6fb\"><strong>\u00a1Participa en la Segunda Marcha Popular de los Fuegos de Laroya! \u00danete a nosotros el 5 de octubre, para disfrutar de una caminata \u00fanica, rodeado de paisajes impresionantes y buena compa\u00f1\u00eda. \u00a1No te lo pierdas! \ud83c\udf04\ud83d\udc5f\ud83d\udd25<\/strong><\/p>\n\n\n\n<p class=\"has-medium-font-size\"><a href=\"https:\/\/www.meapunto.net\/ampliaevento\/2501\">https:\/\/www.meapunto.net\/ampliaevento\/2501<\/a><\/p>\n\n\n\n<p class=\"has-large-font-size\"><a href=\"https:\/\/losfuegosdelaroya.es\">https:\/\/losfuegosdelaroya.es<\/a><\/p>\n\n\n\n<figure class=\"wp-block-image size-large\"><a href=\"https:\/\/www.grupocondor.org\/wp-content\/uploads\/2024\/06\/cart02501-scaled.jpg\"><img loading=\"lazy\" decoding=\"async\" width=\"728\" height=\"1024\" src=\"https:\/\/www.grupocondor.org\/wp-content\/uploads\/2024\/06\/cart02501-728x1024.jpg\" alt=\"\" class=\"wp-image-35517\" srcset=\"https:\/\/www.grupocondor.org\/wp-content\/uploads\/2024\/06\/cart02501-728x1024.jpg 728w, https:\/\/www.grupocondor.org\/wp-content\/uploads\/2024\/06\/cart02501-213x300.jpg 213w, https:\/\/www.grupocondor.org\/wp-content\/uploads\/2024\/06\/cart02501-768x1080.jpg 768w, https:\/\/www.grupocondor.org\/wp-content\/uploads\/2024\/06\/cart02501-1092x1536.jpg 1092w, https:\/\/www.grupocondor.org\/wp-content\/uploads\/2024\/06\/cart02501-1457x2048.jpg 1457w, https:\/\/www.grupocondor.org\/wp-content\/uploads\/2024\/06\/cart02501-1080x1519.jpg 1080w, https:\/\/www.grupocondor.org\/wp-content\/uploads\/2024\/06\/cart02501-scaled.jpg 1821w\" sizes=\"(max-width: 728px) 100vw, 728px\" \/><\/a><\/figure>\n","protected":false},"excerpt":{"rendered":"<p>5 de octubre de 2024 \u00a1Participa en la Segunda Marcha Popular de los Fuegos de Laroya! \u00danete a nosotros el 5 de octubre, para disfrutar de una caminata \u00fanica, rodeado de paisajes impresionantes y buena compa\u00f1\u00eda. \u00a1No te lo pierdas! \ud83c\udf04\ud83d\udc5f\ud83d\udd25 https:\/\/www.meapunto.net\/ampliaevento\/2501 https:\/\/losfuegosdelaroya.es<\/p>\n","protected":false},"author":7748,"featured_media":35536,"comment_status":"open","ping_status":"open","sticky":false,"template":"","format":"standard","meta":{"_et_pb_use_builder":"off","_et_pb_old_content":"<!-- wp:paragraph {\"style\":{\"elements\":{\"link\":{\"color\":{\"text\":\"var:preset|color|black\"}}}},\"textColor\":\"black\",\"fontSize\":\"large\"} -->\n<p class=\"has-black-color has-text-color has-link-color has-large-font-size\">5 de octubre de 2024<\/p>\n<!-- \/wp:paragraph -->\n\n<!-- wp:paragraph {\"style\":{\"elements\":{\"link\":{\"color\":{\"text\":\"var:preset|color|black\"}}}},\"textColor\":\"black\",\"fontSize\":\"medium\"} -->\n<p class=\"has-black-color has-text-color has-link-color has-medium-font-size\"><strong>\u00a1Participa en la Segunda Marcha Popular de los Fuegos de Laroya! \u00danete a nosotros el 5 de octubre, para disfrutar de una caminata \u00fanica, rodeado de paisajes impresionantes y buena compa\u00f1\u00eda. \u00a1No te lo pierdas! \ud83c\udf04\ud83d\udc5f\ud83d\udd25<\/strong><\/p>\n<!-- \/wp:paragraph -->\n\n<!-- wp:paragraph {\"fontSize\":\"medium\"} -->\n<p class=\"has-medium-font-size\"><a href=\"https:\/\/www.meapunto.net\/ampliaevento\/2501\">https:\/\/www.meapunto.net\/ampliaevento\/2501<\/a><\/p>\n<!-- \/wp:paragraph -->\n\n<!-- wp:paragraph {\"fontSize\":\"large\"} -->\n<p class=\"has-large-font-size\"><a href=\"https:\/\/losfuegosdelaroya.es\">https:\/\/losfuegosdelaroya.es<\/a><\/p>\n<!-- \/wp:paragraph -->\n\n<!-- wp:image {\"id\":35517,\"sizeSlug\":\"large\",\"linkDestination\":\"media\"} -->\n<figure class=\"wp-block-image size-large\"><a href=\"https:\/\/www.grupocondor.org\/wp-content\/uploads\/2024\/06\/cart02501-scaled.jpg\"><img src=\"https:\/\/www.grupocondor.org\/wp-content\/uploads\/2024\/06\/cart02501-728x1024.jpg\" alt=\"\" class=\"wp-image-35517\"\/><\/a><\/figure>\n<!-- \/wp:image -->","_et_gb_content_width":"828","footnotes":""},"categories":[8,24,2,23],"tags":[39,40,42,41,43],"class_list":["post-35516","post","type-post","status-publish","format-standard","has-post-thumbnail","hentry","category-actividades","category-categoriasdestacadas","category-montanismo","category-proximos-eventos","tag-laroya","tag-marcha-popular","tag-naturaleza","tag-senderismo","tag-travesia","et-has-post-format-content","et_post_format-et-post-format-standard"],"_links":{"self":[{"href":"https:\/\/www.grupocondor.org\/index.php?rest_route=\/wp\/v2\/posts\/35516","targetHints":{"allow":["GET"]}}],"collection":[{"href":"https:\/\/www.grupocondor.org\/index.php?rest_route=\/wp\/v2\/posts"}],"about":[{"href":"https:\/\/www.grupocondor.org\/index.php?rest_route=\/wp\/v2\/types\/post"}],"author":[{"embeddable":true,"href":"https:\/\/www.grupocondor.org\/index.php?rest_route=\/wp\/v2\/users\/7748"}],"replies":[{"embeddable":true,"href":"https:\/\/www.grupocondor.org\/index.php?rest_route=%2Fwp%2Fv2%2Fcomments&post=35516"}],"version-history":[{"count":8,"href":"https:\/\/www.grupocondor.org\/index.php?rest_route=\/wp\/v2\/posts\/35516\/revisions"}],"predecessor-version":[{"id":35624,"href":"https:\/\/www.grupocondor.org\/index.php?rest_route=\/wp\/v2\/posts\/35516\/revisions\/35624"}],"wp:featuredmedia":[{"embeddable":true,"href":"https:\/\/www.grupocondor.org\/index.php?rest_route=\/wp\/v2\/media\/35536"}],"wp:attachment":[{"href":"https:\/\/www.grupocondor.org\/index.php?rest_route=%2Fwp%2Fv2%2Fmedia&parent=35516"}],"wp:term":[{"taxonomy":"category","embeddable":true,"href":"https:\/\/www.grupocondor.org\/index.php?rest_route=%2Fwp%2Fv2%2Fcategories&post=35516"},{"taxonomy":"post_tag","embeddable":true,"href":"https:\/\/www.grupocondor.org\/index.php?rest_route=%2Fwp%2Fv2%2Ftags&post=35516"}],"curies":[{"name":"wp","href":"https:\/\/api.w.org\/{rel}","templated":true}]}}