{"id":35878,"date":"2025-06-01T18:04:51","date_gmt":"2025-06-01T18:04:51","guid":{"rendered":"https:\/\/www.grupocondor.org\/?p=35878"},"modified":"2025-09-26T11:47:17","modified_gmt":"2025-09-26T11:47:17","slug":"iii-travesia-popular-los-fuegos-de-laroya","status":"publish","type":"post","link":"https:\/\/www.grupocondor.org\/?p=35878","title":{"rendered":"21\/09\/2025. III TRAVES\u00cdA POPULAR \u00abLOS FUEGOS DE LAROYA\u00bb"},"content":{"rendered":"\n<p>\u00a1Vuelve la magia de Laroya con la III Traves\u00eda Popular \u00abLos Fuegos de Laroya\u00bb!<br>21 de septiembre de 2025<br>Dos rutas de ensue\u00f1o: 14 km y 24 km, por los parajes m\u00e1s espectaculares de la Sierra de los Filabres.<br>Marcha entre carrascas centenarias, historia viva y paisajes inolvidables.<\/p>\n\n\n\n<p>Conocer\u00e1s in situ los hechos que dieron origen a los misteriosos Fuegos de Laroya.<br>Organizan el Club de Monta\u00f1ismo C\u00f3ndor  con la colaboraci\u00f3n del Ayuntamiento de Laroya, Diputaci\u00f3n de Almer\u00eda, UNICA, Cajamar, FAM y la Liga Ib\u00e9rica de Senderismo.<br>\u00bfNecesitas alojamiento? \u00a1Te ayudamos!<br>\u00a1Comparte y vive esta aventura con nosotros!<\/p>\n\n\n\n<p>INFORMACI\u00d3N E INSCRIPCIONES EN:<\/p>\n\n\n\n<p class=\"has-vivid-cyan-blue-color has-text-color has-link-color wp-elements-a7ca110440d8ac50ee961d788e1b161d\"><a href=\"https:\/\/losfuegosdelaroya.es\"><strong>https:\/\/losfuegosdelaroya.es<\/strong><\/a><\/p>\n","protected":false},"excerpt":{"rendered":"<p>\u00a1Vuelve la magia de Laroya con la III Traves\u00eda Popular \u00abLos Fuegos de Laroya\u00bb!21 de septiembre de 2025Dos rutas de ensue\u00f1o: 14 km y 24 km, por los parajes m\u00e1s espectaculares de la Sierra de los Filabres.Marcha entre carrascas centenarias, historia viva y paisajes inolvidables. Conocer\u00e1s in situ los hechos que dieron origen a los [&hellip;]<\/p>\n","protected":false},"author":7748,"featured_media":35884,"comment_status":"open","ping_status":"open","sticky":false,"template":"","format":"standard","meta":{"_et_pb_use_builder":"off","_et_pb_old_content":"","_et_gb_content_width":"","footnotes":""},"categories":[2,23,1],"tags":[],"class_list":["post-35878","post","type-post","status-publish","format-standard","has-post-thumbnail","hentry","category-montanismo","category-proximos-eventos","category-sin-categoria","et-has-post-format-content","et_post_format-et-post-format-standard"],"_links":{"self":[{"href":"https:\/\/www.grupocondor.org\/index.php?rest_route=\/wp\/v2\/posts\/35878","targetHints":{"allow":["GET"]}}],"collection":[{"href":"https:\/\/www.grupocondor.org\/index.php?rest_route=\/wp\/v2\/posts"}],"about":[{"href":"https:\/\/www.grupocondor.org\/index.php?rest_route=\/wp\/v2\/types\/post"}],"author":[{"embeddable":true,"href":"https:\/\/www.grupocondor.org\/index.php?rest_route=\/wp\/v2\/users\/7748"}],"replies":[{"embeddable":true,"href":"https:\/\/www.grupocondor.org\/index.php?rest_route=%2Fwp%2Fv2%2Fcomments&post=35878"}],"version-history":[{"count":3,"href":"https:\/\/www.grupocondor.org\/index.php?rest_route=\/wp\/v2\/posts\/35878\/revisions"}],"predecessor-version":[{"id":35901,"href":"https:\/\/www.grupocondor.org\/index.php?rest_route=\/wp\/v2\/posts\/35878\/revisions\/35901"}],"wp:featuredmedia":[{"embeddable":true,"href":"https:\/\/www.grupocondor.org\/index.php?rest_route=\/wp\/v2\/media\/35884"}],"wp:attachment":[{"href":"https:\/\/www.grupocondor.org\/index.php?rest_route=%2Fwp%2Fv2%2Fmedia&parent=35878"}],"wp:term":[{"taxonomy":"category","embeddable":true,"href":"https:\/\/www.grupocondor.org\/index.php?rest_route=%2Fwp%2Fv2%2Fcategories&post=35878"},{"taxonomy":"post_tag","embeddable":true,"href":"https:\/\/www.grupocondor.org\/index.php?rest_route=%2Fwp%2Fv2%2Ftags&post=35878"}],"curies":[{"name":"wp","href":"https:\/\/api.w.org\/{rel}","templated":true}]}}