{"id":360,"date":"2009-02-09T12:18:37","date_gmt":"2009-02-09T12:18:37","guid":{"rendered":"http:\/\/webs.almeritek.com\/grupocondor.org\/?p=360"},"modified":"2015-01-14T15:42:47","modified_gmt":"2015-01-14T15:42:47","slug":"itinerario-de-montanismo-puerto-de-la-ragua-aldeire","status":"publish","type":"post","link":"https:\/\/www.grupocondor.org\/?p=360","title":{"rendered":"Itinerario de Monta\u00f1ismo Puerto de la Ragua &#8211; Aldeire"},"content":{"rendered":"<p align=\"justify\">Se iniciar\u00e1 en el Puerto de la Ragua, finalizando en Aldeire, pueblo del Marquesado del Zenete. Recorre un paso natural usado para comunicaci\u00f3n de personas y ganado entre la Alpujarra y el Marquesado. Sin perder la cuota de los 2.100 metros caminaremos con el pinar de pino silvestre a la derecha y el piornal a la izquierda. Pasaremos por el Barranco de los Pasillos, Cortijo de la Meseta de los Tajos, Haza de la Meina, R\u00edo Ben\u00e9jar (donde nos encontramos un buc\u00f3lico lugar donde el bosque de ribera proporciona un ambiente fresco y acogedor)\u2013 Area Recreativa de la Rosandra, Aldeire (1.278 mts).<\/p>\n<p align=\"justify\"><strong>Carater\u00edsticas del recorrido:<\/strong><\/p>\n<p><span lang=\"ES-TRAD\">Tiempo estimado: 5 horas.<\/span><span lang=\"ES-TRAD\">\u00a0\u00a0\u00a0\u00a0\u00a0\u00a0 <\/span><span lang=\"ES-TRAD\">Grado de dificultad: Media-Baja.<\/span><span lang=\"ES-TRAD\">\u00a0\u00a0\u00a0\u00a0\u00a0\u00a0<\/span><span lang=\"ES-TRAD\">Distancia aproximada: 16 km.<\/span><span lang=\"ES-TRAD\">\u00a0\u00a0\u00a0\u00a0\u00a0\u00a0 <\/span><span lang=\"ES-TRAD\">Punto de partida: Puerto de la Ragua (2.000 mts).<\/span><span lang=\"ES-TRAD\">\u00a0\u00a0\u00a0\u00a0\u00a0\u00a0 <\/span><span lang=\"ES-TRAD\">Punto de llegada: Aldeire (1.278 mts).<\/span><\/p>\n<p align=\"justify\"><strong>Lugar de Salida<\/strong>: Plaza del Zapillo.<\/p>\n<p align=\"justify\"><strong>Hora<\/strong>: 08,00 h.<\/p>\n","protected":false},"excerpt":{"rendered":"<p>Se iniciar\u00e1 en el Puerto de la Ragua, finalizando en Aldeire, pueblo del Marquesado del Zenete. Recorre un paso natural usado para comunicaci\u00f3n de personas y ganado entre la Alpujarra y el Marquesado. Sin perder la cuota de los 2.100 metros caminaremos con el pinar de pino silvestre a la derecha y el piornal a [&hellip;]<\/p>\n","protected":false},"author":7743,"featured_media":362,"comment_status":"open","ping_status":"open","sticky":false,"template":"","format":"standard","meta":{"_et_pb_use_builder":"","_et_pb_old_content":"","_et_gb_content_width":"","footnotes":""},"categories":[8,2],"tags":[],"class_list":["post-360","post","type-post","status-publish","format-standard","has-post-thumbnail","hentry","category-actividades","category-montanismo","et-has-post-format-content","et_post_format-et-post-format-standard"],"_links":{"self":[{"href":"https:\/\/www.grupocondor.org\/index.php?rest_route=\/wp\/v2\/posts\/360","targetHints":{"allow":["GET"]}}],"collection":[{"href":"https:\/\/www.grupocondor.org\/index.php?rest_route=\/wp\/v2\/posts"}],"about":[{"href":"https:\/\/www.grupocondor.org\/index.php?rest_route=\/wp\/v2\/types\/post"}],"author":[{"embeddable":true,"href":"https:\/\/www.grupocondor.org\/index.php?rest_route=\/wp\/v2\/users\/7743"}],"replies":[{"embeddable":true,"href":"https:\/\/www.grupocondor.org\/index.php?rest_route=%2Fwp%2Fv2%2Fcomments&post=360"}],"version-history":[{"count":2,"href":"https:\/\/www.grupocondor.org\/index.php?rest_route=\/wp\/v2\/posts\/360\/revisions"}],"predecessor-version":[{"id":364,"href":"https:\/\/www.grupocondor.org\/index.php?rest_route=\/wp\/v2\/posts\/360\/revisions\/364"}],"wp:featuredmedia":[{"embeddable":true,"href":"https:\/\/www.grupocondor.org\/index.php?rest_route=\/wp\/v2\/media\/362"}],"wp:attachment":[{"href":"https:\/\/www.grupocondor.org\/index.php?rest_route=%2Fwp%2Fv2%2Fmedia&parent=360"}],"wp:term":[{"taxonomy":"category","embeddable":true,"href":"https:\/\/www.grupocondor.org\/index.php?rest_route=%2Fwp%2Fv2%2Fcategories&post=360"},{"taxonomy":"post_tag","embeddable":true,"href":"https:\/\/www.grupocondor.org\/index.php?rest_route=%2Fwp%2Fv2%2Ftags&post=360"}],"curies":[{"name":"wp","href":"https:\/\/api.w.org\/{rel}","templated":true}]}}