{"id":36284,"date":"2026-03-12T10:40:33","date_gmt":"2026-03-12T10:40:33","guid":{"rendered":"https:\/\/www.grupocondor.org\/?p=36284"},"modified":"2026-04-06T07:23:03","modified_gmt":"2026-04-06T07:23:03","slug":"escapada-senderista-a-la-alpujarra-granadina","status":"publish","type":"post","link":"https:\/\/www.grupocondor.org\/?p=36284","title":{"rendered":"1,2 y 3 de mayo. Escapada Senderista a la Alpujarra Granadina. COMPLETO."},"content":{"rendered":"\n<p class=\"has-vivid-red-color has-white-background-color has-text-color has-background has-link-color has-large-font-size wp-elements-e0888faaabe6c23adea20b86c4a1ec04\"><strong>COMPLETO<\/strong><\/p>\n\n\n\n<h2 class=\"wp-block-heading\">1, 2 y 3 de mayo<\/h2>\n\n\n\n<p>Tres d\u00edas de senderismo en uno de los paisajes m\u00e1s espectaculares de <strong>Sierra Nevada y la Alpujarra granadina<\/strong>.<\/p>\n\n\n\n<p>Un fin de semana para caminar por <strong>antiguos caminos hist\u00f3ricos, pueblos blancos y senderos tradicionales<\/strong>, disfrutando de la naturaleza, la cultura y la gastronom\u00eda de una de las comarcas m\u00e1s singulares de Andaluc\u00eda.<\/p>\n\n\n\n<hr class=\"wp-block-separator has-alpha-channel-opacity\"\/>\n\n\n\n<h1 class=\"wp-block-heading\">\ud83c\udf04 \u00bfPor qu\u00e9 esta escapada?<\/h1>\n\n\n\n<p>La Alpujarra es uno de los territorios con <strong>mayor personalidad de la monta\u00f1a andaluza<\/strong>.<\/p>\n\n\n\n<p>Durante este fin de semana recorreremos:<\/p>\n\n\n\n<ul class=\"wp-block-list\">\n<li>Caminos hist\u00f3ricos entre pueblos alpujarre\u00f1os<\/li>\n\n\n\n<li>Senderos tradicionales junto a acequias centenarias<\/li>\n\n\n\n<li>Miradores naturales sobre Sierra Nevada<\/li>\n\n\n\n<li>Paisajes de media monta\u00f1a llenos de historia<\/li>\n<\/ul>\n\n\n\n<p>Todo ello acompa\u00f1ado por gu\u00edas del <strong>Club de Monta\u00f1ismo C\u00f3ndor<\/strong>.<\/p>\n\n\n\n<hr class=\"wp-block-separator has-alpha-channel-opacity\"\/>\n\n\n\n<h1 class=\"wp-block-heading\">\ud83c\udfe8 Alojamiento<\/h1>\n\n\n\n<p>La estancia se realizar\u00e1 en el <strong>Hotel Mecina Fondales<\/strong>, situado en pleno coraz\u00f3n de la Alpujarra.<\/p>\n\n\n\n<p>\u2714 <strong>Habitaci\u00f3n doble<\/strong><br>\u2714 <strong>2 noches en r\u00e9gimen de media pensi\u00f3n<\/strong><br>\u2714 Ambiente tranquilo y perfecto para senderistas<\/p>\n\n\n\n<hr class=\"wp-block-separator has-alpha-channel-opacity\"\/>\n\n\n\n<h1 class=\"wp-block-heading\">\ud83d\udcc5 Programa<\/h1>\n\n\n\n<h2 class=\"wp-block-heading\">D\u00eda 1 \u2013 Llegada a la Alpujarra<\/h2>\n\n\n\n<p>Llegada al <strong>Hotel Mecina Fondales<\/strong> y <strong>check-in<\/strong>.<\/p>\n\n\n\n<p>Tarde libre para descubrir el entorno y pasear por los pueblos de la comarca.<\/p>\n\n\n\n<p>Cena y alojamiento.<\/p>\n\n\n\n<hr class=\"wp-block-separator has-alpha-channel-opacity\"\/>\n\n\n\n<h2 class=\"wp-block-heading\">D\u00eda 2 \u2013 Sendero Medieval de la Alpujarra<\/h2>\n\n\n\n<p>Desayuno.<\/p>\n\n\n\n<p>Realizaci\u00f3n de una ruto por el <strong>Sendero Medieval de la Alpujarra<\/strong>, una ruta que recorre antiguos caminos hist\u00f3ricos que comunicaban los pueblos de la comarca.<\/p>\n\n\n\n<p>Durante la ruta disfrutaremos de:<\/p>\n\n\n\n<ul class=\"wp-block-list\">\n<li>caminos tradicionales<\/li>\n\n\n\n<li>acequias hist\u00f3ricas<\/li>\n\n\n\n<li>arquitectura popular alpujarre\u00f1a<\/li>\n\n\n\n<li>espectaculares vistas de Sierra Nevada.<\/li>\n<\/ul>\n\n\n\n<p>Cena y alojamiento.<\/p>\n\n\n\n<hr class=\"wp-block-separator has-alpha-channel-opacity\"\/>\n\n\n\n<h2 class=\"wp-block-heading\">D\u00eda 3 \u2013 Ruta paisaj\u00edstica y despedida<\/h2>\n\n\n\n<p>Desayuno.<\/p>\n\n\n\n<p>Realizaci\u00f3n de una <strong>ruta paisaj\u00edstica por la Alpujarra<\/strong>, disfrutando de sus paisajes de media monta\u00f1a.<\/p>\n\n\n\n<p>Al finalizar realizaremos <strong>comida de grupo<\/strong> antes del regreso.<\/p>\n\n\n\n<hr class=\"wp-block-separator has-alpha-channel-opacity\"\/>\n\n\n\n<h1 class=\"wp-block-heading\">\ud83d\udcb0 Precio<\/h1>\n\n\n\n<h2 class=\"wp-block-heading\">200 \u20ac por persona<\/h2>\n\n\n\n<p>Incluye:<\/p>\n\n\n\n<p>\u2714 2 noches de hotel en <strong>habitaci\u00f3n doble<\/strong><br>\u2714 <strong>Media pensi\u00f3n<\/strong> (desayunos y cenas)<br>\u2714 <strong>Sendero Medieval de la Alpujarra<\/strong><br>\u2714 <strong>Ruta paisaj\u00edstica por la Alpujarra<\/strong><br>\u2714 <strong>Comida de grupo el domingo<\/strong><br>\u2714 Organizaci\u00f3n y gu\u00edas de la actividad<\/p>\n\n\n\n<h1 class=\"wp-block-heading\">\u26a0\ufe0f Plazas limitadas<\/h1>\n\n\n\n<p>La actividad tiene <strong>plazas limitadas<\/strong> para garantizar la calidad de la experiencia.<\/p>\n\n\n\n<p>\ud83d\udc49 <strong>Reserva tu plaza aqu\u00ed<\/strong><\/p>\n\n\n\n<p class=\"has-vivid-cyan-blue-color has-text-color has-link-color wp-elements-2a533e6acd9d8c33fc9e6ef6faee29ca\"><a href=\"https:\/\/www.meapunto.net\/ampliaevento\/2840\">https:\/\/www.meapunto.net\/ampliaevento\/2840<\/a><\/p>\n\n\n\n<hr class=\"wp-block-separator has-alpha-channel-opacity\"\/>\n\n\n\n<h1 class=\"wp-block-heading\">\ud83d\udcde Informaci\u00f3n<\/h1>\n\n\n\n<p>Tel\u00e9fono \/ WhatsApp del club<\/p>\n\n\n\n<p><strong>608 590 041<\/strong><\/p>\n","protected":false},"excerpt":{"rendered":"<p>COMPLETO 1, 2 y 3 de mayo Tres d\u00edas de senderismo en uno de los paisajes m\u00e1s espectaculares de Sierra Nevada y la Alpujarra granadina. Un fin de semana para caminar por antiguos caminos hist\u00f3ricos, pueblos blancos y senderos tradicionales, disfrutando de la naturaleza, la cultura y la gastronom\u00eda de una de las comarcas m\u00e1s [&hellip;]<\/p>\n","protected":false},"author":7748,"featured_media":36295,"comment_status":"open","ping_status":"open","sticky":true,"template":"","format":"standard","meta":{"_et_pb_use_builder":"off","_et_pb_old_content":"","_et_gb_content_width":"","footnotes":""},"categories":[8,24,25,23],"tags":[],"class_list":["post-36284","post","type-post","status-publish","format-standard","has-post-thumbnail","hentry","category-actividades","category-categoriasdestacadas","category-marcha-nordica","category-proximos-eventos","et-has-post-format-content","et_post_format-et-post-format-standard"],"_links":{"self":[{"href":"https:\/\/www.grupocondor.org\/index.php?rest_route=\/wp\/v2\/posts\/36284","targetHints":{"allow":["GET"]}}],"collection":[{"href":"https:\/\/www.grupocondor.org\/index.php?rest_route=\/wp\/v2\/posts"}],"about":[{"href":"https:\/\/www.grupocondor.org\/index.php?rest_route=\/wp\/v2\/types\/post"}],"author":[{"embeddable":true,"href":"https:\/\/www.grupocondor.org\/index.php?rest_route=\/wp\/v2\/users\/7748"}],"replies":[{"embeddable":true,"href":"https:\/\/www.grupocondor.org\/index.php?rest_route=%2Fwp%2Fv2%2Fcomments&post=36284"}],"version-history":[{"count":4,"href":"https:\/\/www.grupocondor.org\/index.php?rest_route=\/wp\/v2\/posts\/36284\/revisions"}],"predecessor-version":[{"id":36323,"href":"https:\/\/www.grupocondor.org\/index.php?rest_route=\/wp\/v2\/posts\/36284\/revisions\/36323"}],"wp:featuredmedia":[{"embeddable":true,"href":"https:\/\/www.grupocondor.org\/index.php?rest_route=\/wp\/v2\/media\/36295"}],"wp:attachment":[{"href":"https:\/\/www.grupocondor.org\/index.php?rest_route=%2Fwp%2Fv2%2Fmedia&parent=36284"}],"wp:term":[{"taxonomy":"category","embeddable":true,"href":"https:\/\/www.grupocondor.org\/index.php?rest_route=%2Fwp%2Fv2%2Fcategories&post=36284"},{"taxonomy":"post_tag","embeddable":true,"href":"https:\/\/www.grupocondor.org\/index.php?rest_route=%2Fwp%2Fv2%2Ftags&post=36284"}],"curies":[{"name":"wp","href":"https:\/\/api.w.org\/{rel}","templated":true}]}}