{"id":373,"date":"2009-02-21T12:55:22","date_gmt":"2009-02-21T12:55:22","guid":{"rendered":"http:\/\/webs.almeritek.com\/grupocondor.org\/?p=373"},"modified":"2015-01-14T15:41:42","modified_gmt":"2015-01-14T15:41:42","slug":"via-verde-del-aceite-jaen-cordoba","status":"publish","type":"post","link":"https:\/\/www.grupocondor.org\/?p=373","title":{"rendered":"V\u00eda Verde del Aceite (Ja\u00e9n-C\u00f3rdoba)"},"content":{"rendered":"<p>En esta ocasi\u00f3n vamos a realizar un itinerario por parte de la v\u00eda verde del aceite, que tiene su recorrido completo comprendido entre las provincias de Ja\u00e9n y C\u00f3rdoba, teniendo una<br \/>\ndistancia total de v\u00eda de unos 122km, de los cuales recorreremos una parte ya que dependemos en gran parte de los medios de transporte para realizar la actividad, el recorrido tendr\u00e1 salida y regreso al punto de partida, que en este caso ser\u00e1 la localidad de Luque, donde se dormir\u00e1 en el albergue de esta localidad.<br \/>\nLa actividad tendr\u00e1 recorrido en bicicleta el d\u00eda 1 y 2, dejando el d\u00eda 3 domingo para realizar visitas a lugares de inter\u00e9s como la Cueva de los Murci\u00e9lagos.<\/p>\n<p>SALIDA<br \/>\nLa salida tendr\u00e1 lugar el d\u00eda 30 de Abril jueves por la tarde, con el fin de amanecer el d\u00eda 1 de Mayo ya en Luque.<\/p>\n<p>PRECIO<br \/>\nEl costo de la actividad se dar\u00e1 a conocer en la reuni\u00f3n previa del d\u00eda 21, ya que depender\u00e1 del transporte y alimentaci\u00f3n.<\/p>\n","protected":false},"excerpt":{"rendered":"<p>En esta ocasi\u00f3n vamos a realizar un itinerario por parte de la v\u00eda verde del aceite, que tiene su recorrido completo comprendido entre las provincias de Ja\u00e9n y C\u00f3rdoba, teniendo una distancia total de v\u00eda de unos 122km, de los cuales recorreremos una parte ya que dependemos en gran parte de los medios de transporte [&hellip;]<\/p>\n","protected":false},"author":7743,"featured_media":375,"comment_status":"open","ping_status":"open","sticky":false,"template":"","format":"standard","meta":{"_et_pb_use_builder":"","_et_pb_old_content":"","_et_gb_content_width":"","footnotes":""},"categories":[8,2],"tags":[],"class_list":["post-373","post","type-post","status-publish","format-standard","has-post-thumbnail","hentry","category-actividades","category-montanismo","et-has-post-format-content","et_post_format-et-post-format-standard"],"_links":{"self":[{"href":"https:\/\/www.grupocondor.org\/index.php?rest_route=\/wp\/v2\/posts\/373","targetHints":{"allow":["GET"]}}],"collection":[{"href":"https:\/\/www.grupocondor.org\/index.php?rest_route=\/wp\/v2\/posts"}],"about":[{"href":"https:\/\/www.grupocondor.org\/index.php?rest_route=\/wp\/v2\/types\/post"}],"author":[{"embeddable":true,"href":"https:\/\/www.grupocondor.org\/index.php?rest_route=\/wp\/v2\/users\/7743"}],"replies":[{"embeddable":true,"href":"https:\/\/www.grupocondor.org\/index.php?rest_route=%2Fwp%2Fv2%2Fcomments&post=373"}],"version-history":[{"count":1,"href":"https:\/\/www.grupocondor.org\/index.php?rest_route=\/wp\/v2\/posts\/373\/revisions"}],"predecessor-version":[{"id":376,"href":"https:\/\/www.grupocondor.org\/index.php?rest_route=\/wp\/v2\/posts\/373\/revisions\/376"}],"wp:featuredmedia":[{"embeddable":true,"href":"https:\/\/www.grupocondor.org\/index.php?rest_route=\/wp\/v2\/media\/375"}],"wp:attachment":[{"href":"https:\/\/www.grupocondor.org\/index.php?rest_route=%2Fwp%2Fv2%2Fmedia&parent=373"}],"wp:term":[{"taxonomy":"category","embeddable":true,"href":"https:\/\/www.grupocondor.org\/index.php?rest_route=%2Fwp%2Fv2%2Fcategories&post=373"},{"taxonomy":"post_tag","embeddable":true,"href":"https:\/\/www.grupocondor.org\/index.php?rest_route=%2Fwp%2Fv2%2Ftags&post=373"}],"curies":[{"name":"wp","href":"https:\/\/api.w.org\/{rel}","templated":true}]}}