{"id":422,"date":"2007-01-09T15:26:38","date_gmt":"2007-01-09T15:26:38","guid":{"rendered":"http:\/\/webs.almeritek.com\/grupocondor.org\/?p=422"},"modified":"2015-01-14T17:54:55","modified_gmt":"2015-01-14T17:54:55","slug":"condor-conquista-la-cima-del-pico-triglav","status":"publish","type":"post","link":"https:\/\/www.grupocondor.org\/?p=422","title":{"rendered":"C\u00d3NDOR CONQUISTA LA CIMA DEL PICO TRIGLAV"},"content":{"rendered":"<p>El Club de Monta\u00f1ismo C\u00f3ndor ha realizado en estos d\u00edas una serie de ascensiones en los Alpes Julianos, zona de este macizo que se adentra en Eslovenia. Uno de los objetivos era conseguir la cumbre de la monta\u00f1a m\u00edtica del pa\u00eds (incluso figura en el escudo del pa\u00eds), el Triglav, que es la monta\u00f1a m\u00e1s alta de Eslovenia, as\u00ed como tambi\u00e9n de todos los Alpes Julianos. Su nombre significa, tres cabezas, haciendo referencia a creencias eslovenas de un dios de tres cabezas que dominaba el cielo, la tierra y el infierno, y que hizo que nadie pisara su cima hasta el a\u00f1o 1778. Desde el S. XIX, subir al Triglav, se convirti\u00f3 en un reto para todos los eslovenos. Y la tradici\u00f3n contin\u00faa. Todo autentico esloveno, debe subir una vez en la vida. El Triglav est\u00e1 incluido en el \u00fanico parque nacional del pa\u00eds, el Triglavski Narodni Park, zona protegida desde el a\u00f1o 1.924 y que cuenta con cerca de 85.000 ha. De picos escarpados y calizos, alberga una gran diversidad de especies, tanto vegetales como animales.<br \/>\nPara subir al Triglav hay distintas opciones y posibilidades, dependiendo tanto de la meteorolog\u00eda como del refugio que sirva de punto de partida para la ascensi\u00f3n final, como de la duraci\u00f3n de la misma En este caso, optamos por la subida y bajada al refugio Triglavski, lo cual supon\u00eda mayor dificultad tanto t\u00e9cnica como f\u00edsica.<br \/>\nLa aproximaci\u00f3n discurri\u00f3 por un hermoso valle de la vertiente nordeste, el Valle de Krna. Comenzando el recorrido a unos 1.000 metros de altura, en unas praderas desde las que ya se perciben las impresionantes paredes de roca que flanquean la parte alta del valle. Es una tranquila, apacible y fr\u00eda ma\u00f1ana, todo invita a caminar, el sendero asciende al principio lentamente, siguiendo el fondo casi plano de un perfecto valle glaciar. A poco de comenzar se interna en un hayedo, sombr\u00edo y h\u00famedo, al que m\u00e1s tarde sustituir\u00e1 un bosque de confieras. Al salir del bosque, la ladera se empina y el sendero zigzaguea hasta ganar sucesivos rellanos y, finalmente, el gran collado que se adivina sobre nuestras cabezas, hasta aqu\u00ed el fr\u00edo se dejaba notar hasta calar los huesos. Se contin\u00faa dejando a la izquierda unas vertiginosas paredes calizas, sumidas en sombra, la vegetaci\u00f3n ahora est\u00e1 compuesta por pino rastrero, que gracias a los senderos es posible atravesar. Llegamos al refugio Vodnikov Dom, situado a 1.805 metros, realizando una comida ligera para recuperar fuerzas. Continuando el sendero se alcanza el collado de Konjsko, punto donde confluyen varios caminos. Uno de los senderos sigue ascendiendo hacia el oeste al Refugio Dom Planika, otro contin\u00faa hacia el Triglavski Dom y por \u00e9l proseguimos, estamos a 2.020 metros de altitud, las fuerzas comienzan a flaquear, han realizado un desnivel de 1.000 metros, pero al contemplar las inmensas y bellas panor\u00e1micas desde esta altura se recuperan fuerzas. Es temprano son las diez de la ma\u00f1ana y queda una hora del Refugio Triglavski Dom, situado a 2.515 metros, al que el grupo llega disperso y con las fuerzas muy justas. En esos momentos la mirada ha quedado hipnotizada, fija en una sola direcci\u00f3n, la mole del Triglav, que justo a al lado se levanta como una muralla que encerrase alg\u00fan enigma. En este refugio recuperan fuerzas de nuevo, se hidratan y toman algo de comida, est\u00e1n a punto de llevar a cabo el tramo final, es temprano, son las doce del mediod\u00eda, la cumbre s\u00f3lo a hora y media de ascensi\u00f3n. Y all\u00e1 van, siempre con la inc\u00f3gnita de las posibles dificultades e imprevistos que pudieran surgir, especialmente en la parte alta, que se adivina sobrecogedora.<br \/>\nY as\u00ed es, efectivamente. La progresi\u00f3n hacia la cumbre les lleva primero a la cima del Mali (peque\u00f1o) Triglav y contin\u00faa despu\u00e9s por una espectacular cresta cimera, algunos tramos con v\u00eda ferrata (equipada con cables de acero) que facilitan la ascensi\u00f3n al evitar la colocaci\u00f3n de cuerdas. Desde aqu\u00ed se puede ver ahora el \u00faltimo escal\u00f3n, y se percibe la cumbre con las profundidades del valle de Vrata, situado bajo la impresionante cara norte del Triglav. Mil setecientos metros de desnivel los separan de su base. Ponen, al fin, el pie en la cima del Triglav (Stancevo Zavestice), con 2.864 metros de altitud, a las catorce horas. Las bajas temperaturas no permiten estar mucho tiempo all\u00ed, pero lo suficiente para descansar un poco y disfrutar de las vistas impresionantes que ofrece esta cima, hacia el oeste se divisa otro valle profundisimo, es el valle del r\u00edo Soca, mirando al sur el Mar Adri\u00e1tico, al norte, el Skrlatica, la segunda cumbre de los Alpes Julianos, con perfiles tan bellos que parecen invitarnos a otra peque\u00f1a aventura. Y, mas all\u00e1, muy lejos, los glaciares del Tirol Austriaco. Es un goce contemplar estas maravillosas vistas, pero el fr\u00edo y el saber que en un par de horas llegar\u00e1 la oscuridad de la noche les hace recordar que hay que iniciar el descenso, cuyo desnivel no lo iba a hacer nada f\u00e1cil. Del resto de actividades por Eslovenia cabe destacar los lagos de Bled y Bohinj en el Parque Nacional de Triglav y su ruta por el r\u00edo Vintgar, los montes Karavanke, la Gran Ruta de los Alpes Julianos, Kranjska Gora y el valle del Soca y las espectaculares cuevas de Postojnao.<br \/>\nLos monta\u00f1eros del equipo son Domingo Ib\u00e1\u00f1ez, Antonio Le\u00f3n, Gur\u00ed, Jes\u00fas, Ma\u00f1as, Paco Ruiz y Juan Pedro.<br \/>\nEsta actividad ha sido organizada por el Club de Monta\u00f1ismo C\u00f3ndor y es la consecuencia de la trayectoria que este Club lleva a cabo en la promoci\u00f3n del Monta\u00f1ismo durante 30 a\u00f1os ya.<\/p>\n","protected":false},"excerpt":{"rendered":"<p>El Club de Monta\u00f1ismo C\u00f3ndor ha realizado en estos d\u00edas una serie de ascensiones en los Alpes Julianos, zona de este macizo que se adentra en Eslovenia. Uno de los objetivos era conseguir la cumbre de la monta\u00f1a m\u00edtica del pa\u00eds (incluso figura en el escudo del pa\u00eds), el Triglav, que es la monta\u00f1a m\u00e1s [&hellip;]<\/p>\n","protected":false},"author":7743,"featured_media":424,"comment_status":"open","ping_status":"open","sticky":false,"template":"","format":"standard","meta":{"_et_pb_use_builder":"","_et_pb_old_content":"","_et_gb_content_width":"","footnotes":""},"categories":[8,2],"tags":[],"class_list":["post-422","post","type-post","status-publish","format-standard","has-post-thumbnail","hentry","category-actividades","category-montanismo","et-has-post-format-content","et_post_format-et-post-format-standard"],"_links":{"self":[{"href":"https:\/\/www.grupocondor.org\/index.php?rest_route=\/wp\/v2\/posts\/422","targetHints":{"allow":["GET"]}}],"collection":[{"href":"https:\/\/www.grupocondor.org\/index.php?rest_route=\/wp\/v2\/posts"}],"about":[{"href":"https:\/\/www.grupocondor.org\/index.php?rest_route=\/wp\/v2\/types\/post"}],"author":[{"embeddable":true,"href":"https:\/\/www.grupocondor.org\/index.php?rest_route=\/wp\/v2\/users\/7743"}],"replies":[{"embeddable":true,"href":"https:\/\/www.grupocondor.org\/index.php?rest_route=%2Fwp%2Fv2%2Fcomments&post=422"}],"version-history":[{"count":1,"href":"https:\/\/www.grupocondor.org\/index.php?rest_route=\/wp\/v2\/posts\/422\/revisions"}],"predecessor-version":[{"id":425,"href":"https:\/\/www.grupocondor.org\/index.php?rest_route=\/wp\/v2\/posts\/422\/revisions\/425"}],"wp:featuredmedia":[{"embeddable":true,"href":"https:\/\/www.grupocondor.org\/index.php?rest_route=\/wp\/v2\/media\/424"}],"wp:attachment":[{"href":"https:\/\/www.grupocondor.org\/index.php?rest_route=%2Fwp%2Fv2%2Fmedia&parent=422"}],"wp:term":[{"taxonomy":"category","embeddable":true,"href":"https:\/\/www.grupocondor.org\/index.php?rest_route=%2Fwp%2Fv2%2Fcategories&post=422"},{"taxonomy":"post_tag","embeddable":true,"href":"https:\/\/www.grupocondor.org\/index.php?rest_route=%2Fwp%2Fv2%2Ftags&post=422"}],"curies":[{"name":"wp","href":"https:\/\/api.w.org\/{rel}","templated":true}]}}