{"id":482,"date":"2010-01-19T18:35:05","date_gmt":"2010-01-19T18:35:05","guid":{"rendered":"http:\/\/webs.almeritek.com\/grupocondor.org\/?p=482"},"modified":"2015-01-14T15:36:12","modified_gmt":"2015-01-14T15:36:12","slug":"acto-entrega-distinciones-grupo-condor-2009","status":"publish","type":"post","link":"https:\/\/www.grupocondor.org\/?p=482","title":{"rendered":"Acto entrega distinciones Grupo C\u00f3ndor 2009"},"content":{"rendered":"<p>Durante el a\u00f1o que ha pasado han sido muchas las personas que han participado en las actividades que ha organizado el Grupo C\u00f3ndor, como participantes, como organizadores, como colaboradores, y con su apoyo institucional.<\/p>\n<p>Por ello queremos darle una menci\u00f3n, que muestre el agradecimiento de todo un colectivo hacia ellos. A los que desde dentro hacen posible que C\u00f3ndor sea una Asociaci\u00f3n viva d\u00eda a d\u00eda y actividad a actividad. Y a los que desde fuera nos apoyan y colaboran para que podamos seguir avanzando.<\/p>\n<p>Lugar, d\u00eda y hora:<br \/>\nEn la sede de C\u00f3ndor. C\/ La Curva, 5 04007 Almer\u00eda.<br \/>\nEl Martes, 19 de Enero de 2.010, a las 20,00 horas.<\/p>\n<p>En este 2009 las menciones son:<\/p>\n<p>A Francisco Jos\u00e9 Granados Romero, Coordinador del Equipo C\u00f3ndor de Carreras por Monta\u00f1a. Por el trabajo y los logros que est\u00e1n consiguiendo como Equipo en las diferentes pruebas en las que est\u00e1n participando a nivel nacional, auton\u00f3mico y provincial. Lo componen en la actualidad: Mar\u00eda del Mar Viciana, Federico S\u00e1ez, Francisco Manzano, Eusebio Jos\u00e9 P\u00e9rez, Jos\u00e9 Antonio Ruano y Francisco Granados. Estando previsto que para este 2010 se ampl\u00ede.<br \/>\nA Julio Chac\u00f3n Salvador, de 9 a\u00f1os, como joven Monta\u00f1ero, que ha participado en toda una serie de actividades durante los \u00faltimos a\u00f1os, y m\u00e1s en concreto durante el 2009.<\/p>\n<p>Al Instituto de Ense\u00f1anza Secundaria de El Alquian, por su participaci\u00f3n y colaboraci\u00f3n en la Escuela Municipal de Monta\u00f1ismo que se organiza junto con el Patronato Municipal de Deportes del Ayuntamiento de Almer\u00eda, y en especial por haber coronado en este 2009 la cima del Mulhac\u00e9n.<br \/>\nUna distinci\u00f3n especial a Francisco Amizi\u00e1n Almagro, Concejal del Ayuntamiento de Almer\u00eda, que en la Celebraci\u00f3n del 30 Aniversario del Grupo C\u00f3ndor se le concedi\u00f3 una Placa en reconocimiento de su apoyo al Monta\u00f1ismo almeriense, y en especial por haber conseguido sacar a luz dos important\u00edsimas publicaciones: \u201cMonta\u00f1ismo Infantil y Juvenil\u201d y \u201cOrientaci\u00f3n en Monta\u00f1a\u201d.<\/p>\n<p>(*) Para poder asistir hay que confirmar la asistencia antes del viernes, 15 de enero. Al tel\u00e9fono: 950.25.53.78. Al correo electr\u00f3nico: <a href=\"mailto:secretaria@grupocondor.org\">secretaria@grupocondor.org<\/a><\/p>\n<p>(*) Posterior a la entrega de las distinciones nos tomaremos un vino.<\/p>\n<p><strong>Documentos Adjuntos:<\/strong><\/p>\n<p><a href=\"http:\/\/webs.almeritek.com\/grupocondor.org\/wp-content\/uploads\/2015\/01\/Microsoft-Word-Acto-entrega-distinciones-Gru.pdf\">(Microsoft Word &#8211; Acto entrega distinciones Gru<\/a><\/p>\n","protected":false},"excerpt":{"rendered":"<p>Durante el a\u00f1o que ha pasado han sido muchas las personas que han participado en las actividades que ha organizado el Grupo C\u00f3ndor, como participantes, como organizadores, como colaboradores, y con su apoyo institucional. Por ello queremos darle una menci\u00f3n, que muestre el agradecimiento de todo un colectivo hacia ellos. A los que desde dentro [&hellip;]<\/p>\n","protected":false},"author":7743,"featured_media":485,"comment_status":"open","ping_status":"open","sticky":false,"template":"","format":"standard","meta":{"_et_pb_use_builder":"","_et_pb_old_content":"","_et_gb_content_width":"","footnotes":""},"categories":[2,10],"tags":[],"class_list":["post-482","post","type-post","status-publish","format-standard","has-post-thumbnail","hentry","category-montanismo","category-noticias","et-has-post-format-content","et_post_format-et-post-format-standard"],"_links":{"self":[{"href":"https:\/\/www.grupocondor.org\/index.php?rest_route=\/wp\/v2\/posts\/482","targetHints":{"allow":["GET"]}}],"collection":[{"href":"https:\/\/www.grupocondor.org\/index.php?rest_route=\/wp\/v2\/posts"}],"about":[{"href":"https:\/\/www.grupocondor.org\/index.php?rest_route=\/wp\/v2\/types\/post"}],"author":[{"embeddable":true,"href":"https:\/\/www.grupocondor.org\/index.php?rest_route=\/wp\/v2\/users\/7743"}],"replies":[{"embeddable":true,"href":"https:\/\/www.grupocondor.org\/index.php?rest_route=%2Fwp%2Fv2%2Fcomments&post=482"}],"version-history":[{"count":1,"href":"https:\/\/www.grupocondor.org\/index.php?rest_route=\/wp\/v2\/posts\/482\/revisions"}],"predecessor-version":[{"id":486,"href":"https:\/\/www.grupocondor.org\/index.php?rest_route=\/wp\/v2\/posts\/482\/revisions\/486"}],"wp:featuredmedia":[{"embeddable":true,"href":"https:\/\/www.grupocondor.org\/index.php?rest_route=\/wp\/v2\/media\/485"}],"wp:attachment":[{"href":"https:\/\/www.grupocondor.org\/index.php?rest_route=%2Fwp%2Fv2%2Fmedia&parent=482"}],"wp:term":[{"taxonomy":"category","embeddable":true,"href":"https:\/\/www.grupocondor.org\/index.php?rest_route=%2Fwp%2Fv2%2Fcategories&post=482"},{"taxonomy":"post_tag","embeddable":true,"href":"https:\/\/www.grupocondor.org\/index.php?rest_route=%2Fwp%2Fv2%2Ftags&post=482"}],"curies":[{"name":"wp","href":"https:\/\/api.w.org\/{rel}","templated":true}]}}