{"id":512,"date":"2010-03-16T19:02:21","date_gmt":"2010-03-16T19:02:21","guid":{"rendered":"http:\/\/webs.almeritek.com\/grupocondor.org\/?p=512"},"modified":"2015-01-14T15:17:06","modified_gmt":"2015-01-14T15:17:06","slug":"condor-en-el-ii-trail-de-cabo-de-gata-nijar-2010","status":"publish","type":"post","link":"https:\/\/www.grupocondor.org\/?p=512","title":{"rendered":"C\u00f3ndor en el II Trail de Cabo de Gata Nijar 2010"},"content":{"rendered":"<p>El Equipo de Carreras por Monta\u00f1a del Club de Monta\u00f1ismo C\u00f3ndor ha participado en el II Trail de Cabo de Gata-Nijar 2010.<br \/>\nLa ruta discurri\u00f3 por sendero, pista forestal y rambla, con un total de 27 kil\u00f3metros.<br \/>\nUn total de 800 participantes, 400 como senderistas y 400 como corredores.<br \/>\nDe C\u00f3ndor participaron Jos\u00e9 A. Ruano, Mar\u00eda del Mar Viciana, Miguel Angel Granados, Francisco Granados, Francisco L\u00f3pez Felices, Eusebio Jos\u00e9 G\u00f3mez, Federico Saez, y Juan Jos\u00e9 Gutierrez.<br \/>\nDestacar en cuanto a resultados:<br \/>\nEl 2\u00ba Absoluto de Mariquilla Viciana.<br \/>\nEl 3\u00ba en Veteranos Master 50 de Federico Saez.<br \/>\nY el 10\u00ba Absoluto de Paco L\u00f3pez Felices.<\/p>\n<p>Enhorabuena a todos.<\/p>\n<p><a href=\"http:\/\/webs.almeritek.com\/grupocondor.org\/wp-content\/uploads\/2015\/01\/DSCI0091.jpg\"><img loading=\"lazy\" decoding=\"async\" class=\"aligncenter size-full wp-image-513\" src=\"http:\/\/webs.almeritek.com\/grupocondor.org\/wp-content\/uploads\/2015\/01\/DSCI0091.jpg\" alt=\"DSCI0091\" width=\"640\" height=\"480\" srcset=\"https:\/\/www.grupocondor.org\/wp-content\/uploads\/2015\/01\/DSCI0091.jpg 640w, https:\/\/www.grupocondor.org\/wp-content\/uploads\/2015\/01\/DSCI0091-300x225.jpg 300w\" sizes=\"(max-width: 640px) 100vw, 640px\" \/><\/a><\/p>\n","protected":false},"excerpt":{"rendered":"<p>El Equipo de Carreras por Monta\u00f1a del Club de Monta\u00f1ismo C\u00f3ndor ha participado en el II Trail de Cabo de Gata-Nijar 2010. La ruta discurri\u00f3 por sendero, pista forestal y rambla, con un total de 27 kil\u00f3metros. Un total de 800 participantes, 400 como senderistas y 400 como corredores. De C\u00f3ndor participaron Jos\u00e9 A. Ruano, [&hellip;]<\/p>\n","protected":false},"author":7743,"featured_media":515,"comment_status":"open","ping_status":"open","sticky":false,"template":"","format":"standard","meta":{"_et_pb_use_builder":"","_et_pb_old_content":"","_et_gb_content_width":"","footnotes":""},"categories":[13,2,10],"tags":[],"class_list":["post-512","post","type-post","status-publish","format-standard","has-post-thumbnail","hentry","category-carreras-por-montana","category-montanismo","category-noticias","et-has-post-format-content","et_post_format-et-post-format-standard"],"_links":{"self":[{"href":"https:\/\/www.grupocondor.org\/index.php?rest_route=\/wp\/v2\/posts\/512","targetHints":{"allow":["GET"]}}],"collection":[{"href":"https:\/\/www.grupocondor.org\/index.php?rest_route=\/wp\/v2\/posts"}],"about":[{"href":"https:\/\/www.grupocondor.org\/index.php?rest_route=\/wp\/v2\/types\/post"}],"author":[{"embeddable":true,"href":"https:\/\/www.grupocondor.org\/index.php?rest_route=\/wp\/v2\/users\/7743"}],"replies":[{"embeddable":true,"href":"https:\/\/www.grupocondor.org\/index.php?rest_route=%2Fwp%2Fv2%2Fcomments&post=512"}],"version-history":[{"count":1,"href":"https:\/\/www.grupocondor.org\/index.php?rest_route=\/wp\/v2\/posts\/512\/revisions"}],"predecessor-version":[{"id":516,"href":"https:\/\/www.grupocondor.org\/index.php?rest_route=\/wp\/v2\/posts\/512\/revisions\/516"}],"wp:featuredmedia":[{"embeddable":true,"href":"https:\/\/www.grupocondor.org\/index.php?rest_route=\/wp\/v2\/media\/515"}],"wp:attachment":[{"href":"https:\/\/www.grupocondor.org\/index.php?rest_route=%2Fwp%2Fv2%2Fmedia&parent=512"}],"wp:term":[{"taxonomy":"category","embeddable":true,"href":"https:\/\/www.grupocondor.org\/index.php?rest_route=%2Fwp%2Fv2%2Fcategories&post=512"},{"taxonomy":"post_tag","embeddable":true,"href":"https:\/\/www.grupocondor.org\/index.php?rest_route=%2Fwp%2Fv2%2Ftags&post=512"}],"curies":[{"name":"wp","href":"https:\/\/api.w.org\/{rel}","templated":true}]}}