{"id":551,"date":"2010-07-27T11:53:39","date_gmt":"2010-07-27T11:53:39","guid":{"rendered":"http:\/\/webs.almeritek.com\/grupocondor.org\/?p=551"},"modified":"2015-01-14T15:13:44","modified_gmt":"2015-01-14T15:13:44","slug":"el-equipo-de-carreras-por-montana-del-grupo-condor-en-el-programa-tierras-altas-de-canal-sur","status":"publish","type":"post","link":"https:\/\/www.grupocondor.org\/?p=551","title":{"rendered":"El Equipo de Carreras por Monta\u00f1a del Grupo C\u00f3ndor en el Programa Tierras Altas de Canal Sur"},"content":{"rendered":"<p>Desde esta p\u00e1gina web se quiere manifestar el apoyo y reconocimiento a la labor que est\u00e1 desarrollando el Equipo de carreras por Monta\u00f1a del Club de Monta\u00f1ismo C\u00f3ndor.<\/p>\n<p>Para ver el programa emitido de Tierras Altas de canal Sur:<\/p>\n<p><a href=\"http:\/\/www.canalsur.es\/portal_rtva\/web\/noticia\/id\/94359\/seccion\/544\/accede_a_la_web_del_programa\">http:\/\/www.canalsur.es\/portal_rtva\/web\/noticia\/id\/94359\/seccion\/544\/accede_a_la_web_del_programa<\/a><\/p>\n<p><a href=\"http:\/\/webs.almeritek.com\/grupocondor.org\/wp-content\/uploads\/2015\/01\/Tierras-Altas-Carreras-Monta\u00f1a-Aldeire-039.jpg\"><img loading=\"lazy\" decoding=\"async\" class=\"aligncenter size-full wp-image-554\" src=\"http:\/\/webs.almeritek.com\/grupocondor.org\/wp-content\/uploads\/2015\/01\/Tierras-Altas-Carreras-Monta\u00f1a-Aldeire-039.jpg\" alt=\"Tierras Altas Carreras Monta\u00f1a Aldeire 039\" width=\"640\" height=\"480\" srcset=\"https:\/\/www.grupocondor.org\/wp-content\/uploads\/2015\/01\/Tierras-Altas-Carreras-Monta\u00f1a-Aldeire-039.jpg 640w, https:\/\/www.grupocondor.org\/wp-content\/uploads\/2015\/01\/Tierras-Altas-Carreras-Monta\u00f1a-Aldeire-039-300x225.jpg 300w\" sizes=\"(max-width: 640px) 100vw, 640px\" \/><\/a><\/p>\n","protected":false},"excerpt":{"rendered":"<p>Desde esta p\u00e1gina web se quiere manifestar el apoyo y reconocimiento a la labor que est\u00e1 desarrollando el Equipo de carreras por Monta\u00f1a del Club de Monta\u00f1ismo C\u00f3ndor. Para ver el programa emitido de Tierras Altas de canal Sur: http:\/\/www.canalsur.es\/portal_rtva\/web\/noticia\/id\/94359\/seccion\/544\/accede_a_la_web_del_programa<\/p>\n","protected":false},"author":7743,"featured_media":553,"comment_status":"open","ping_status":"open","sticky":false,"template":"","format":"standard","meta":{"_et_pb_use_builder":"","_et_pb_old_content":"","_et_gb_content_width":"","footnotes":""},"categories":[13,2,10],"tags":[],"class_list":["post-551","post","type-post","status-publish","format-standard","has-post-thumbnail","hentry","category-carreras-por-montana","category-montanismo","category-noticias","et-has-post-format-content","et_post_format-et-post-format-standard"],"_links":{"self":[{"href":"https:\/\/www.grupocondor.org\/index.php?rest_route=\/wp\/v2\/posts\/551","targetHints":{"allow":["GET"]}}],"collection":[{"href":"https:\/\/www.grupocondor.org\/index.php?rest_route=\/wp\/v2\/posts"}],"about":[{"href":"https:\/\/www.grupocondor.org\/index.php?rest_route=\/wp\/v2\/types\/post"}],"author":[{"embeddable":true,"href":"https:\/\/www.grupocondor.org\/index.php?rest_route=\/wp\/v2\/users\/7743"}],"replies":[{"embeddable":true,"href":"https:\/\/www.grupocondor.org\/index.php?rest_route=%2Fwp%2Fv2%2Fcomments&post=551"}],"version-history":[{"count":2,"href":"https:\/\/www.grupocondor.org\/index.php?rest_route=\/wp\/v2\/posts\/551\/revisions"}],"predecessor-version":[{"id":994,"href":"https:\/\/www.grupocondor.org\/index.php?rest_route=\/wp\/v2\/posts\/551\/revisions\/994"}],"wp:featuredmedia":[{"embeddable":true,"href":"https:\/\/www.grupocondor.org\/index.php?rest_route=\/wp\/v2\/media\/553"}],"wp:attachment":[{"href":"https:\/\/www.grupocondor.org\/index.php?rest_route=%2Fwp%2Fv2%2Fmedia&parent=551"}],"wp:term":[{"taxonomy":"category","embeddable":true,"href":"https:\/\/www.grupocondor.org\/index.php?rest_route=%2Fwp%2Fv2%2Fcategories&post=551"},{"taxonomy":"post_tag","embeddable":true,"href":"https:\/\/www.grupocondor.org\/index.php?rest_route=%2Fwp%2Fv2%2Ftags&post=551"}],"curies":[{"name":"wp","href":"https:\/\/api.w.org\/{rel}","templated":true}]}}