{"id":601,"date":"2011-02-26T12:27:13","date_gmt":"2011-02-26T12:27:13","guid":{"rendered":"http:\/\/webs.almeritek.com\/grupocondor.org\/?p=601"},"modified":"2015-01-14T14:57:23","modified_gmt":"2015-01-14T14:57:23","slug":"marcha-de-alta-montana-por-sierra-nevada-postero-alto-picon-de-jerez","status":"publish","type":"post","link":"https:\/\/www.grupocondor.org\/?p=601","title":{"rendered":"Marcha de Alta Monta\u00f1a por Sierra Nevada: Postero Alto &#8211; Pic\u00f3n de Jerez"},"content":{"rendered":"<p>El Parque Nacional de Sierra Nevada va a ser el escenario de este recorrido. Inici\u00e1ndose en el Refugio de Postero Alto (1.883 mts), enclave privilegiado de este espacio natural. Ascendiendo a uno de los tres miles m\u00e1s emblem\u00e1ticos, el Pic\u00f3n de Jerez (3.093 mts).<br \/>\nHay que superar un desnivel de m\u00e1s de 1.200 mts, a\u00f1adido a la nieve y el hielo configurar\u00e1n una Marcha de Alta Monta\u00f1a de gran belleza.<br \/>\nLa Loma de Enmedio, el Arroyo de Alhor\u00ed, nos acompa\u00f1ar\u00e1n durante una subida, no exenta de dificultad y en el que se tendr\u00e1 que realizar un importante esfuerzo.<br \/>\nSe regresar\u00e1 de nuevo al refugio, donde se pernoctar\u00e1.<br \/>\nAntes de hacer el ingreso es necesario contactar con el Coordinador de la Marcha, Paco Granados.<br \/>\nHora y lugar de salida, s\u00e1bado, 26 de febrero:<br \/>\nA las 06,00 horas. Desde Ballesol.<br \/>\nMaterial individual necesario:<br \/>\nPiolet, crampones, saco de dormir, botas de goretex o similar, y ropa abrigote nieve.<br \/>\nDescripci\u00f3n recorrido:<br \/>\n&#8211; Refugio Postero Alto \u2014 Pic\u00f3n de Jerez \u2014 Regreso.<br \/>\n&#8211; Longitud: 13 km.<br \/>\n&#8211; Tiempo estimado: 8 horas.<br \/>\n. Dificultad: Moderado\/Alto.<br \/>\n. Altura m\u00ednima: 1883 mts.<br \/>\n. Altura m\u00e1xima: 3.093 mts.<br \/>\n. Desnivel: 1.202 mts.<\/p>\n","protected":false},"excerpt":{"rendered":"<p>El Parque Nacional de Sierra Nevada va a ser el escenario de este recorrido. Inici\u00e1ndose en el Refugio de Postero Alto (1.883 mts), enclave privilegiado de este espacio natural. Ascendiendo a uno de los tres miles m\u00e1s emblem\u00e1ticos, el Pic\u00f3n de Jerez (3.093 mts). Hay que superar un desnivel de m\u00e1s de 1.200 mts, a\u00f1adido [&hellip;]<\/p>\n","protected":false},"author":7743,"featured_media":603,"comment_status":"open","ping_status":"open","sticky":false,"template":"","format":"standard","meta":{"_et_pb_use_builder":"","_et_pb_old_content":"","_et_gb_content_width":"","footnotes":""},"categories":[8,2],"tags":[],"class_list":["post-601","post","type-post","status-publish","format-standard","has-post-thumbnail","hentry","category-actividades","category-montanismo","et-has-post-format-content","et_post_format-et-post-format-standard"],"_links":{"self":[{"href":"https:\/\/www.grupocondor.org\/index.php?rest_route=\/wp\/v2\/posts\/601","targetHints":{"allow":["GET"]}}],"collection":[{"href":"https:\/\/www.grupocondor.org\/index.php?rest_route=\/wp\/v2\/posts"}],"about":[{"href":"https:\/\/www.grupocondor.org\/index.php?rest_route=\/wp\/v2\/types\/post"}],"author":[{"embeddable":true,"href":"https:\/\/www.grupocondor.org\/index.php?rest_route=\/wp\/v2\/users\/7743"}],"replies":[{"embeddable":true,"href":"https:\/\/www.grupocondor.org\/index.php?rest_route=%2Fwp%2Fv2%2Fcomments&post=601"}],"version-history":[{"count":1,"href":"https:\/\/www.grupocondor.org\/index.php?rest_route=\/wp\/v2\/posts\/601\/revisions"}],"predecessor-version":[{"id":604,"href":"https:\/\/www.grupocondor.org\/index.php?rest_route=\/wp\/v2\/posts\/601\/revisions\/604"}],"wp:featuredmedia":[{"embeddable":true,"href":"https:\/\/www.grupocondor.org\/index.php?rest_route=\/wp\/v2\/media\/603"}],"wp:attachment":[{"href":"https:\/\/www.grupocondor.org\/index.php?rest_route=%2Fwp%2Fv2%2Fmedia&parent=601"}],"wp:term":[{"taxonomy":"category","embeddable":true,"href":"https:\/\/www.grupocondor.org\/index.php?rest_route=%2Fwp%2Fv2%2Fcategories&post=601"},{"taxonomy":"post_tag","embeddable":true,"href":"https:\/\/www.grupocondor.org\/index.php?rest_route=%2Fwp%2Fv2%2Ftags&post=601"}],"curies":[{"name":"wp","href":"https:\/\/api.w.org\/{rel}","templated":true}]}}