{"id":619,"date":"2011-06-14T12:48:07","date_gmt":"2011-06-14T12:48:07","guid":{"rendered":"http:\/\/webs.almeritek.com\/grupocondor.org\/?p=619"},"modified":"2015-01-14T14:52:26","modified_gmt":"2015-01-14T14:52:26","slug":"iv-campamento-andaluz-de-montanismo-infantil-y-juvenil-en-postero-alto-jerez-del-marquesado","status":"publish","type":"post","link":"https:\/\/www.grupocondor.org\/?p=619","title":{"rendered":"IV Campamento Andaluz de Monta\u00f1ismo Infantil y Juvenil en Postero Alto (Jerez del Marquesado)"},"content":{"rendered":"<p>El Club de Monta\u00f1ismo C\u00f3ndor va a participar en este 4\u00ba Campamento Infantil y Juvenil, de la misma forma que ha participado en las Traves\u00edas, con j\u00f3venes y sus padres y madres.<\/p>\n<p>Es decir participar\u00e1n los infantiles y juveniles, socios\/as de C\u00f3ndor, y con tarjeta federativa en vigor.<\/p>\n<p>Deber\u00e1n inscribirse antes del 14 de Junio, seg\u00fan se expone en el programa que a continuaci\u00f3n se detalla.<\/p>\n<p>Para m\u00e1s informaci\u00f3n, Club de Monta\u00f1ismo C\u00f3ndor, tel\u00e9fono 950\/25.53.78, de 18,00 a 20,00 h.<\/p>\n<p><strong>Documentos Adjuntos:<\/strong><\/p>\n<p><a href=\"http:\/\/webs.almeritek.com\/grupocondor.org\/wp-content\/uploads\/2015\/01\/Programa-4\u00ba-Campamento-Inf-Juv-Postero-Alto-2011.pdf\">Programa 4\u00ba Campamento Inf-Juv Postero Alto 2011<\/a><\/p>\n","protected":false},"excerpt":{"rendered":"<p>El Club de Monta\u00f1ismo C\u00f3ndor va a participar en este 4\u00ba Campamento Infantil y Juvenil, de la misma forma que ha participado en las Traves\u00edas, con j\u00f3venes y sus padres y madres. Es decir participar\u00e1n los infantiles y juveniles, socios\/as de C\u00f3ndor, y con tarjeta federativa en vigor. Deber\u00e1n inscribirse antes del 14 de Junio, [&hellip;]<\/p>\n","protected":false},"author":7743,"featured_media":622,"comment_status":"open","ping_status":"open","sticky":false,"template":"","format":"standard","meta":{"_et_pb_use_builder":"","_et_pb_old_content":"","_et_gb_content_width":"","footnotes":""},"categories":[8,2],"tags":[],"class_list":["post-619","post","type-post","status-publish","format-standard","has-post-thumbnail","hentry","category-actividades","category-montanismo","et-has-post-format-content","et_post_format-et-post-format-standard"],"_links":{"self":[{"href":"https:\/\/www.grupocondor.org\/index.php?rest_route=\/wp\/v2\/posts\/619","targetHints":{"allow":["GET"]}}],"collection":[{"href":"https:\/\/www.grupocondor.org\/index.php?rest_route=\/wp\/v2\/posts"}],"about":[{"href":"https:\/\/www.grupocondor.org\/index.php?rest_route=\/wp\/v2\/types\/post"}],"author":[{"embeddable":true,"href":"https:\/\/www.grupocondor.org\/index.php?rest_route=\/wp\/v2\/users\/7743"}],"replies":[{"embeddable":true,"href":"https:\/\/www.grupocondor.org\/index.php?rest_route=%2Fwp%2Fv2%2Fcomments&post=619"}],"version-history":[{"count":1,"href":"https:\/\/www.grupocondor.org\/index.php?rest_route=\/wp\/v2\/posts\/619\/revisions"}],"predecessor-version":[{"id":623,"href":"https:\/\/www.grupocondor.org\/index.php?rest_route=\/wp\/v2\/posts\/619\/revisions\/623"}],"wp:featuredmedia":[{"embeddable":true,"href":"https:\/\/www.grupocondor.org\/index.php?rest_route=\/wp\/v2\/media\/622"}],"wp:attachment":[{"href":"https:\/\/www.grupocondor.org\/index.php?rest_route=%2Fwp%2Fv2%2Fmedia&parent=619"}],"wp:term":[{"taxonomy":"category","embeddable":true,"href":"https:\/\/www.grupocondor.org\/index.php?rest_route=%2Fwp%2Fv2%2Fcategories&post=619"},{"taxonomy":"post_tag","embeddable":true,"href":"https:\/\/www.grupocondor.org\/index.php?rest_route=%2Fwp%2Fv2%2Ftags&post=619"}],"curies":[{"name":"wp","href":"https:\/\/api.w.org\/{rel}","templated":true}]}}