{"id":667,"date":"2011-12-27T10:56:20","date_gmt":"2011-12-27T10:56:20","guid":{"rendered":"http:\/\/webs.almeritek.com\/grupocondor.org\/?p=667"},"modified":"2015-01-14T14:35:30","modified_gmt":"2015-01-14T14:35:30","slug":"juan-jose-alonso-concejal-de-deportes-entrega-las-credenciales-de-tecnicos-deportivos-a-miembros-del-club-condor","status":"publish","type":"post","link":"https:\/\/www.grupocondor.org\/?p=667","title":{"rendered":"Juan Jos\u00e9 Alonso, Concejal de Deportes, entrega las credenciales de T\u00e9cnicos Deportivos a miembros del Club C\u00f3ndor"},"content":{"rendered":"<p>Juan Jos\u00e9 Alonso, Concejal de Deportes, Turismo y Cultura del Ayuntamiento de Almer\u00eda ha mantenido el jueves, 1 de diciembre, una reuni\u00f3n con el Grupo de Monitores del Club de Monta\u00f1ismo C\u00f3ndor.<\/p>\n<p>En dicha reuni\u00f3 han hablado sobre la marcha de la Escuela Municipal de Monta\u00f1ismo, iniciada en el mes de septiembre con un Campamento en el Refugio de Ubeire, y que ha continuado con diversos Cursos de Iniciaci\u00f3n al Monta\u00f1ismo y a la Orientaci\u00f3n, as\u00ed como un Itinerario por el Paraje Natural del Desierto de Tabernas. Igualmente se ha expuesto el programa que se va a desarrollar hasta que acabe este curso escolar.<\/p>\n<p>Todas las actividades programadas recogen las diferentes facetas que engloba el monta\u00f1ismo: el excursionismo, la orientaci\u00f3n, la escalada y el rapel, la educaci\u00f3n ambiental, la seguridad y los primeros auxilios. Y se conocer\u00e1n parajes como Sierra Alhamilla, Deiserto de Tabernas, Sierra Nevada, Parque Natural de Cabo de Gata, Parque Ambiental de El Boticario, etc\u2026\u2026 Realizandose clases te\u00f3ricas en los diferentes centros escolares y en la sede del Club C\u00f3ndor.<\/p>\n<p>Entre otros Centros Escolares hay que resaltar la participaci\u00f3n de los siguientes: IES Azcona, CEIP San Fernando, IES Nicol\u00e1s Salmer\u00f3n, CEIP Mar Mediterr\u00e1neo, CEIP Nueva Almer\u00eda, Colegio Virgen del Mar, IES Galileo, y el Colegio Los Franciscanos. Los cuales van a ser el motor de esta Escuela Municipal de Monta\u00f1ismo.<\/p>\n<p>Entrega de credenciales de T\u00e9cnicos Deportivos y de Monitor de Club a los miembros del Club de Monta\u00f1ismo C\u00f3ndor<\/p>\n<p>Juan Jos\u00e9 Alonso ha presidido la entrega de las credenciales de la Escuela Andaluza de Alta Monta\u00f1a a los miembros del Club de Monta\u00f1ismo C\u00f3ndor, siendo las siguientes:<\/p>\n<p>De T\u00e9cnicos Deportivos de Alta Monta\u00f1a y Escalada, Nivel II a: Juan Pedro Gonz\u00e1lez, Manuel M\u00e1rquez, Francisco Ruiz, Fernando Granados y Manuel Gonz\u00e1lez.<\/p>\n<p>De T\u00e9cnico Deportivo de Monta\u00f1ismo, Nivel I, a: Mar\u00eda del Carmen Pe\u00f1a.<\/p>\n<p>De Monitor Colaborador de Club, en la modalidad de \u201cMonta\u00f1ismo\u201d, a: Francisco Granados, Antonio Le\u00f3n, Juan Francisco Garc\u00eda, Domingo Ib\u00e1\u00f1ez, y Susana S\u00e1nchez.<\/p>\n<p>El Concejal ha mostrado su satisfacci\u00f3n de c\u00f3mo se est\u00e1 desarrollando la Escuela de Monta\u00f1ismo, y ha resaltado la labor que est\u00e1 realizando el Club de Monta\u00f1ismo C\u00f3ndor desde hace treinta y cinco a\u00f1os. Una labor continuada en la promoci\u00f3n y pr\u00e1ctica de los deportes de monta\u00f1a.<\/p>\n<p>Posteriormente se ha llevado a cabo una \u201cproyecci\u00f3n de diapositivas\u201d de diversas actividades realizadas en 1.989, que ha servido para recordar una parte de lo realizado, y de c\u00f3mo ininterrumpidamente un grupo de personas han mantenido vivo el mundo asociativo.<\/p>\n<p>Como final de este interesante encuentro se ha proyectado el video de la actividad realizada a Escocia el pasado mes de octubre, en donde un grupo de C\u00f3ndor ha conocido una serie de parajes de gran belleza, ascendiendo al pico de Ben Nevis, con 1.344 mts de altura, cumbre m\u00e1s alta del Reino Unido.<\/p>\n<p><a href=\"http:\/\/webs.almeritek.com\/grupocondor.org\/wp-content\/uploads\/2015\/01\/Juanjo-entrega-la-credencial-al-T\u00e9cnico-Deportivo-m\u00e1s-veterano-Fernando-Granados.jpg\"><img loading=\"lazy\" decoding=\"async\" class=\"aligncenter size-full wp-image-668\" src=\"http:\/\/webs.almeritek.com\/grupocondor.org\/wp-content\/uploads\/2015\/01\/Juanjo-entrega-la-credencial-al-T\u00e9cnico-Deportivo-m\u00e1s-veterano-Fernando-Granados.jpg\" alt=\"Juanjo entrega la credencial al T\u00e9cnico Deportivo m\u00e1s veterano, Fernando Granados\" width=\"619\" height=\"480\" srcset=\"https:\/\/www.grupocondor.org\/wp-content\/uploads\/2015\/01\/Juanjo-entrega-la-credencial-al-T\u00e9cnico-Deportivo-m\u00e1s-veterano-Fernando-Granados.jpg 619w, https:\/\/www.grupocondor.org\/wp-content\/uploads\/2015\/01\/Juanjo-entrega-la-credencial-al-T\u00e9cnico-Deportivo-m\u00e1s-veterano-Fernando-Granados-300x233.jpg 300w\" sizes=\"(max-width: 619px) 100vw, 619px\" \/><\/a><\/p>\n","protected":false},"excerpt":{"rendered":"<p>Juan Jos\u00e9 Alonso, Concejal de Deportes, Turismo y Cultura del Ayuntamiento de Almer\u00eda ha mantenido el jueves, 1 de diciembre, una reuni\u00f3n con el Grupo de Monitores del Club de Monta\u00f1ismo C\u00f3ndor. En dicha reuni\u00f3 han hablado sobre la marcha de la Escuela Municipal de Monta\u00f1ismo, iniciada en el mes de septiembre con un Campamento [&hellip;]<\/p>\n","protected":false},"author":7743,"featured_media":670,"comment_status":"open","ping_status":"open","sticky":false,"template":"","format":"standard","meta":{"_et_pb_use_builder":"","_et_pb_old_content":"","_et_gb_content_width":"","footnotes":""},"categories":[2,10],"tags":[],"class_list":["post-667","post","type-post","status-publish","format-standard","has-post-thumbnail","hentry","category-montanismo","category-noticias","et-has-post-format-content","et_post_format-et-post-format-standard"],"_links":{"self":[{"href":"https:\/\/www.grupocondor.org\/index.php?rest_route=\/wp\/v2\/posts\/667","targetHints":{"allow":["GET"]}}],"collection":[{"href":"https:\/\/www.grupocondor.org\/index.php?rest_route=\/wp\/v2\/posts"}],"about":[{"href":"https:\/\/www.grupocondor.org\/index.php?rest_route=\/wp\/v2\/types\/post"}],"author":[{"embeddable":true,"href":"https:\/\/www.grupocondor.org\/index.php?rest_route=\/wp\/v2\/users\/7743"}],"replies":[{"embeddable":true,"href":"https:\/\/www.grupocondor.org\/index.php?rest_route=%2Fwp%2Fv2%2Fcomments&post=667"}],"version-history":[{"count":1,"href":"https:\/\/www.grupocondor.org\/index.php?rest_route=\/wp\/v2\/posts\/667\/revisions"}],"predecessor-version":[{"id":671,"href":"https:\/\/www.grupocondor.org\/index.php?rest_route=\/wp\/v2\/posts\/667\/revisions\/671"}],"wp:featuredmedia":[{"embeddable":true,"href":"https:\/\/www.grupocondor.org\/index.php?rest_route=\/wp\/v2\/media\/670"}],"wp:attachment":[{"href":"https:\/\/www.grupocondor.org\/index.php?rest_route=%2Fwp%2Fv2%2Fmedia&parent=667"}],"wp:term":[{"taxonomy":"category","embeddable":true,"href":"https:\/\/www.grupocondor.org\/index.php?rest_route=%2Fwp%2Fv2%2Fcategories&post=667"},{"taxonomy":"post_tag","embeddable":true,"href":"https:\/\/www.grupocondor.org\/index.php?rest_route=%2Fwp%2Fv2%2Ftags&post=667"}],"curies":[{"name":"wp","href":"https:\/\/api.w.org\/{rel}","templated":true}]}}