{"id":689,"date":"2012-03-04T11:57:16","date_gmt":"2012-03-04T11:57:16","guid":{"rendered":"http:\/\/webs.almeritek.com\/grupocondor.org\/?p=689"},"modified":"2015-01-14T13:52:42","modified_gmt":"2015-01-14T13:52:42","slug":"iii-travesia-joven-de-montilla-2012-cordoba","status":"publish","type":"post","link":"https:\/\/www.grupocondor.org\/?p=689","title":{"rendered":"III Traves\u00eda Joven de Montilla 2012 (C\u00f3rdoba)"},"content":{"rendered":"<p>Prueba valedera para la COPA ANDALUZA DE TRAVESIAS INFANTIL-JUVENIL 2012<\/p>\n<p>Ya est\u00e1 colgada toda la informaci\u00f3n de la Traves\u00eda Infantil de Montilla (Cordoba) en nuestra p\u00e1gina web.<\/p>\n<p><a title=\"http:\/\/www.piedraluenga.com\/\" href=\"http:\/\/www.piedraluenga.com\/\">http:\/\/www.piedraluenga.com\/<\/a><\/p>\n<p>El plazo de inscripciones ser\u00e1 del 4 al 20 de marzo.<\/p>\n<p>INFORMACI\u00d3N<br \/>\nLUGAR Y FECHA DE CELEBRACI\u00d3N: MONTILLA &#8211; 24 MARZO 2012.<br \/>\nRECEPCI\u00d3N: 8:30 HORAS ANTIGUAS NAVES DE CIATESA.<br \/>\nHORA DE SALIDA: 9:30 HORAS.<br \/>\nHORA DE LLEGADA: 14:00 HORAS.<br \/>\nKIL\u00d3METROS DE LA PRUEBA: 10kms(Infantiles)\/13 kms(Juveniles).<\/p>\n<p>Se ofrecer\u00e1 un desayuno antes de la salida. Durante el recorrido habr\u00e1 avituallamientos de fruta, bebida y frutos secos. Comida final con bebida para todos los participantes.<\/p>\n<p>Entrega de obsequio a todos los participantes.<br \/>\nLa organizaci\u00f3n pondr\u00e1 a disposici\u00f3n de los participantes y acompa\u00f1antes que lo soliciten, un pabell\u00f3n para la noche del viernes 23 de marzo, debiendo cada participante traer su esterillo y saco de dormir correspondiente. Para ello en la inscripci\u00f3n deber\u00e1 indicarlo expresamente.<\/p>\n<p>INSCRIPCIONES<br \/>\nFEDERADOS: 9 \u20ac (del 4 al 20 de marzo)<br \/>\n(la tarjeta federativa se pedir\u00e1 en la recepci\u00f3n)<br \/>\nNO FEDERADOS: 12 \u20ac (del 9 al 20 de marzo)<\/p>\n<p>Se deber\u00e1n inscribir tanto los participantes infantiles y juveniles como los mayores a su cargo que participar\u00e1n en el recorrido. Rellenar el siguiente formulario con los datos de cada uno de los participantes, una vez que nos lleguen les responderemos con el n\u00famero de cuenta donde deber\u00e1n ingresar la inscripci\u00f3n, por eso es importante facilitar una direcci\u00f3n de correo electr\u00f3nico o un n\u00famero de tel\u00e9fono para poder contactaros. M\u00e1s abajo encontrar\u00e9is informaci\u00f3n sobre la inscripci\u00f3n en grupo.<\/p>\n<p>REGLAMENTO<br \/>\n&#8211; Se dar\u00e1 prioridad a los participantes que est\u00e9n federados.<br \/>\n&#8211; La inscripci\u00f3n s\u00f3lo se podr\u00e1 hacer a trav\u00e9s de nuestra web <a title=\"http:\/\/www.piedraluenga.com\" href=\"http:\/\/www.piedraluenga.com\/\">http:\/\/www.piedraluenga.com<\/a><br \/>\n&#8211; La participaci\u00f3n estar\u00e1 limitada a 100 personas. Siendo ampliable seg\u00fan lo estime la organizaci\u00f3n y siempre que no modifique las caracter\u00edsticas propias de la prueba.<br \/>\n&#8211; Se requiere una buena condici\u00f3n f\u00edsica, equipamiento adecuado para lluvia y viento.<br \/>\n&#8211; Los participantes deber\u00e1n firmar con antelaci\u00f3n una declaraci\u00f3n en el que se har\u00e1 constar que no poseen ninguna circunstancia que le impida la realizaci\u00f3n normal de la ruta.<br \/>\n&#8211; Podr\u00e1n participar federados y no federados.<br \/>\n&#8211; Se levantar\u00e1 acta de los participantes y se har\u00e1 constar relaci\u00f3n de finalistas y de abandonos.<br \/>\n&#8211; En la recepci\u00f3n ser\u00e1 obligatoria, la presentaci\u00f3n del D.N.I. junto con la tarjeta federativa de monta\u00f1a en vigor.<br \/>\n&#8211; La edad para participar ser\u00e1 de 8 a 17 a\u00f1os siempre que vengan acompa\u00f1ados de sus padres o tutores. Menores de 8 a\u00f1os bajo la supervisi\u00f3n de un adulto.<br \/>\n&#8211; No se tendr\u00e1 derecho a la devoluci\u00f3n del importe de inscripci\u00f3n despu\u00e9s de la 20:30 h. de d\u00eda 20 de Marzo.<br \/>\n&#8211; Miembros de la organizaci\u00f3n marcar\u00e1n el ritmo de marcha para garantizar el horario previsto. Ning\u00fan marchador lo sobrepasar\u00e1. Habr\u00e1 v\u00edas de escape para aquellos que deseen abandonar la prueba.<br \/>\n&#8211; La organizaci\u00f3n proporcionar\u00e1 desayuno a la salida, agua en puntos del recorrido, as\u00ed como, varios avituallamientos y una comida final al terminar la prueba. Pero cada uno es responsable de su hidrataci\u00f3n.<br \/>\n&#8211; El itinerario est\u00e1 exento de dificultad t\u00e9cnica y para evitar riesgo de p\u00e9rdida se balizar\u00e1 alg\u00fan tramo del recorrido. En caso de que el n\u00famero de participantes Juveniles sea suficientemente alto, su recorrido se ampliar\u00e1 varios kil\u00f3metros m\u00e1s que el de los Infantiles, en caso contrario los participantes Juveniles terminar\u00e1n la prueba junto con los Infantiles. Tanto Infantiles como Juveniles comenzar\u00e1n la prueba juntos.<br \/>\n&#8211; Habr\u00e1 asistencia sanitaria y coches de apoyo.<br \/>\n&#8211; La prueba, si la organizaci\u00f3n lo ve conveniente, podr\u00e1 ser suspendida por mal tiempo.<br \/>\n&#8211; La organizaci\u00f3n se reserva el derecho de modificar tanto el recorrido como el presente reglamento si por alg\u00fan motivo fuese necesario.<br \/>\n&#8211; La participaci\u00f3n en esta prueba conlleva la aceptaci\u00f3n del presente reglamento<\/p>\n","protected":false},"excerpt":{"rendered":"<p>Prueba valedera para la COPA ANDALUZA DE TRAVESIAS INFANTIL-JUVENIL 2012 Ya est\u00e1 colgada toda la informaci\u00f3n de la Traves\u00eda Infantil de Montilla (Cordoba) en nuestra p\u00e1gina web. http:\/\/www.piedraluenga.com\/ El plazo de inscripciones ser\u00e1 del 4 al 20 de marzo. INFORMACI\u00d3N LUGAR Y FECHA DE CELEBRACI\u00d3N: MONTILLA &#8211; 24 MARZO 2012. RECEPCI\u00d3N: 8:30 HORAS ANTIGUAS NAVES [&hellip;]<\/p>\n","protected":false},"author":7743,"featured_media":691,"comment_status":"open","ping_status":"open","sticky":false,"template":"","format":"standard","meta":{"_et_pb_use_builder":"","_et_pb_old_content":"","_et_gb_content_width":"","footnotes":""},"categories":[8,2],"tags":[],"class_list":["post-689","post","type-post","status-publish","format-standard","has-post-thumbnail","hentry","category-actividades","category-montanismo","et-has-post-format-content","et_post_format-et-post-format-standard"],"_links":{"self":[{"href":"https:\/\/www.grupocondor.org\/index.php?rest_route=\/wp\/v2\/posts\/689","targetHints":{"allow":["GET"]}}],"collection":[{"href":"https:\/\/www.grupocondor.org\/index.php?rest_route=\/wp\/v2\/posts"}],"about":[{"href":"https:\/\/www.grupocondor.org\/index.php?rest_route=\/wp\/v2\/types\/post"}],"author":[{"embeddable":true,"href":"https:\/\/www.grupocondor.org\/index.php?rest_route=\/wp\/v2\/users\/7743"}],"replies":[{"embeddable":true,"href":"https:\/\/www.grupocondor.org\/index.php?rest_route=%2Fwp%2Fv2%2Fcomments&post=689"}],"version-history":[{"count":1,"href":"https:\/\/www.grupocondor.org\/index.php?rest_route=\/wp\/v2\/posts\/689\/revisions"}],"predecessor-version":[{"id":696,"href":"https:\/\/www.grupocondor.org\/index.php?rest_route=\/wp\/v2\/posts\/689\/revisions\/696"}],"wp:featuredmedia":[{"embeddable":true,"href":"https:\/\/www.grupocondor.org\/index.php?rest_route=\/wp\/v2\/media\/691"}],"wp:attachment":[{"href":"https:\/\/www.grupocondor.org\/index.php?rest_route=%2Fwp%2Fv2%2Fmedia&parent=689"}],"wp:term":[{"taxonomy":"category","embeddable":true,"href":"https:\/\/www.grupocondor.org\/index.php?rest_route=%2Fwp%2Fv2%2Fcategories&post=689"},{"taxonomy":"post_tag","embeddable":true,"href":"https:\/\/www.grupocondor.org\/index.php?rest_route=%2Fwp%2Fv2%2Ftags&post=689"}],"curies":[{"name":"wp","href":"https:\/\/api.w.org\/{rel}","templated":true}]}}