{"id":847,"date":"2014-02-20T19:14:58","date_gmt":"2014-02-20T19:14:58","guid":{"rendered":"http:\/\/webs.almeritek.com\/grupocondor.org\/?p=847"},"modified":"2015-08-17T19:34:14","modified_gmt":"2015-08-17T19:34:14","slug":"50-aniversario-de-la-federacion-andaluza-de-montanismo","status":"publish","type":"post","link":"https:\/\/www.grupocondor.org\/?p=847","title":{"rendered":"50 Aniversario de la Federaci\u00f3n Andaluza de Monta\u00f1ismo"},"content":{"rendered":"<p>La Federaci\u00f3n Andaluza de Monta\u00f1ismo celebra en 2013 su 50 aniversario con motivo de su fundaci\u00f3n en febrero de 1963<\/p>\n<p>El \u2018germen\u2019 del monta\u00f1ismo exist\u00eda \u2018desde siempre\u2019 en los grandes montes y sierras andaluzas. Sus habitantes ten\u00edan que subir a sus cumbres para realizar acciones que eran necesarias. El esqu\u00ed tambi\u00e9n \u2018penetraba\u2019 en Sierra Nevada en los primeros a\u00f1os del siglo XX. Sin embargo, no fue hasta 1963 cuando Andaluc\u00eda pudo, por fin, contar con una Federaci\u00f3n propia, independiente del esqu\u00ed y colaborando directamente con la Espa\u00f1ola, bajo cuya supervisi\u00f3n trabajaba, tras un largo y tortuoso camino, llego de ilusionante trabajo y decepcionantes negativas, en el que los deportistas de esta Comunidad Aut\u00f3noma no se detuvieron hasta conseguir su objetivo, tenacidad que ha sido siempre caracter\u00edstica del monta\u00f1ero andaluz, y que queda plasmada en grandes odiseas de sus deportistas y clubes.<\/p>\n<p>La iniciativa surg\u00eda del club andaluz m\u00e1s veterano, la Sociedad Sierra Nevada, que se fund\u00f3 en 1912. Desde 1945 se solicit\u00f3 la formaci\u00f3n de una Federaci\u00f3n propia para \u201csalvar la ausencia de organizaci\u00f3n en una zona tan destacada\u201d. La Federaci\u00f3n Espa\u00f1ola de Monta\u00f1ismo (FEM) deneg\u00f3, de forma r\u00edgida, la petici\u00f3n, afirmando que \u201ces imposible otorgar la federaci\u00f3n regional pues no existe en la FEM tal organizaci\u00f3n burocr\u00e1tica salvo, por su importancia, las delegaciones regionales catalana y vasco-navarra\u201d. La Sociedad hab\u00eda solicitado la pertenencia a la Espa\u00f1ola, proponiente a Jos\u00e9 Espada para la entidad que deb\u00eda representar a los monta\u00f1eros andaluces.<\/p>\n<p>El monta\u00f1ismo hab\u00eda sufrido, como todos los sectores de la sociedad, un duro varapalo con la guerra, que hab\u00eda reducido a la m\u00ednima expresi\u00f3n todo el trabajo que se habi\u00e1 realizado durante a\u00f1os. El conflicto hab\u00eda destrozado albergues y refugios, y los monta\u00f1eros hab\u00edan detenido su actividad, por lo que parec\u00eda complicado su retorno. Sin embargo, lentamente, comenzaron a moverse.<\/p>\n<p>En 1951, tras seis a\u00f1os de negativas, la Federaci\u00f3n Espa\u00f1ola nombraba al presidente de la secci\u00f3n de monta\u00f1a de la Sociedad Sierra Nevada, Alejandro Melgarejo P\u00e9rez, representante en la Regi\u00f3n Andaluza, \u201ccon atribuciones delegadas e informativas en las pruebas deportivas y la constituci\u00f3n de nuevos grupos monta\u00f1eros en otras poblaciones de cualquiera de las provincias del sur\u201d. Seis a\u00f1os m\u00e1s tarde, le relevaba Antonio Lizancos, que form\u00f3 un gran equipo con Carlos V\u00e1zquez que llev\u00f3 a la actividad monta\u00f1era a sus m\u00e1s altas cotas conocidas en la Delegaci\u00f3n Regional Andaluza y convirti\u00e9ndose en \u2018germen\u2019 del desarrollo del monta\u00f1ismo andaluz en la d\u00e9cada de los 60 en Andaluc\u00eda. Su trabajo fue, tambi\u00e9n, el inicio del proceso que termin\u00f3 en autorizaci\u00f3n de una Federaci\u00f3n Regional Andaluza.<\/p>\n<p>As\u00ed, en 1961, Jos\u00e9 Mart\u00edn Aivar, de \u2018Educaci\u00f3n y Descanso\u2019, recib\u00eda el nombramiento de delegado regional de la Federaci\u00f3n Andaluza. El gran objetivo que los monta\u00f1eros andaluces reivindicaban durante los \u00faltimos 16 se ve\u00eda ya pr\u00f3ximo. Y se observaban los \u2018s\u00edntomas\u2019, con la creaci\u00f3n de la Escuela de Alta Monta\u00f1a Andaluza, los Grupos de Salvamento y el Cuerpo de Gu\u00edas Monta\u00f1eros y la organizaci\u00f3n de los cursos de escalada en hielo y roca, entre otros. Tambi\u00e9n el Plan de Refugios en Sierra Nevada, que se convert\u00eda en un gran est\u00edmulo, ante la grata acogida que le ofrecieron los medios oficiales. El grupo din\u00e1mico de dirigentes que promueven todas estas alternativas tambi\u00e9n ejerce otra labor, la de comenzar a captar a los monta\u00f1eros m\u00e1s activos para constituir los comit\u00e9s de marchas, campamentos, refugios y espeleolog\u00eda. Se incorporan tambi\u00e9n otras entidades monta\u00f1eras y se crean las condiciones id\u00f3neas para que, finamente, la Federaci\u00f3n sea una realidad. Y as\u00ed fue. La FEM decidi\u00f3 conceder la autorizaci\u00f3n para que se constituyera una Federaci\u00f3n Regional de Monta\u00f1ismo, tras el progreso mostrado por sus deportistas. Andaluc\u00eda se un\u00eda al grupo que formaban Catalu\u00f1a y Pa\u00eds Vasco. Corr\u00eda el a\u00f1o 1963.<\/p>\n<p>La Espa\u00f1ola manten\u00eda al frente de la nueva instituci\u00f3n al hombre que la estaba comandando en los \u00faltimos dos a\u00f1os, a Mart\u00edn Aivar, primer andaluz que ocup\u00f3 el cargo de presidente de la Federaci\u00f3n de Monta\u00f1ismo de su Regi\u00f3n. El nombramiento se hac\u00eda oficial el 20 de febrero de 1963. Se ponen en uso los refugios del Patrimonio Forestal en Sierra Nevada, ante el alborozo de los monta\u00f1eros, y los proyectos experimentan un renovado vigor. Este momento forma ya parte de la historia del deporte en Andaluc\u00eda y Espa\u00f1a y coincide con la XXV Semana Deportiva de Sierra Nevada y los actos conmemorativos del 50 Aniversario de la Sociedad Sierra Nevada.<\/p>\n<p>Tras la aclamada fundaci\u00f3n de la Federaci\u00f3n Andaluza, llega su primera asamblea, que se celebra en Granada, el 12 de diciembre de 1963, y en la que se reunieron los integrantes de la Junta directiva y los dirigentes de los seis clubes asociados, en la que fue una brillante y numerosa participaci\u00f3n. En esta primera asamblea ya se aprob\u00f3 que se dotara a todos los socios de los clubes de tarjeta federativa, que les permitiera acogerse a las ventajas para asistir a los cursos de formaci\u00f3n y al uso de refugios.<\/p>\n<p>La Sociedad Sierra Nevada, Educaci\u00f3n y Descanso, el Club Monta\u00f1ero de Estudiantes y el Grupo Juvenil de Monta\u00f1a presentaron ponencias para que la flamante Federaci\u00f3n Andaluza las trasladara al Pleno de la Asamblea Nacional de la FEM. Entrada creada por <span style=\"color: #333333;\"><a style=\"color: #333333;\" href=\"&quot;http:\/\/nachobenavides.com\/\">Nacho Benavides<\/a>\u00a0y<\/span>\u00a0la joven instituci\u00f3n comenzaba a andar, a progresar, mejorar d\u00eda a d\u00eda para convertirse en la gran entidad que es ahora, con m\u00e1s de 11.000 federados, superando los 300 clubes y destacando por los brillantes resultados en carreras por monta\u00f1a.<\/p>\n<p>A Jos\u00e9 Mart\u00edn Aivar le sucedieron como presidentes Aurelio del Castillo Amaro, en 1978; Francisco Olmedo Roelas, en 1982; Mariano Cruz Fajardo, en 1986; Miguel \u00c1ngel Jim\u00e9nez Guti\u00e9rrez, en 1990; Jos\u00e9 Dur\u00e1n Carmona, en 1992, y que, con cuatro mandatos, es el presidente que ha ejercido m\u00e1s tiempo esta responsabilidad en la FAM; y David Beltr\u00e1n S\u00e1nchez le sucede en 2008, hasta hace unos d\u00edas, que Julio Perea Ca\u00f1as toma el relevo en la Federaci\u00f3n.<\/p>\n<p>Ahora, 50 a\u00f1os m\u00e1s tarde, la actual junta directiva es el \u00faltimo eslab\u00f3n de esta sucesiva secuencia de responsables federativos y prepara un amplio programa de actividades, en las ocho provincias andaluzas, donde se homenajear\u00e1 a aquellos que lo dieron todo, desinteresadamente, para que la Federaci\u00f3n llegara a la posici\u00f3n en la que se encuentra ahora.<\/p>\n<p>ENLACE PARA MAS INFORMACI\u00d3N:<br \/>\n<a title=\"http:\/\/www.fedamon.com\/?q=content\/50-aniversario\" href=\"http:\/\/www.fedamon.com\/?q=content\/50-aniversario\" target=\"blank\" rel=\"nofollow\">http:\/\/www.fedamon.com\/?q=content\/50-aniversario<\/a><\/p>\n","protected":false},"excerpt":{"rendered":"<p>La Federaci\u00f3n Andaluza de Monta\u00f1ismo celebra en 2013 su 50 aniversario con motivo de su fundaci\u00f3n en febrero de 1963 El \u2018germen\u2019 del monta\u00f1ismo exist\u00eda \u2018desde siempre\u2019 en los grandes montes y sierras andaluzas. Sus habitantes ten\u00edan que subir a sus cumbres para realizar acciones que eran necesarias. El esqu\u00ed tambi\u00e9n \u2018penetraba\u2019 en Sierra Nevada [&hellip;]<\/p>\n","protected":false},"author":7743,"featured_media":849,"comment_status":"open","ping_status":"open","sticky":false,"template":"","format":"standard","meta":{"_et_pb_use_builder":"","_et_pb_old_content":"","_et_gb_content_width":"","footnotes":""},"categories":[2,10],"tags":[],"class_list":["post-847","post","type-post","status-publish","format-standard","has-post-thumbnail","hentry","category-montanismo","category-noticias","et-has-post-format-content","et_post_format-et-post-format-standard"],"_links":{"self":[{"href":"https:\/\/www.grupocondor.org\/index.php?rest_route=\/wp\/v2\/posts\/847","targetHints":{"allow":["GET"]}}],"collection":[{"href":"https:\/\/www.grupocondor.org\/index.php?rest_route=\/wp\/v2\/posts"}],"about":[{"href":"https:\/\/www.grupocondor.org\/index.php?rest_route=\/wp\/v2\/types\/post"}],"author":[{"embeddable":true,"href":"https:\/\/www.grupocondor.org\/index.php?rest_route=\/wp\/v2\/users\/7743"}],"replies":[{"embeddable":true,"href":"https:\/\/www.grupocondor.org\/index.php?rest_route=%2Fwp%2Fv2%2Fcomments&post=847"}],"version-history":[{"count":5,"href":"https:\/\/www.grupocondor.org\/index.php?rest_route=\/wp\/v2\/posts\/847\/revisions"}],"predecessor-version":[{"id":1787,"href":"https:\/\/www.grupocondor.org\/index.php?rest_route=\/wp\/v2\/posts\/847\/revisions\/1787"}],"wp:featuredmedia":[{"embeddable":true,"href":"https:\/\/www.grupocondor.org\/index.php?rest_route=\/wp\/v2\/media\/849"}],"wp:attachment":[{"href":"https:\/\/www.grupocondor.org\/index.php?rest_route=%2Fwp%2Fv2%2Fmedia&parent=847"}],"wp:term":[{"taxonomy":"category","embeddable":true,"href":"https:\/\/www.grupocondor.org\/index.php?rest_route=%2Fwp%2Fv2%2Fcategories&post=847"},{"taxonomy":"post_tag","embeddable":true,"href":"https:\/\/www.grupocondor.org\/index.php?rest_route=%2Fwp%2Fv2%2Ftags&post=847"}],"curies":[{"name":"wp","href":"https:\/\/api.w.org\/{rel}","templated":true}]}}