{"id":882,"date":"2013-09-13T02:08:10","date_gmt":"2013-09-13T02:08:10","guid":{"rendered":"http:\/\/webs.almeritek.com\/grupocondor.org\/?p=882"},"modified":"2015-01-14T03:05:19","modified_gmt":"2015-01-14T03:05:19","slug":"condor-participa-en-el-i-seminario-de-seguridad-y-responsabilidad-en-deportes-de-montana-celebrado-en-zaragoza","status":"publish","type":"post","link":"https:\/\/www.grupocondor.org\/?p=882","title":{"rendered":"C\u00f3ndor participa en el I Seminario de Seguridad y Responsabilidad en Deportes de Monta\u00f1a celebrado en Zaragoza"},"content":{"rendered":"<p>Se han vivido dos intensos d\u00edas de formaci\u00f3n, reflexi\u00f3n y debate sobre los principales temas que preocupan al colectivo monta\u00f1ero.<\/p>\n<p>Con la presencia de 25 participantes provenientes de 10 comunidades aut\u00f3nomas (Galicia, Comunidad Valenciana, Euskadi, Murcia, Navarra, Cantabria, Castilla-Le\u00f3n, Andaluc\u00eda, Catalunya y Arag\u00f3n) se celebr\u00f3 en Zaragoza los pasados d\u00edas 12 y 13 de septiembre el I Seminario sobre Seguridad y Responsabilidad en Deportes de Monta\u00f1a.<br \/>\nOrganizado por la Universidad de Zaragoza, con el impulso y organizaci\u00f3n del M\u00e1ster en Derecho de los Deportes de Monta\u00f1a y con la colaboraci\u00f3n de la FEDME, ha servido para vivir dos intensos d\u00edas de formaci\u00f3n, reflexi\u00f3n y debate sobre algunos de los principales temas de preocupaci\u00f3n para el colectivo monta\u00f1ero.<br \/>\nLa primera jornada tuvo dos partes bien diferenciadas, mientras que la ma\u00f1ana estuvo centrada en al an\u00e1lisis de la prevenci\u00f3n y la accidentalidad en monta\u00f1a, la tarde se dedic\u00f3 en exclusiva al estudio de las implicaciones de la Responsabilidad Civil en las actividades desarrolladas en la naturaleza. El \u00faltimo d\u00eda del seminario se cambi\u00f3 de din\u00e1mica para afrontar, de manera m\u00e1s breve e individualizada, algunos de los asuntos m\u00e1s problem\u00e1ticos relacionados con los deportes de monta\u00f1a (menores, estaciones de esqu\u00ed, cobro de los rescates y realizaci\u00f3n de atestados en los mismo, seguros, \u2026).<br \/>\nLas ponencias se desarrollaron en un ambiente distendido y participativo, por lo que los alumnos pudieron resolver todas sus dudas en las diferentes materias y establecerse interesantes debates.<br \/>\nEn definitiva, han sido dos d\u00edas de aprovechamiento para la reflexi\u00f3n, el conocimiento y el intercambio de ideas que esperemos den sus frutos y tengan continuidad.<\/p>\n<p>Fuente: I\u00f1igo Ayll\u00f3n Navarro<\/p>\n","protected":false},"excerpt":{"rendered":"<p>Se han vivido dos intensos d\u00edas de formaci\u00f3n, reflexi\u00f3n y debate sobre los principales temas que preocupan al colectivo monta\u00f1ero. Con la presencia de 25 participantes provenientes de 10 comunidades aut\u00f3nomas (Galicia, Comunidad Valenciana, Euskadi, Murcia, Navarra, Cantabria, Castilla-Le\u00f3n, Andaluc\u00eda, Catalunya y Arag\u00f3n) se celebr\u00f3 en Zaragoza los pasados d\u00edas 12 y 13 de septiembre [&hellip;]<\/p>\n","protected":false},"author":7743,"featured_media":884,"comment_status":"open","ping_status":"open","sticky":false,"template":"","format":"standard","meta":{"_et_pb_use_builder":"","_et_pb_old_content":"","_et_gb_content_width":"","footnotes":""},"categories":[2,10],"tags":[],"class_list":["post-882","post","type-post","status-publish","format-standard","has-post-thumbnail","hentry","category-montanismo","category-noticias","et-has-post-format-content","et_post_format-et-post-format-standard"],"_links":{"self":[{"href":"https:\/\/www.grupocondor.org\/index.php?rest_route=\/wp\/v2\/posts\/882","targetHints":{"allow":["GET"]}}],"collection":[{"href":"https:\/\/www.grupocondor.org\/index.php?rest_route=\/wp\/v2\/posts"}],"about":[{"href":"https:\/\/www.grupocondor.org\/index.php?rest_route=\/wp\/v2\/types\/post"}],"author":[{"embeddable":true,"href":"https:\/\/www.grupocondor.org\/index.php?rest_route=\/wp\/v2\/users\/7743"}],"replies":[{"embeddable":true,"href":"https:\/\/www.grupocondor.org\/index.php?rest_route=%2Fwp%2Fv2%2Fcomments&post=882"}],"version-history":[{"count":1,"href":"https:\/\/www.grupocondor.org\/index.php?rest_route=\/wp\/v2\/posts\/882\/revisions"}],"predecessor-version":[{"id":885,"href":"https:\/\/www.grupocondor.org\/index.php?rest_route=\/wp\/v2\/posts\/882\/revisions\/885"}],"wp:featuredmedia":[{"embeddable":true,"href":"https:\/\/www.grupocondor.org\/index.php?rest_route=\/wp\/v2\/media\/884"}],"wp:attachment":[{"href":"https:\/\/www.grupocondor.org\/index.php?rest_route=%2Fwp%2Fv2%2Fmedia&parent=882"}],"wp:term":[{"taxonomy":"category","embeddable":true,"href":"https:\/\/www.grupocondor.org\/index.php?rest_route=%2Fwp%2Fv2%2Fcategories&post=882"},{"taxonomy":"post_tag","embeddable":true,"href":"https:\/\/www.grupocondor.org\/index.php?rest_route=%2Fwp%2Fv2%2Ftags&post=882"}],"curies":[{"name":"wp","href":"https:\/\/api.w.org\/{rel}","templated":true}]}}