{"id":918,"date":"2014-01-24T02:39:15","date_gmt":"2014-01-24T02:39:15","guid":{"rendered":"http:\/\/webs.almeritek.com\/grupocondor.org\/?p=918"},"modified":"2015-01-14T03:01:16","modified_gmt":"2015-01-14T03:01:16","slug":"iv-travesia-infantil-juvenil-almeria-2014-parque-natural-de-cabo-gata-nijar","status":"publish","type":"post","link":"https:\/\/www.grupocondor.org\/?p=918","title":{"rendered":"IV Traves\u00eda Infantil Juvenil Almer\u00eda 2014 (Parque Natural de Cabo Gata-Nijar)"},"content":{"rendered":"<p>1. Lugar: Sendero de Requena-Rodalquilar. Parque Natural de Cabo de Gata. Municipio de Nijar (Almer\u00eda).<\/p>\n<p>2. Fecha: S\u00e1bado, 15 de febrero de 2014.<\/p>\n<p>3. Organizaci\u00f3n y colaboradores:<\/p>\n<p>Organizan: Club de Monta\u00f1ismo C\u00f3ndor y la Federaci\u00f3n Andaluza de Monta\u00f1ismo.<br \/>\nColaboran: Patronato Municipal de Deportes del Ayuntamiento de Almer\u00eda, la Consejer\u00eda de Cultura y Deporte de la Junta de Andaluc\u00eda, el Ayuntamiento de Nijar, y Protecci\u00f3n Civil de Nijar.<\/p>\n<p>4. Objetivos:<\/p>\n<p>Esta actividad es una de las pruebas de la Copa Andaluza de Traves\u00edas Infantiles Juveniles por clubes de la Federaci\u00f3n Andaluza de Monta\u00f1ismo.<br \/>\nEs una marcha de promoci\u00f3n competitiva por clubes, no se compite de forma individual, no por el orden de llegada, sino por llegar.<br \/>\nLos objetivos espec\u00edficos que se persigue son:<\/p>\n<p>\u25cf Premiar la regularidad, el esfuerzo y el esp\u00edritu de equipo de los participantes.<br \/>\n\u25cf Fomentar y promocionar la participaci\u00f3n de deportistas pertenecientes a nuestra Federaci\u00f3n.<br \/>\n\u25cf Respetar, conservar y valorar el medio ambiente.<br \/>\n\u25cf Adquirir h\u00e1bitos saludables: dosificaci\u00f3n del esfuerzo, alimentaci\u00f3n adecuada, ritmo adecuado a las capacidades f\u00edsicas en funci\u00f3n de sus necesidades, \u2026\u2026.<br \/>\n\u25cf Conocer, aprender y disfrutar los caminos, senderos, veredas y rutas de los sistemas monta\u00f1osos andaluces, as\u00ed como la variedad paisaj\u00edstica, flora y fauna de las Sierras de Andaluc\u00eda.<br \/>\n\u25cf Fomentar la convivencia, las relaciones humanas y la actitud deportiva entre los participantes.<\/p>\n<p>5. Participantes:<\/p>\n<p>\u25cf N\u00famero limitado de plazas a 100 participantes, por riguroso orden de inscripci\u00f3n.<br \/>\n\u25cf Se consideran participantes los menores (infantiles y juveniles) y los mayores que acompa\u00f1an a estos.<br \/>\n\u25cf Y como deportistas puntuables a todos los participantes infantiles y juveniles que deber\u00e1n estar en posesi\u00f3n de la licencia federativa del a\u00f1o en curso.<br \/>\n\u25cf Los infantiles y juveniles tendr\u00e1n que ir acompa\u00f1ados y bajo la supervisi\u00f3n de sus padres o tutores.<br \/>\n\u25cf Los participantes mayores deber\u00e1n de entregar la declaraci\u00f3n jurada de no padecer enfermedad o impedimento para realizar dicha traves\u00eda.<br \/>\n\u25cf Los menores de edad deber\u00e1n entregar autorizaci\u00f3n \/ declaraci\u00f3n jurada firmada por los padres o tutores de no padecer enfermedad o impedimento para realizar dicha traves\u00eda (se entregar\u00e1 en la recepci\u00f3n el d\u00eda de la prueba o podr\u00e1n remitirla escaneada, y debidamente firmada por los padres o tutores, al correo electr\u00f3nico: <a href=\"mailto:secretaria@grupocondor.org\">secretaria@grupocondor.org<\/a> o al fax 950 \/26.49.69).<\/p>\n<p>6. Cuota de inscripci\u00f3n:<\/p>\n<p>\u25cf 10 \u20ac para federados.<br \/>\n\u25cf 18 \u20ac para no federados.<br \/>\n\u25cf No se tendr\u00e1 derecho a la devoluci\u00f3n del importe de inscripci\u00f3n despu\u00e9s de las 20:30 h. del d\u00eda 11 de febrero de 2014.<\/p>\n<p>7. Como inscribirse:<\/p>\n<p>\u25cf Apertura y cierre del plazo de inscripci\u00f3n:<br \/>\nFederados: Del 24 de Enero al11 de febrero de 2014.<br \/>\nNo federados: Del 27de Enero al 11 de febrero de 2014.<\/p>\n<p>O hasta que se completen las 100 plazas.<\/p>\n<p>\u25cf Pasos a seguir:<br \/>\n1. La inscripci\u00f3n ser\u00e1 realizada rellenando la Hoja de Inscripci\u00f3n, que se puede descargar de la p\u00e1gina web del Club de Monta\u00f1ismo C\u00f3ndor: <a title=\"www.grupocondor.es\" href=\"http:\/\/www.grupocondor.es\/\">www.grupocondor.es<\/a><br \/>\n2. Hacer el ingreso en la Cuenta Corriente que el Club de Monta\u00f1ismo C\u00f3ndor tiene en UNICAJA, n\u00ba ES67.2103.5002.72.0300027972. Poner como concepto el nombre y los apellidos.<br \/>\n3. Enviar la Hoja de Inscripci\u00f3n y el justificante del ingreso al correo electr\u00f3nico:<a href=\"mailto:secretaria@grupocondor.org\">secretaria@grupocondor.org<\/a><br \/>\n4. Los solicitantes no quedaran inscritos hasta que se les comunique por correo electr\u00f3nico.<\/p>\n<p>\u25cf Para la inscripci\u00f3n de grupos tenemos una Hoja de Inscripci\u00f3n para Clubes, que encontrar\u00e9is en la p\u00e1gina web de C\u00f3ndor, en la que pod\u00e9is agrupar a las personas que vengan en el mismo grupo.<\/p>\n<p>8. Recepci\u00f3n e inicio:<\/p>\n<p>\u25cf La recepci\u00f3n ser\u00e1 a partir de las 08,30 horas del d\u00eda 15 de febrero en un lugar a\u00fan por determinar de Nijar (casi con toda seguridad Los Escullos) . Donde se realizar\u00e1 la identificaci\u00f3n de los participantes, presentando la licencia federativa en vigor, se les dar\u00e1 la hoja de control, donde aparece el n\u00famero de dorsal, entregar\u00e1n la declaraci\u00f3n jurada firmada y se les entregar\u00e1 el rut\u00f3metro, planos del recorrido.<br \/>\n\u25cf La salida ser\u00e1 a las 09,30 h. En el panel del inicio del Sendero de Requena, cercano a La Isleta del Moro<br \/>\n\u25cf La duraci\u00f3n de la prueba ser\u00e1 aproximadamente de unas 4, 30 h horas.<\/p>\n<p>9. Final de recorrido, lugar del almuerzo y Acto protocolario fin de prueba:<\/p>\n<p>\u25cf Se determinar\u00e1 lugar.<\/p>\n<p>10. Reglamento:<\/p>\n<p>\u25cf Podr\u00e1n participar federados y no federados. Los federados podr\u00e1n inscribirse tres d\u00edas antes que lo puedan hacer los no federados (24 de Enero). A partir del 27 de Enero tendr\u00e1n igualdad para inscribirse los federados y los no federados.<br \/>\n\u25cf La participaci\u00f3n estar\u00e1 limitada a 100 personas. Siendo ampliable seg\u00fan lo estime la organizaci\u00f3n y siempre que no modifique las caracter\u00edsticas propias de la prueba.<br \/>\n\u25cf Se requiere buena condici\u00f3n f\u00edsica, y equipamiento adecuado para lluvia y viento.<br \/>\n\u25cf Se levantar\u00e1 acta de los participantes y se har\u00e1 constar relaci\u00f3n de finalistas y de abandonos.<br \/>\n\u25cf En la recepci\u00f3n ser\u00e1 obligatoria, la presentaci\u00f3n del DNI junto con la tarjeta federativa de monta\u00f1a en vigor.<br \/>\n\u25cf Miembros de la organizaci\u00f3n marcar\u00e1n el ritmo de marcha para garantizar el horario previsto. Ning\u00fan marchador lo sobrepasar\u00e1. Habr\u00e1 var\u00edas v\u00edas de escape para aquellos que deseen abandonar la prueba.<br \/>\n\u25cf El itinerario est\u00e1 exento de dificultad t\u00e9cnica.<br \/>\n\u25cf Se deber\u00e1n respetar las normas b\u00e1sicas de deportividad, de compa\u00f1erismo y de respeto a la naturaleza.<br \/>\n\u25cf El participante depositar\u00e1 sus desperdicios (latas, basuras, papeles, &#8230;&#8230;) en los lugares se\u00f1alados por la organizaci\u00f3n.<br \/>\n\u25cf Toda la prueba estar\u00e1 cubierta por miembros de Protecci\u00f3n Civil de Nijar.<br \/>\n\u25cf La prueba si la organizaci\u00f3n lo ve conveniente podr\u00e1 suspenderla por mal tiempo.<br \/>\n\u25cf La organizaci\u00f3n se reserva el derecho de modificar tanto el recorrido como el presente reglamento si por alg\u00fan motivo fuese necesario.<br \/>\n\u25cf Habr\u00e1n de respetarse las normas propias de un entorno natural, en orden a no alterar el entorno f\u00edsico, la flora y la fauna que puedan verse afectadas durante el desarrollo de la prueba. Est\u00e1 totalmente prohibido recolectar plantas y\/o frutos, as\u00ed como arrojar cualquier basura.<br \/>\n\u25cf La organizaci\u00f3n proporcionar\u00e1 desayuno a la salida, dos avituallamientos y una comida final al terminar la prueba.<br \/>\n\u25cf La participaci\u00f3n en esta prueba conlleva la aceptaci\u00f3n del presente Reglamento.<\/p>\n<p>11. Pabell\u00f3n para pernoctar la noche del Viernes, 14 de Febrero:<\/p>\n<p>La organizaci\u00f3n pondr\u00e1 a disposici\u00f3n de los participantes que lo soliciten, una instalaci\u00f3n para dormir, para la noche del viernes, 14 de febrero. Debiendo cada participante traer su esterilla y saco correspondiente. La forma y el lugar est\u00e1 por determinar<br \/>\nPara ello en la inscripci\u00f3n deber\u00e1 rellenar la opci\u00f3n de dormir.<br \/>\nQueremos dar preferencia a los que vienen de m\u00e1s lejos, y facilitar su asistencia. Los que est\u00e9n interesados ponerse en contacto con la Organizaci\u00f3n.<\/p>\n<p>12. Clausura de la prueba:<\/p>\n<p>Se entregar\u00e1n diploma y obsequio para todos los ni\u00f1os y mayores participantes que finalicen la prueba.<br \/>\nTambi\u00e9n se entregar\u00e1n trofeos a los tres grupos m\u00e1s numerosos, y al participante m\u00e1s j\u00f3ven.<br \/>\nEntrega de obsequio a todos los clubes participantes.<\/p>\n<p>13. Recorrido:<\/p>\n<p>El Itinerario transcurre por el Parque Natural de Cabo de Gata-Nijar, inicia a unos 600 metros del cruce de la Isleta del Moro, en direcci\u00f3n por la carretera que nos lleva hasta Rodalquilar. Ascenderemos hasta el Cortijo de La Rellana. Iremos ganado altura y podremos disfrutar de las vistas de esta maravillosa costa. Continuamos por pista hasta el pico donde se encuentra un radar meteorol\u00f3gico, con forma esf\u00e9rica. Antes de llegar al Cortijo Requena dejamos la pista y descendemos por el Barranco de Requena, destacando los palmitos. Llegamos al cruce con el camino de Los Albaricoques y Rodalquilar, continuando hasta este \u00faltimo pueblo minero.<br \/>\nEs un sendero lineal.<br \/>\nTiene una dificultad baja.<br \/>\nCon una longitud de 11,7 km. para los Infantiles y Juveniles.<br \/>\nEn caso de que el n\u00famero de participantes Juveniles sea suficientemente alto se llevar\u00e1 a cabo una variante, en caso contrario los participantes Juveniles realizar\u00e1n la misma prueba que los Infantiles. Tanto Infantiles como Juveniles comenzar\u00e1n juntos.<br \/>\nSiendo el tiempo estimado para su recorrido de unas 04,30 horas.<br \/>\nAltitud m\u00e1xima que alcanzamos. 458 mts.<\/p>\n<p>14. Para m\u00e1s informaci\u00f3n:<\/p>\n<p>Club de Monta\u00f1ismo C\u00f3ndor. C\/ La Curva, 5. 04007 Almer\u00eda.<br \/>\nP\u00e1ginas Web: <a title=\"www.grupocondor.es\" href=\"http:\/\/www.grupocondor.es\/\">www.grupocondor.es<\/a> y <a title=\"www.fedamon.com\" href=\"http:\/\/www.fedamon.com\/\">www.fedamon.com<\/a><br \/>\nCorreo electr\u00f3nico: <a href=\"mailto:secretaria@grupocondor.org\">secretaria@grupocondor.org<\/a><br \/>\nTel\u00e9fono: 950 \/ 25.53.78. Horario: De 18,00 a 20,00 horas. De Lunes a Viernes.<br \/>\nM\u00f3viles: M\u00aa del Carmen Pe\u00f1a: 634\/66.26.66.<br \/>\nFax: 950 \/ 26.49.69.<\/p>\n<p><strong>Documentos Adjuntos:<\/strong><\/p>\n<p><a href=\"http:\/\/webs.almeritek.com\/grupocondor.org\/wp-content\/uploads\/2015\/01\/1-DECLARACION-JURADA-REQUENA-NIJAR-2014-Mayores-18-a\u00f1os.doc\">1 DECLARACION JURADA REQUENA-NIJAR 2014 (Mayores 18 a\u00f1os)<\/a><\/p>\n<p><a href=\"http:\/\/webs.almeritek.com\/grupocondor.org\/wp-content\/uploads\/2015\/01\/2-DECLARACION-JURADA-REQUENA-NIJAR-2014-Menores.doc\">2 DECLARACION JURADA REQUENA-NIJAR 2014 (Menores)<\/a><\/p>\n<p><a href=\"http:\/\/webs.almeritek.com\/grupocondor.org\/wp-content\/uploads\/2015\/01\/Hoja-de-Inscripci\u00f3n-individual-Requena-NIJAR-2014.doc\">Hoja de Inscripci\u00f3n individual Requena NIJAR 2014<\/a><\/p>\n<p><a href=\"http:\/\/webs.almeritek.com\/grupocondor.org\/wp-content\/uploads\/2015\/01\/Inscripciones-clubes-de-monta\u00f1ismo-Requena-NIJAR-2014.doc\">Inscripciones clubes de monta\u00f1ismo Requena NIJAR 2014<\/a><\/p>\n<p><a href=\"http:\/\/webs.almeritek.com\/grupocondor.org\/wp-content\/uploads\/2015\/01\/Programa-y-Reglamento-CATIJ-Almeria-Requena-2014.pdf\">Programa y Reglamento CATIJ Almeria Requena 2014<\/a><\/p>\n","protected":false},"excerpt":{"rendered":"<p>1. Lugar: Sendero de Requena-Rodalquilar. Parque Natural de Cabo de Gata. Municipio de Nijar (Almer\u00eda). 2. Fecha: S\u00e1bado, 15 de febrero de 2014. 3. Organizaci\u00f3n y colaboradores: Organizan: Club de Monta\u00f1ismo C\u00f3ndor y la Federaci\u00f3n Andaluza de Monta\u00f1ismo. Colaboran: Patronato Municipal de Deportes del Ayuntamiento de Almer\u00eda, la Consejer\u00eda de Cultura y Deporte de la [&hellip;]<\/p>\n","protected":false},"author":7743,"featured_media":925,"comment_status":"open","ping_status":"open","sticky":false,"template":"","format":"standard","meta":{"_et_pb_use_builder":"","_et_pb_old_content":"","_et_gb_content_width":"","footnotes":""},"categories":[8,2],"tags":[],"class_list":["post-918","post","type-post","status-publish","format-standard","has-post-thumbnail","hentry","category-actividades","category-montanismo","et-has-post-format-content","et_post_format-et-post-format-standard"],"_links":{"self":[{"href":"https:\/\/www.grupocondor.org\/index.php?rest_route=\/wp\/v2\/posts\/918","targetHints":{"allow":["GET"]}}],"collection":[{"href":"https:\/\/www.grupocondor.org\/index.php?rest_route=\/wp\/v2\/posts"}],"about":[{"href":"https:\/\/www.grupocondor.org\/index.php?rest_route=\/wp\/v2\/types\/post"}],"author":[{"embeddable":true,"href":"https:\/\/www.grupocondor.org\/index.php?rest_route=\/wp\/v2\/users\/7743"}],"replies":[{"embeddable":true,"href":"https:\/\/www.grupocondor.org\/index.php?rest_route=%2Fwp%2Fv2%2Fcomments&post=918"}],"version-history":[{"count":1,"href":"https:\/\/www.grupocondor.org\/index.php?rest_route=\/wp\/v2\/posts\/918\/revisions"}],"predecessor-version":[{"id":926,"href":"https:\/\/www.grupocondor.org\/index.php?rest_route=\/wp\/v2\/posts\/918\/revisions\/926"}],"wp:featuredmedia":[{"embeddable":true,"href":"https:\/\/www.grupocondor.org\/index.php?rest_route=\/wp\/v2\/media\/925"}],"wp:attachment":[{"href":"https:\/\/www.grupocondor.org\/index.php?rest_route=%2Fwp%2Fv2%2Fmedia&parent=918"}],"wp:term":[{"taxonomy":"category","embeddable":true,"href":"https:\/\/www.grupocondor.org\/index.php?rest_route=%2Fwp%2Fv2%2Fcategories&post=918"},{"taxonomy":"post_tag","embeddable":true,"href":"https:\/\/www.grupocondor.org\/index.php?rest_route=%2Fwp%2Fv2%2Ftags&post=918"}],"curies":[{"name":"wp","href":"https:\/\/api.w.org\/{rel}","templated":true}]}}